{"id":41684,"date":"2021-11-05T16:17:58","date_gmt":"2021-11-05T22:17:58","guid":{"rendered":"https:\/\/redsemlac.com\/semmexico\/?p=41684"},"modified":"2023-07-21T18:47:49","modified_gmt":"2023-07-21T23:47:49","slug":"pronunciamiento-publico-de-cndh-en-memoria-de-ernestina-ascencio-rosario-y-reparacion-del-dano-a-comunidad-indigena-de-soledad-atzompa-veracruz","status":"publish","type":"post","link":"https:\/\/redsemlac.com\/semmexico\/pronunciamiento-publico-de-cndh-en-memoria-de-ernestina-ascencio-rosario-y-reparacion-del-dano-a-comunidad-indigena-de-soledad-atzompa-veracruz\/","title":{"rendered":"Pronunciamiento p\u00fablico de CNDH en memoria de Ernestina Ascencio Rosario y reparaci\u00f3n del da\u00f1o a comunidad ind\u00edgena de Soledad Atzompa, Veracruz"},"content":{"rendered":"\n<ul class=\"wp-block-list\"><li><strong>En 2007 se encubri\u00f3 a integrantes del Ej\u00e9rcito y se desestim\u00f3 la agresi\u00f3n que gener\u00f3 la muerte de la ind\u00edgena n\u00e1huatl<\/strong><\/li><\/ul>\n\n\n\n<ul class=\"wp-block-list\"><li><strong>Ahora la CNDH hace un firme llamado a las autoridades para reconocer la recomendaci\u00f3n 34\/2007<\/strong><\/li><\/ul>\n\n\n\n<p class=\"wp-block-paragraph\"><strong>Elda Montiel<\/strong><\/p>\n\n\n\n<p class=\"wp-block-paragraph\">SemM\u00e9xico, Cd. de M\u00e9xico, 5 de noviembre 2021.- La Comisi\u00f3n Nacional de los Derechos Humanos (CNDH) da a conocer el \u201cInforme de la recomendaci\u00f3n 34\/2007: Memoria, verdad, justicia y reparaci\u00f3n\u201d como el instrumento para trazar el camino para dignificar la memoria de Ernestina Ascencio Rosario, mujer ind\u00edgena n\u00e1huatl de 73 a\u00f1os que falleci\u00f3 en febrero del 2007 a causa de las agresiones cometidas en su contra por miembros del 63\u00ba Batall\u00f3n de Infanter\u00eda del Ej\u00e9rcito y falta de atenci\u00f3n m\u00e9dica oportuna.<\/p>\n\n\n\n<p class=\"wp-block-paragraph\">Esta resoluci\u00f3n de la CNDH sale a la luz 14 a\u00f1os despu\u00e9s y luego de que las autoridades locales y federales, esta comisi\u00f3n y otras instancias desestimaron la denuncia de la familia de Ascencio Rosario. Entonces el presidente de la CNDH, Jos\u00e9 Luis Soberanes intent\u00f3 distraer la atenci\u00f3n; sostuvo que la ind\u00edgena n\u00e1huatl hab\u00eda muerto de gastritis, lo que en p\u00fablico sostuvo el presidente Felipe Calder\u00f3n. El m\u00e9dico que practic\u00f3 la necropsia fue perseguido y destituido, no obstante, las numerosas denuncias y apoyos p\u00fablicos de defensoras y defensores de Derechos Humanos.<\/p>\n\n\n\n<p class=\"wp-block-paragraph\">Ahora la CNDH lanz\u00f3 una recomendaci\u00f3n en\u00e9rgica a las autoridades y sustanci\u00f3 una resoluci\u00f3n. Dice que se preocupa por el contexto de violencia estructural generalizada por el que atraviesa el pa\u00eds, al cual se suma el uso de la fuerza por parte de elementos del Ej\u00e9rcito Mexicano.<\/p>\n\n\n\n<p class=\"wp-block-paragraph\">La CNDH hace uno firme llamado a la Fiscal\u00eda General del Estado de Veracruz, a la Secretar\u00eda de Salud de Veracruz y al Ejecutivo del Estado para que, en el \u00e1mbito de su competencia, acepten la Recomendaci\u00f3n 45VG\/2021 que fue emitida, el 24 de agosto del 2021, por la Comisi\u00f3n Nacional por las violaciones graves a los derechos humanos de Ernestina Ascencio Rosario, de su familia y de las personas que integran la comunidad de Soledad Atzompa, Veracruz, el pueblo donde fue agredida.<\/p>\n\n\n\n<p class=\"wp-block-paragraph\">Se\u00f1ala la CNDH en una declaraci\u00f3n apretada que se analizan las acciones y omisiones realizadas por las dependencias y organismos que intervinieron en la investigaci\u00f3n del caso de la se\u00f1ora Ernestina Ascencio Rosario, en 2007, donde hubo contubernio.<\/p>\n\n\n\n<p class=\"wp-block-paragraph\">El 18 de marzo de 2020, la presidenta de la CNDH, Rosario Piedra Ibarra, emiti\u00f3 un acuerdo con el que instruy\u00f3 a todas las \u00e1reas sustantivas de la CNDH a realizar una revisi\u00f3n sobre los expedientes del caso, atendiendo el reclamo de los familiares de la se\u00f1ora Ascencio y de personas exfuncionarias p\u00fablicas que participaron directamente en la revisi\u00f3n del caso.<\/p>\n\n\n\n<p class=\"wp-block-paragraph\">Se destaca que lo ocurrido alrededor del caso de Ernestina Ascencio Rosario deja claro que la prioridad para el gobierno federal de ese entonces fue la militarizaci\u00f3n de las principales regiones ind\u00edgenas del pa\u00eds con la justificaci\u00f3n de la seguridad del Estado.<\/p>\n\n\n\n<figure class=\"wp-block-image size-large\"><a href=\"https:\/\/redsemlac.com\/semmexico\/wp-content\/uploads\/2021\/11\/ernestina-2.jpg\"><img decoding=\"async\" src=\"https:\/\/redsemlac.com\/semmexico\/wp-content\/uploads\/2021\/11\/ernestina-2-1024x538.jpg\" alt=\"\" class=\"wp-image-41687\"\/><\/a><\/figure>\n\n\n\n<p class=\"wp-block-paragraph\">Para el organismo los derechos a la verdad, a la justicia y a la reparaci\u00f3n integral son la respuesta que permite el esclarecimiento, la investigaci\u00f3n, el juzgamiento y la sanci\u00f3n de los casos de violaciones graves a los derechos humanos por parte de autoridades gubernamentales.<\/p>\n\n\n\n<p class=\"wp-block-paragraph\">El Informe hace un an\u00e1lisis cr\u00edtico-constructivo del expediente de queja 2007\/901\/2\/Q abierto a nombre de Ernestina Ascencio Rosario (sobre las violaciones a sus derechos humanos que causaron su deceso), una mujer v\u00edctima de violencia y tortura sexual, que vivi\u00f3 en carne propia las vejaciones cuando se dispuso de su cuerpo, porque lo consideraron disponible.<\/p>\n\n\n\n<p class=\"wp-block-paragraph\">Considera el organismo que el Informe confirma que Ernestina Ascencio Rosario y sus familiares fueron invisibles para las leyes mexicanas y para quienes encabezaban entonces esta Comisi\u00f3n Nacional de los Derechos Humanos, neg\u00e1ndoles el derecho a la verdad, a la justicia y a la reparaci\u00f3n integral.<\/p>\n\n\n\n<p class=\"wp-block-paragraph\">La CNDH se\u00f1ala enf\u00e1ticamente que no permitir\u00e1 el olvido; que seguir\u00e1 impulsando la justicia y el dise\u00f1o de pol\u00edticas p\u00fablicas que atiendan las violencias que viven las mujeres, especialmente la violencia institucional.<\/p>\n\n\n\n<figure class=\"wp-block-image size-large\"><a href=\"https:\/\/redsemlac.com\/semmexico\/wp-content\/uploads\/2021\/11\/ernestina.jpg\"><img decoding=\"async\" src=\"https:\/\/redsemlac.com\/semmexico\/wp-content\/uploads\/2021\/11\/ernestina-1024x590.jpg\" alt=\"\" class=\"wp-image-41689\"\/><\/a><\/figure>\n\n\n\n<p class=\"wp-block-paragraph\">\u201cSeguimos trabajando para enfrentar la impunidad de los perpetradores y eliminar los obst\u00e1culos que todav\u00eda enfrenta nuestra sociedad para el ejercicio pleno de sus derechos humanos\u201d.<\/p>\n\n\n\n<p class=\"wp-block-paragraph\">Significa que la Comisi\u00f3n Nacional actuar\u00e1 en consecuencia por las omisiones, falta de profesionalismo, contubernios y abuso de autoridad por parte de las personas funcionarias p\u00fablicas responsables de la investigaci\u00f3n y determinaci\u00f3n de la recomendaci\u00f3n 34\/2007.<\/p>\n\n\n\n<p class=\"wp-block-paragraph\">De igual forma, esta Comisi\u00f3n Nacional externa su preocupaci\u00f3n respecto al contexto de violencia estructural generalizada por el que atraviesa el pa\u00eds, al cual se suma el uso de la fuerza por parte de elementos del Ej\u00e9rcito Mexicano.<\/p>\n","protected":false},"excerpt":{"rendered":"<p>En 2007 se encubri\u00f3 a integrantes del Ej\u00e9rcito y se desestim\u00f3 la agresi\u00f3n que gener\u00f3 la muerte de la ind\u00edgena n\u00e1huatl<\/p>\n","protected":false},"author":3,"featured_media":41688,"comment_status":"open","ping_status":"open","sticky":false,"template":"","format":"standard","meta":{"_monsterinsights_skip_tracking":false,"footnotes":""},"categories":[692,51],"tags":[],"class_list":["post-41684","post","type-post","status-publish","format-standard","has-post-thumbnail","category-692","category-ejecutivo"],"_links":{"self":[{"href":"https:\/\/redsemlac.com\/semmexico\/wp-json\/wp\/v2\/posts\/41684","targetHints":{"allow":["GET"]}}],"collection":[{"href":"https:\/\/redsemlac.com\/semmexico\/wp-json\/wp\/v2\/posts"}],"about":[{"href":"https:\/\/redsemlac.com\/semmexico\/wp-json\/wp\/v2\/types\/post"}],"author":[{"embeddable":true,"href":"https:\/\/redsemlac.com\/semmexico\/wp-json\/wp\/v2\/users\/3"}],"replies":[{"embeddable":true,"href":"https:\/\/redsemlac.com\/semmexico\/wp-json\/wp\/v2\/comments?post=41684"}],"version-history":[{"count":0,"href":"https:\/\/redsemlac.com\/semmexico\/wp-json\/wp\/v2\/posts\/41684\/revisions"}],"wp:featuredmedia":[{"embeddable":true,"href":"https:\/\/redsemlac.com\/semmexico\/wp-json\/wp\/v2\/media\/41688"}],"wp:attachment":[{"href":"https:\/\/redsemlac.com\/semmexico\/wp-json\/wp\/v2\/media?parent=41684"}],"wp:term":[{"taxonomy":"category","embeddable":true,"href":"https:\/\/redsemlac.com\/semmexico\/wp-json\/wp\/v2\/categories?post=41684"},{"taxonomy":"post_tag","embeddable":true,"href":"https:\/\/redsemlac.com\/semmexico\/wp-json\/wp\/v2\/tags?post=41684"}],"curies":[{"name":"wp","href":"https:\/\/api.w.org\/{rel}","templated":true}]}}