{"id":41681,"date":"2021-11-05T16:15:44","date_gmt":"2021-11-05T22:15:44","guid":{"rendered":"https:\/\/redsemlac.com\/semmexico\/?p=41681"},"modified":"2023-07-21T18:47:49","modified_gmt":"2023-07-21T23:47:49","slug":"llamado-de-onu-a-los-estados-a-investigar-y-procesar-la-violencia-de-genero-en-linea-contra-las-periodistas","status":"publish","type":"post","link":"https:\/\/redsemlac.com\/semmexico\/llamado-de-onu-a-los-estados-a-investigar-y-procesar-la-violencia-de-genero-en-linea-contra-las-periodistas\/","title":{"rendered":"Llamado de ONU a los Estados a investigar y procesar la violencia de g\u00e9nero en l\u00ednea contra las periodistas"},"content":{"rendered":"\n<ul class=\"wp-block-list\"><li><strong>Los delitos contra periodistas buscan intimidar y silenciar a quienes se atreven a buscar y exponer la verdad<\/strong><\/li><\/ul>\n\n\n\n<p class=\"wp-block-paragraph\"><strong>Elda Montiel<\/strong><\/p>\n\n\n\n<p class=\"wp-block-paragraph\">SemM\u00e9xico, Cd. de M\u00e9xico, 5 de noviembre 2021.- Las expertas de la Organizaci\u00f3n de las Naciones Unidas hicieron un llamado a los Estados para que proh\u00edban, investiguen y procesen la violencia de g\u00e9nero en l\u00ednea y fuera de l\u00ednea contra las mujeres periodistas, ya que estos est\u00e1n relacionados con su labor informativa a menos que se demuestre lo contrario.<\/p>\n\n\n\n<p class=\"wp-block-paragraph\">Consideran que tanto los Estados como las empresas deben incluir una perspectiva de g\u00e9nero en todas las iniciativas encaminadas a crear un entorno seguro y propicio para los medios de comunicaci\u00f3n independientes, diversos y pluralistas.<\/p>\n\n\n\n<p class=\"wp-block-paragraph\">Enfatizan que en un mundo cada vez m\u00e1s digitalizado, los Estados deben garantizar que todos los periodistas, tanto mujeres como hombres, sean libres de realizar su labor vital sin amenazas, intimidaci\u00f3n o cualquier forma de represalia en l\u00ednea o fuera de l\u00ednea\u201d.<\/p>\n\n\n\n<p class=\"wp-block-paragraph\">La declaraci\u00f3n de las relatoras especiales Irene Khan, experta en la libertad de opini\u00f3n y expresi\u00f3n; Morris Tidball-Binz, experta en ejecuciones&nbsp; extrajudiciales, sumarias o arbitrarias, y Reem Alsalem, experta sobre la violencia contra la mujer, sus causas y consecuencias se da en el marco de la celebraci\u00f3n del \u201cD\u00eda Internacional para Poner Fin a la Impunidad de los Cr\u00edmenes contra Periodistas\u201d, fecha que estableci\u00f3 Naciones Unidas en conmemoraci\u00f3n del asesinato de dos periodistas franceses en Mal\u00ed en 2013.<\/p>\n\n\n\n<p class=\"wp-block-paragraph\">Exponen que las amenazas a la seguridad de los periodistas, lejos de disminuir, han tomado nuevas formas en&nbsp;la era digital especialmente para las mujeres periodistas. Las mujeres, incluidas las pertenecientes a grupos minoritarios, corren un riesgo mucho mayor de sufrir ataques sexuales y violencia de g\u00e9nero en l\u00ednea, incluido el acoso en l\u00ednea, el trolling, el doxing, la violaci\u00f3n y las amenazas de muerte.<\/p>\n\n\n\n<p class=\"wp-block-paragraph\">Destacan que la falta de investigaci\u00f3n y de atenci\u00f3n a los ataques en l\u00ednea tiene consecuencias en la vida real para las mujeres periodistas, afectando su salud mental y f\u00edsica, socavando su confianza y autonom\u00eda, estigmatiz\u00e1ndolas y generando miedo, verg\u00fcenza y da\u00f1o reputacional y profesional.<\/p>\n\n\n\n<p class=\"wp-block-paragraph\">En casos extremos, las amenazas en l\u00ednea pueden escalar a violencia f\u00edsica e incluso a asesinatos, como demostr\u00f3 el&nbsp;asesinato de Daphne Caruana Galicia, la periodista, columnista y bloguera maltesa, que fue clave en la investigaci\u00f3n sobre los Papeles de Panam\u00e1 en Malta que salpicaban al gobierno de Joseph Muscat.<\/p>\n\n\n\n<p class=\"wp-block-paragraph\">\u200bEl 16 de octubre de 2017, Caruana Galizia fue asesinada mediante una bomba lapa pegada a su coche. \u200b<\/p>\n\n\n\n<p class=\"wp-block-paragraph\">Consideran que los ataques a periodistas son un ataque al derecho de la sociedad a estar informada, al derecho a la libertad de expresi\u00f3n y a muchos otros derechos humanos, incluido el derecho a la vida y la libertad de las personas afectadas.<\/p>\n\n\n\n<p class=\"wp-block-paragraph\">Se\u00f1alan que los delitos contra periodistas buscan intimidar y silenciar a quienes se atreven a buscar y exponer la verdad.<\/p>\n\n\n\n<p class=\"wp-block-paragraph\">La seguridad de los periodistas sigue siendo precaria en todo el mundo, hombre o mujeres han sido amenazados, acosados, agredidos f\u00edsicamente, secuestrados, detenidos arbitrariamente, desaparecidos por la fuerza, torturados y asesinados, simplemente por hacer su trabajo.<\/p>\n\n\n\n<p class=\"wp-block-paragraph\"><strong>Las cifras de la UNESCO<\/strong><\/p>\n\n\n\n<p class=\"wp-block-paragraph\">De acuerdo a la investigaci\u00f3n de la UNESCO En 2018 y 2019, registr\u00f3 un total de 156 asesinatos de periodistas y trabajadores de los medios de comunicaci\u00f3n en todo el mundo.<\/p>\n\n\n\n<p class=\"wp-block-paragraph\">En 2018 se registraron 99 asesinatos, mientras que en 2019 esa cifra se redujo a 57 asesinatos, el menor n\u00famero de muertes en la \u00faltima d\u00e9cada.<\/p>\n\n\n\n<p class=\"wp-block-paragraph\">A finales de septiembre de 2020, 39 periodistas hab\u00edan sido asesinados en los primeros meses del a\u00f1o -16 en la regi\u00f3n de Am\u00e9rica Latina y el Caribe, 11 en la regi\u00f3n de Asia y el Pac\u00edfico, 7 en la regi\u00f3n de los Estados \u00c1rabes y 5 en \u00c1frica-, entre ellos 3 mujeres periodistas.<\/p>\n\n\n\n<p class=\"wp-block-paragraph\">Las cifras var\u00edan por regi\u00f3n, pero Am\u00e9rica Latina encabeza los n\u00fameros de periodistas asesinados tanto en 2018 con 26 asesinatos, como en 2019 con 23 asesinatos.<\/p>\n\n\n\n<p class=\"wp-block-paragraph\">En 2018-2019 Afganist\u00e1n, M\u00e9xico y la Rep\u00fablica \u00c1rabe Siria figuraban entre los cinco pa\u00edses con mayor n\u00famero de asesinatos. M\u00e9xico a la cabeza con 12 asesinatos en 2019 y en 2018 con 13 asesinatos despu\u00e9s de Afganist\u00e1n con 16 asesinatos.&nbsp; Lo mismo ocurri\u00f3 en el bienio anterior (2016-2017).<\/p>\n","protected":false},"excerpt":{"rendered":"<p>Los delitos contra periodistas buscan intimidar y silenciar a quienes se atreven a buscar y exponer la verdad<\/p>\n","protected":false},"author":3,"featured_media":0,"comment_status":"open","ping_status":"open","sticky":false,"template":"","format":"standard","meta":{"_monsterinsights_skip_tracking":false,"footnotes":""},"categories":[692,53],"tags":[],"class_list":["post-41681","post","type-post","status-publish","format-standard","category-692","category-internacional"],"_links":{"self":[{"href":"https:\/\/redsemlac.com\/semmexico\/wp-json\/wp\/v2\/posts\/41681","targetHints":{"allow":["GET"]}}],"collection":[{"href":"https:\/\/redsemlac.com\/semmexico\/wp-json\/wp\/v2\/posts"}],"about":[{"href":"https:\/\/redsemlac.com\/semmexico\/wp-json\/wp\/v2\/types\/post"}],"author":[{"embeddable":true,"href":"https:\/\/redsemlac.com\/semmexico\/wp-json\/wp\/v2\/users\/3"}],"replies":[{"embeddable":true,"href":"https:\/\/redsemlac.com\/semmexico\/wp-json\/wp\/v2\/comments?post=41681"}],"version-history":[{"count":0,"href":"https:\/\/redsemlac.com\/semmexico\/wp-json\/wp\/v2\/posts\/41681\/revisions"}],"wp:attachment":[{"href":"https:\/\/redsemlac.com\/semmexico\/wp-json\/wp\/v2\/media?parent=41681"}],"wp:term":[{"taxonomy":"category","embeddable":true,"href":"https:\/\/redsemlac.com\/semmexico\/wp-json\/wp\/v2\/categories?post=41681"},{"taxonomy":"post_tag","embeddable":true,"href":"https:\/\/redsemlac.com\/semmexico\/wp-json\/wp\/v2\/tags?post=41681"}],"curies":[{"name":"wp","href":"https:\/\/api.w.org\/{rel}","templated":true}]}}