{"id":41678,"date":"2021-11-05T16:13:28","date_gmt":"2021-11-05T22:13:28","guid":{"rendered":"https:\/\/redsemlac.com\/semmexico\/?p=41678"},"modified":"2023-07-21T18:47:49","modified_gmt":"2023-07-21T23:47:49","slug":"quedo-libre-de-acusacion-penal-la-periodista-judith-calderon-gomez-ex-secretaria-general-del-sindicato-de-la-jornada","status":"publish","type":"post","link":"https:\/\/redsemlac.com\/semmexico\/quedo-libre-de-acusacion-penal-la-periodista-judith-calderon-gomez-ex-secretaria-general-del-sindicato-de-la-jornada\/","title":{"rendered":"Qued\u00f3 libre de acusaci\u00f3n penal la periodista Judith Calder\u00f3n G\u00f3mez, ex secretaria general del sindicato de La Jornada"},"content":{"rendered":"\n<ul class=\"wp-block-list\"><li><strong>Luego de 4 a\u00f1os y un largo proceso cerr\u00f3 el juicio dejando sin responsabilidad a las y los trabajadores<\/strong><\/li><li><strong>La empresa sigue en falta, desconoci\u00f3 el Contrato Colectivo y ahora ha desmantelado econ\u00f3micamente al sindicato<\/strong><\/li><\/ul>\n\n\n\n<p class=\"wp-block-paragraph\"><strong>Sara Lovera&nbsp;<\/strong><\/p>\n\n\n\n<p class=\"wp-block-paragraph\">SemM\u00e9xico, Cd. de M\u00e9xico, 5 de noviembre, 2021.-El juez Ricardo Ojeda G\u00e1ndara determin\u00f3 el 4 de noviembre que se da por terminado el juicio penal contra Judith Calder\u00f3n G\u00f3mez, acusada por la empresa La Jornada, de haber incurrido en la privaci\u00f3n ilegal de colaboradores\/as que, se dijo, estaban en las instalaciones del diario La Jornada, el d\u00eda que estall\u00f3 la huelga de trabajadores y trabajadoras el 30 de junio de 2017.<\/p>\n\n\n\n<p class=\"wp-block-paragraph\">As\u00ed durante 4 a\u00f1os, varios procesos penales fueron abiertos. En todos los casos la conclusi\u00f3n, como para Calder\u00f3n G\u00f3mez, es que se encontraron sin responsabilidad en los hechos argumentados por la empresa.<\/p>\n\n\n\n<p class=\"wp-block-paragraph\">La conclusi\u00f3n del este juicio oral, ha dejado libre de la acusaci\u00f3n, a la ex secretaria del Sindicato Independiente de Trabajadores\/as de La Jornada y tambi\u00e9n a Maricela Delgado Due\u00f1as. As\u00ed hace dos d\u00edas fue ha cerrado el proceso.<\/p>\n\n\n\n<p class=\"wp-block-paragraph\">Al conocer la resoluci\u00f3n Calder\u00f3n G\u00f3mez extern\u00f3 a nombre de sus compa\u00f1eros y compa\u00f1eras el agradecimiento a las mujeres sindicalistas, a los trabajadores telefonistas, universitarios, electricistas y periodistas que apoyaron su defensa por m\u00e1s de 4 a\u00f1os.<\/p>\n\n\n\n<p class=\"wp-block-paragraph\">El conflicto de 2017 ocurri\u00f3 luego que la administraci\u00f3n del diario La Jornada desconoci\u00f3 el Contrato Colectivo de Trabajo. Entonces &nbsp;&nbsp;Calder\u00f3n G\u00f3mez era secretaria general del sindicato y Leonardo Mondrag\u00f3n fung\u00eda secretario de organizaci\u00f3n, ambos fueron acusados penalmente, el caso de Mondrag\u00f3n se cerr\u00f3 eliminando su responsabilidad penal en mayo pasado.<\/p>\n\n\n\n<p class=\"wp-block-paragraph\">La cuarta acusaci\u00f3n se hizo en contra Alejandro Caballero Calder\u00f3n, hijo de la dirigente, quien en esas fechas ten\u00eda 21 a\u00f1os. En 2019 fue desvinculado a proceso por el juez Enrique Ju\u00e1rez Saavedra, luego de demostrarse que el joven nunca labor\u00f3 en ese diario, ni se encontraba durante la colocaci\u00f3n de las banderas de huelga, ese junio de 2017. Caballero Calder\u00f3n acudi\u00f3 horas despu\u00e9s, acompa\u00f1ado de otros j\u00f3venes para apoyar a su madre y a los y las trabajadoras.<\/p>\n\n\n\n<p class=\"wp-block-paragraph\">Integrantes de la organizaci\u00f3n sindical, entonces y durante varios meses, se\u00f1alaron que vivieron persecuci\u00f3n y acoso; m\u00e1s de 20, sindicalistas en esos meses fueron despedidos, sin justificaci\u00f3n y suman procesos de denuncia y quejas en la Junta Federal de Conciliaci\u00f3n y Arbitraje (junta 11), desde entonces.<\/p>\n\n\n\n<p class=\"wp-block-paragraph\">Desde antes de la huelga, la empresa de La Jornada dej\u00f3 de cumplir con el Contrato Colectivo de Trabajo; hasta ahora se dejaron de pagar 2 millones 800mil pesos cada catorcena al no pagar las&nbsp; &nbsp;prestaciones, esto es m\u00e1s de 60 millones al a\u00f1o.<\/p>\n\n\n\n<p class=\"wp-block-paragraph\">La empresa argument\u00f3 que la crisis de ese diario estaba conectada con el Contrato Colectivo de Trabajo, a pesar de que el experto economista, Huberto Ju\u00e1rez, contratado por el sindicato demostr\u00f3 que no era el CCT causante de la crisis, sino que hab\u00eda mala administraci\u00f3n y una desproporci\u00f3n salarial, tanto de la direcci\u00f3n general, como las jefaturas, la asesor\u00eda y trato diferencial entre los trabajadores.<\/p>\n\n\n\n<p class=\"wp-block-paragraph\">Se inform\u00f3 que la directora del diario, Carmen Lira Saade no acat\u00f3 la resoluci\u00f3n de la SCJ de mayo de 2019 que la obligaba legalmente a restituir el CCT.<\/p>\n\n\n\n<p class=\"wp-block-paragraph\">Las y los trabajadores de La Jornada, afirman que desde la direcci\u00f3n contin\u00faan los ataques a los derechos laborales. Por ejemplo, Lira Saade, dej\u00f3 de descontar las cuotas sindicales de manera unilateral y no obstante la vigencia del Sindicato, ha dejado a \u00e9ste sin recursos, as\u00ed lo ha confirmado el actual secretario general, Luis Alberto Jim\u00e9nez, que tuvo que indemnizar a su equipo de apoyo, como a dos secretarias.<\/p>\n\n\n\n<p class=\"wp-block-paragraph\">Lo que se califica como que Lira Saade se ha empe\u00f1ado en matar de hambre a la organizaci\u00f3n sindical, y aseguran las y los sindicalista que paga millones de pesos a los abogados empresariales que han actuado en los procesos penales y laborales, los abogados Alejandro Roel Calvillo, considerado \u201cexperto en desaparecer contratos colectivos de trabajo\u201d quien encabeza la representaci\u00f3n empresarial.<\/p>\n\n\n\n<p class=\"wp-block-paragraph\">El desconocimiento del CCT es uno de los golpes anti laborales m\u00e1s fuertes, ese contrato se gest\u00f3 durante 32 a\u00f1os, fue un ejemplo de prestaciones para el gremio.<\/p>\n\n\n\n<p class=\"wp-block-paragraph\">El ominoso caso del diario La Jornada, se asemeja al conflicto en la agencia de noticias del Estado Mexicano, Notimex, donde se ha desarrollada la misma t\u00e1ctica patronal: &nbsp;despedir, perseguir, difamar a las y los trabajadores y a su dirigencia. Adem\u00e1s de que despidi\u00f3 a 22 corresponsales internacionales y m\u00e1s de dos docenas de corresponsales nacionales. Se ha intentado desconocer una huelga que lleva m\u00e1s de dos a\u00f1os y recientemente se ha enderezado una acusaci\u00f3n penal a la secretaria general del Sutnotimex, Adriana Urrea.<\/p>\n","protected":false},"excerpt":{"rendered":"<p>Luego de 4 a\u00f1os y un largo proceso cerr\u00f3 el juicio dejando sin responsabilidad a las y los trabajadores<\/p>\n","protected":false},"author":3,"featured_media":41679,"comment_status":"open","ping_status":"open","sticky":false,"template":"","format":"standard","meta":{"_monsterinsights_skip_tracking":false,"footnotes":""},"categories":[692,55],"tags":[],"class_list":["post-41678","post","type-post","status-publish","format-standard","has-post-thumbnail","category-692","category-periodistas"],"_links":{"self":[{"href":"https:\/\/redsemlac.com\/semmexico\/wp-json\/wp\/v2\/posts\/41678","targetHints":{"allow":["GET"]}}],"collection":[{"href":"https:\/\/redsemlac.com\/semmexico\/wp-json\/wp\/v2\/posts"}],"about":[{"href":"https:\/\/redsemlac.com\/semmexico\/wp-json\/wp\/v2\/types\/post"}],"author":[{"embeddable":true,"href":"https:\/\/redsemlac.com\/semmexico\/wp-json\/wp\/v2\/users\/3"}],"replies":[{"embeddable":true,"href":"https:\/\/redsemlac.com\/semmexico\/wp-json\/wp\/v2\/comments?post=41678"}],"version-history":[{"count":0,"href":"https:\/\/redsemlac.com\/semmexico\/wp-json\/wp\/v2\/posts\/41678\/revisions"}],"wp:featuredmedia":[{"embeddable":true,"href":"https:\/\/redsemlac.com\/semmexico\/wp-json\/wp\/v2\/media\/41679"}],"wp:attachment":[{"href":"https:\/\/redsemlac.com\/semmexico\/wp-json\/wp\/v2\/media?parent=41678"}],"wp:term":[{"taxonomy":"category","embeddable":true,"href":"https:\/\/redsemlac.com\/semmexico\/wp-json\/wp\/v2\/categories?post=41678"},{"taxonomy":"post_tag","embeddable":true,"href":"https:\/\/redsemlac.com\/semmexico\/wp-json\/wp\/v2\/tags?post=41678"}],"curies":[{"name":"wp","href":"https:\/\/api.w.org\/{rel}","templated":true}]}}