{"id":41675,"date":"2021-11-05T14:06:45","date_gmt":"2021-11-05T20:06:45","guid":{"rendered":"https:\/\/redsemlac.com\/semmexico\/?p=41675"},"modified":"2023-07-21T18:47:49","modified_gmt":"2023-07-21T23:47:49","slug":"tras-la-puerta-del-poder-premios-pages-llergo-aguita-para-la-esperanza-en-un-gremio-asediado-desde-la-presidencia-y-por-la-muerte","status":"publish","type":"post","link":"https:\/\/redsemlac.com\/semmexico\/tras-la-puerta-del-poder-premios-pages-llergo-aguita-para-la-esperanza-en-un-gremio-asediado-desde-la-presidencia-y-por-la-muerte\/","title":{"rendered":"Tras la puerta del poder| Premios Pages Llergo, ag\u00fcita para la esperanza en un gremio asediado desde la Presidencia y por la muerte"},"content":{"rendered":"\n<p class=\"wp-block-paragraph\"><strong>Roberto Vizca\u00edno&nbsp;<\/strong><strong>&nbsp;<\/strong><strong><\/strong><\/p>\n\n\n\n<p class=\"wp-block-paragraph\">SemM\u00e9xico, Cd. de M\u00e9xico, 5 de noviembre, 2021.- Las nuevas generaciones period\u00edsticas y del pa\u00eds ya no lo alcanzaron con vida, pero su legado sin duda trascender\u00e1 decenios y cobrar\u00e1 mayor fuerza en momentos como \u00e9ste en que el periodismo mexicano vive una de las peores etapas de su historia.<\/p>\n\n\n\n<p class=\"wp-block-paragraph\">Vivimos los periodistas esta turbia y peligrosa circunstancia porque la amenaza y las ejecuciones ya no s\u00f3lo provienen y son alentadas desde la delincuencia y el narco, de algunas instancias del poder, sino desde la Presidencia misma de la Rep\u00fablica con toda la fuerza e instrumentos del Estado.<\/p>\n\n\n\n<p class=\"wp-block-paragraph\">Sin duda&nbsp;Jos\u00e9 Pages Llergo&nbsp;no s\u00f3lo forma parte de una pl\u00e9yade de enormes periodistas, sino que \u00e9l mismo sufri\u00f3 de embates que incluso pusieron en riesgo su propia vida y acabaron con sus bienes en ataques arteros de sicarios a sueldo.<\/p>\n\n\n\n<p class=\"wp-block-paragraph\">Por eso hoy el&nbsp;<em>Premio Nacional de Periodismo Jos\u00e9 Pag\u00e9s Llergo&nbsp;<\/em>2021 cobra especial importancia, m\u00e1s cuando es entregado por su hija Beatriz que se ha convertido en una f\u00e9rrea defensora de la democracia a trav\u00e9s de un an\u00e1lisis l\u00facido.<\/p>\n\n\n\n<p class=\"wp-block-paragraph\">Por ello el mi\u00e9rcoles 10 de noviembre se premiar\u00e1 a hombres, mujeres y las instituciones m\u00e1s destacadas en los \u00e1mbitos de comunicaci\u00f3n, democracia, justicia y salud, entre otras.<\/p>\n\n\n\n<p class=\"wp-block-paragraph\">As\u00ed, entre otros, este a\u00f1o lo recibir\u00e1n&nbsp;Lorenzo C\u00f3rdova,&nbsp;Sergio Garc\u00eda Ram\u00edrez,&nbsp;Julio Frenk,&nbsp;Eduardo Matos,&nbsp;Ana Laura Magaloni&nbsp;y&nbsp;Macario Schettino&nbsp;ese mi\u00e9rcoles a las 18:00 horas, en el Club de Industriales.<\/p>\n\n\n\n<p class=\"wp-block-paragraph\">La entrega ser\u00e1\u0301 encabezada por&nbsp;Jos\u00e9\u0301 Narro Robles, ex rector de la UNAM y titulares de la Fundaci\u00f3n&nbsp;Jos\u00e9\u0301 Pag\u00e9s Llergo,&nbsp;Jos\u00e9\u0301 Carral&nbsp;y&nbsp;Beatriz Pag\u00e9s.<\/p>\n\n\n\n<p class=\"wp-block-paragraph\">PRUDENTE Y SENSATA LA DECISI\u00d3N<\/p>\n\n\n\n<p class=\"wp-block-paragraph\">Ricardo Monreal&nbsp;fue el \u00fanico que desde un inicio advirti\u00f3 desde la 4T que no hab\u00eda las condiciones en el Legislativo para aprobar la Reforma El\u00e9ctrica&nbsp;de Andr\u00e9s Manuel L\u00f3pez Obrador.<\/p>\n\n\n\n<p class=\"wp-block-paragraph\">Por eso no es extra\u00f1o que la decisi\u00f3n de aplazar su discusi\u00f3n y tramitaci\u00f3n hasta 2022 en Diputados y Senadores sea aplaudida por el zacatecano.<\/p>\n\n\n\n<p class=\"wp-block-paragraph\">Es, dijo ayer, una decisi\u00f3n&nbsp;<em>prudente y sensata.<\/em><\/p>\n\n\n\n<p class=\"wp-block-paragraph\">\u201cNosotros saludamos con respeto la decisi\u00f3n de los grupos parlamentarios mayoritarios en la C\u00e1mara de Diputados.<\/p>\n\n\n\n<p class=\"wp-block-paragraph\">\u201cMe parece una actitud correcta abrir la discusi\u00f3n para escuchar a los inversionistas, empresarios, organizaciones sindicales, autoridades, gobierno y todas las voces interesadas en la reforma; esa es nuestra obligaci\u00f3n\u201d, subray\u00f3.<\/p>\n\n\n\n<p class=\"wp-block-paragraph\">Se dijo abierto y a favor de cambios en el proyecto para llegar a la recuperaci\u00f3n de la rector\u00eda del Estado en materia energ\u00e9tica.<\/p>\n\n\n\n<p class=\"wp-block-paragraph\">PEROGRULLO DICE QUE LUEGO DEL 2022 VIENE 2023<\/p>\n\n\n\n<p class=\"wp-block-paragraph\">Y sin duda este a\u00f1o la corona de todas las elecciones a Gobernador ser\u00e1 la del Estado de M\u00e9xico, como preludio de la contienda en 2024 por la Presidencia de la Rep\u00fablica.<\/p>\n\n\n\n<p class=\"wp-block-paragraph\">Dentro del universo pol\u00edtico mexicano hay quienes, tocados por las viejas tradiciones pri\u00edstas, de ninguna manera dan por muerto al otrora poderoso Grupo Atlacomulco y ven como un posible contendiente para ir a ocupar la principal silla de Palacio Nacional a&nbsp;Alfredo del Mazo&nbsp;tercero.<\/p>\n\n\n\n<p class=\"wp-block-paragraph\">Antes de desechar cualquier posibilidad, yo recordar\u00eda que hoy cualquier cosa puede ocurrir. Hay -como nunca antes- una sucesi\u00f3n adelantad\u00edsima dentro de la 4T y Morena y eso puede llevar al grupo en el Poder a una debacle sin precedentes que abrir\u00eda much\u00edsimas puertas.<\/p>\n\n\n\n<p class=\"wp-block-paragraph\">As\u00ed que cuidado con descalificar a nadie desde hoy.<\/p>\n\n\n\n<p class=\"wp-block-paragraph\">Y en este contexto uno que ya levant\u00f3 la mano para suceder a&nbsp;Del Mazo&nbsp;tercero es el diputado federal&nbsp;Ricardo Aguilar Castillo, secretario de Organizaci\u00f3n del CEN del PRI y uno de los m\u00e1s efectivos operadores de recuperaci\u00f3n del tricolor en esa entidad, como ya lo hizo entre 2006 y 2009 cuando el PRI sufri\u00f3 la derrota m\u00e1s estrepitosa y 3 a\u00f1os m\u00e1s tarde bajo la conducci\u00f3n de&nbsp;Ricardo&nbsp;gan\u00f3 todo de nuevo.<\/p>\n\n\n\n<p class=\"wp-block-paragraph\">Ahora sabe que no debe dejar ir esta oportunidad. Ex alcalde y exsecretario en el gobierno de&nbsp;Enrique Pe\u00f1a Nieto, l\u00edder pol\u00edtico, tiene ahora todo para ganar.<\/p>\n\n\n\n<p class=\"wp-block-paragraph\">Su contendiente ser\u00e1 el senador&nbsp;Higinio Mart\u00ednez&nbsp;por Morena.<\/p>\n\n\n\n<p class=\"wp-block-paragraph\">&#8230;.<a href=\"mailto:rvizcainoa@gmail.com\" target=\"_blank\" rel=\"noreferrer noopener\">rvizcainoa@gmail.com<\/a>&nbsp;\/ Twitter: @_Vizcaino \/ Facebook \/&nbsp;<a href=\"https:\/\/www.facebook.com\/rvizcainoa\" target=\"_blank\" rel=\"noreferrer noopener\">https:\/\/www.facebook.com\/rvizcain<\/a><\/p>\n","protected":false},"excerpt":{"rendered":"<p>Las nuevas generaciones period\u00edsticas y del pa\u00eds ya no lo alcanzaron con vida, pero su legado sin duda trascender\u00e1 decenios y cobrar\u00e1 mayor fuerza en momentos como \u00e9ste en que el periodismo mexicano vive una de las peores etapas de su historia.<\/p>\n","protected":false},"author":3,"featured_media":39589,"comment_status":"open","ping_status":"open","sticky":false,"template":"","format":"standard","meta":{"_monsterinsights_skip_tracking":false,"footnotes":""},"categories":[692,35,623,622],"tags":[459],"class_list":["post-41675","post","type-post","status-publish","format-standard","has-post-thumbnail","category-692","category-opinion","category-roberto-vizcaino","category-tras-la-puerta-del-poder","tag-opinion"],"_links":{"self":[{"href":"https:\/\/redsemlac.com\/semmexico\/wp-json\/wp\/v2\/posts\/41675","targetHints":{"allow":["GET"]}}],"collection":[{"href":"https:\/\/redsemlac.com\/semmexico\/wp-json\/wp\/v2\/posts"}],"about":[{"href":"https:\/\/redsemlac.com\/semmexico\/wp-json\/wp\/v2\/types\/post"}],"author":[{"embeddable":true,"href":"https:\/\/redsemlac.com\/semmexico\/wp-json\/wp\/v2\/users\/3"}],"replies":[{"embeddable":true,"href":"https:\/\/redsemlac.com\/semmexico\/wp-json\/wp\/v2\/comments?post=41675"}],"version-history":[{"count":0,"href":"https:\/\/redsemlac.com\/semmexico\/wp-json\/wp\/v2\/posts\/41675\/revisions"}],"wp:featuredmedia":[{"embeddable":true,"href":"https:\/\/redsemlac.com\/semmexico\/wp-json\/wp\/v2\/media\/39589"}],"wp:attachment":[{"href":"https:\/\/redsemlac.com\/semmexico\/wp-json\/wp\/v2\/media?parent=41675"}],"wp:term":[{"taxonomy":"category","embeddable":true,"href":"https:\/\/redsemlac.com\/semmexico\/wp-json\/wp\/v2\/categories?post=41675"},{"taxonomy":"post_tag","embeddable":true,"href":"https:\/\/redsemlac.com\/semmexico\/wp-json\/wp\/v2\/tags?post=41675"}],"curies":[{"name":"wp","href":"https:\/\/api.w.org\/{rel}","templated":true}]}}