{"id":41668,"date":"2021-11-05T11:18:45","date_gmt":"2021-11-05T17:18:45","guid":{"rendered":"https:\/\/redsemlac.com\/semmexico\/?p=41668"},"modified":"2023-07-21T18:47:49","modified_gmt":"2023-07-21T23:47:49","slug":"terna-de-mujeres-para-la-suprema-corte-de-justicia-y-una-designacion-transparente-meritocratica-y-participativa","status":"publish","type":"post","link":"https:\/\/redsemlac.com\/semmexico\/terna-de-mujeres-para-la-suprema-corte-de-justicia-y-una-designacion-transparente-meritocratica-y-participativa\/","title":{"rendered":"Terna de Mujeres para la Suprema Corte de Justicia y una designaci\u00f3n transparente, meritocr\u00e1tica y participativa"},"content":{"rendered":"\n<ul class=\"wp-block-list\"><li>Al ejecutivo y al Senado reclaman cumplir con la paridad total sustentada en la Constituci\u00f3n<\/li><li>Estamos a unas horas de conocer la terna y el proceso que piden 150 organizaciones y 174 personas de los m\u00e1s dis\u00edmbolos or\u00edgenes<\/li><\/ul>\n\n\n\n<p class=\"wp-block-paragraph\">Sara Lovera<\/p>\n\n\n\n<p class=\"wp-block-paragraph\">SemM\u00e9xico, Cd. de M\u00e9xico, 5 de noviembre, 2021.-Una ministra deber\u00e1 ser quien ocupe a partir del 12 de diciembre la banca que dejar\u00e1 libre Frenando Franco Gonz\u00e1lez, en la Suprema Corte de Justicia de la Naci\u00f3n SCJN, sostienen cerca de 150 organizaciones feministas, sociales, ind\u00edgenas. profesionales de la abogac\u00eda y defensoras de derechos humanos quienes llaman a que la nueva ministra sea \u00edntegra y conocedora de la justicia con perspectiva de g\u00e9nero.<br>Retan a AMLO a presentar la terna con propuestas equivalentes entre s\u00ed, s\u00f3lo de mujeres para que se ajuste a la Constituci\u00f3n de la Rep\u00fablica y que el proceso sea deliberativo.<br>La demanda es para \u201cfortalecer\u201d a la SCJN, haciendo de la jornada electiva un transparente, deliberativa, que no deje dudas respecto del perfil de las propuestas, de la terna que mandar\u00e1 el presidente de la Rep\u00fablica, este viernes.<br>La terna deber\u00e1 aprobarse por el Senado, siempre existe la posibilidad de rechazarla y pedirle al presidente de la Rep\u00fablica que la cambie.<br>Informaci\u00f3n desde el Senado confirm\u00f3 que el presidente de la Rep\u00fablica enviar\u00e1 la terna este fin de semana, con las candidaturas adecuadas para ocupar la vacante de que deja el ministro Fernando Franco Gonz\u00e1lez Salas, cuyo per\u00edodo concluye el pr\u00f3ximo 11 de diciembre, toda vez que el 3 de noviembre se notific\u00f3 oficialmente al ejecutivo federal, seg\u00fan memor\u00e1ndum enviado por el presidente de la Suprema Corte, Arturo Zald\u00edvar.<br>Preocupadas por el proceso 146 organizaciones y 174 abogadas, feministas y especialistas de al menos 15 entidades del pa\u00eds, de colectivas feministas y organizaciones de distintas clases sociales e instituciones de educaci\u00f3n e investigaci\u00f3n en comunicado p\u00fablico demandaron que se garantice la nominaci\u00f3n de tres personas independientes e id\u00f3neas, y se cumpla con el mandato constitucional de paridad, lo que implica que la terna deber\u00e1 estar formada s\u00f3lo por mujeres.<\/p>\n\n\n\n<p class=\"wp-block-paragraph\">Adem\u00e1s hicieron notar que es fundamental que el Ejecutivo Federal, propicie un proceso deliberativo alrededor de los perfiles que conformar\u00e1n la terna[1] (que no se hizo) y que el proceso sea transparente, participativo e incluyente.<\/p>\n\n\n\n<p class=\"wp-block-paragraph\">La carta y declaraci\u00f3n p\u00fablica, promovida por la organizaci\u00f3n M\u00e9xico Eval\u00faa, sostiene que esa terna garantice la nominaci\u00f3n de tres perfiles con trayectorias intachables y equivalentes entre s\u00ed.<\/p>\n\n\n\n<p class=\"wp-block-paragraph\">Considerando la actual composici\u00f3n de la SCJN y el principio constitucional de paridad de g\u00e9nero, \u201ces adem\u00e1s necesario que se nomine a candidatas mujeres, para lograr una representaci\u00f3n paritaria en el m\u00e1ximo tribunal del pa\u00eds\u201d Lo que significa que la terna est\u00e9 conformada exclusivamente por mujeres.<\/p>\n\n\n\n<p class=\"wp-block-paragraph\">Hoy la SCJN est\u00e1 integrada por tres ministras (que representan el 27% del total) y ocho ministros (el 73%), que hace imperiosa la necesidad de reducir la brecha en el acceso de las mujeres a este espacio de decisi\u00f3n p\u00fablica.<br>Por todo ello, se informa en comunicaci\u00f3n oficial, que organizaciones de la sociedad civil, integrantes de la academia y personas defensoras de derechos humanos est\u00e1n convencidas que los procesos de designaci\u00f3n son una v\u00eda potente para fortalecer a la SCJN.<br>Contexto<br>El 12 de diciembre de este a\u00f1o culmina el periodo del ministro de la Suprema Corte de Justicia de la Naci\u00f3n (SCJN), Jos\u00e9 Fernando Franco Gonz\u00e1lez Salas. Por ello, el Presidente de la Rep\u00fablica deber\u00e1 someter al Senado una terna de posibles candidaturas, y \u00e9ste deber\u00e1 elegir entre ellas al nuevo ministro o ministra, con el voto de las dos terceras partes de las y los senadores presentes en la asamblea.<br>El comunicado se\u00f1ala que la elecci\u00f3n de ministras y ministros de la SCJN es uno de los procesos m\u00e1s relevantes de nuestra democracia, pues la SCJN es el m\u00e1ximo \u00f3rgano de justicia de nuestro pa\u00eds y tiene como mandato verificar que ninguna norma u acto de gobierno vulnere la Constituci\u00f3n y los tratados internacionales, as\u00ed como resolver los conflictos que surgen entre los diferentes Poderes y \u00f3rdenes de gobierno.<br>Para garantizar que se nomine a tres personas independientes e id\u00f3neas, es fundamental que el Ejecutivo Federal genere un proceso deliberativo alrededor de los perfiles que conformar\u00e1n la terna[1] y se promueva un proceso transparente, participativo e incluyente que garantice la nominaci\u00f3n de tres perfiles con trayectorias intachables y equivalentes entre s\u00ed.<\/p>\n\n\n\n<p class=\"wp-block-paragraph\">Sostiene que para cumplir con el mandato constitucional de paridad total, y reducir la brecha en el acceso de las mujeres a este espacio de decisi\u00f3n p\u00fablica, es \u201c fundamental que la terna est\u00e9 conformada exclusivamente por mujeres con trayectorias que destaquen por su reconocida integridad, su conocimiento y experiencia en materia de derechos humanos, su capacidad para evaluar las controversias jur\u00eddicas desde una perspectiva de g\u00e9nero, y su ausencia de v\u00ednculos que pongan en riesgo la independencia de nuestro m\u00e1ximo tribunal.\u201d[2]<\/p>\n\n\n\n<p class=\"wp-block-paragraph\">Aboga, adem\u00e1s, porque este proceso permita fortalecer a la SCJN, considerando que en la medida en que se conduzcan bajo los m\u00e1s altos est\u00e1ndares de transparencia y m\u00e1xima publicidad, de participaci\u00f3n ciudadana y de rendici\u00f3n de cuentas, se podr\u00e1 dotar de confianza y legitimidad a las decisiones p\u00fablicas.<br>Agrega que la designaci\u00f3n de una ministra es fundamental para fortalecer al Poder Judicial de la Federaci\u00f3n, en un contexto de violaciones sistem\u00e1ticas de derechos humanos, de un ciclo de impunidad estructural, de casos graves de corrupci\u00f3n sin alguna consecuencia y de diversas formas de violencia que son ejercidas contra las mujeres y grupos hist\u00f3ricamente vulnerados. \u201cPor ello, es imprescindible que exista un sistema judicial aut\u00f3nomo, s\u00f3lido, imparcial y efectivo en sus actuaciones. Una ministra para la Suprema Corte\u201d.<br>Se inform\u00f3 desde la SCJN que el pasado 3 de noviembre se envi\u00f3 la comunicaci\u00f3n oficial al presidente Andr\u00e9s Manuel L\u00f3pez Obrador, con objeto de que el titular del Poder Ejecutivo Federal, conforme al art\u00edculo 89, fracci\u00f3n XVIII, de la Constituci\u00f3n, elabore una terna de candidaturas y la presente al Senado, para que sus integrantes elijan al nuevo ministro.<br>El aviso se emiti\u00f3 en cumplimiento de la fracci\u00f3n X del art\u00edculo 14 de la Ley Org\u00e1nica del Poder Judicial de la Federaci\u00f3n, que se\u00f1ala la obligaci\u00f3n del ministro presidente de \u201ccomunicar al Presidente de la Rep\u00fablica las ausencias definitivas de los o las ministras de la corte\u201d. Se supo ayer en el Senado que esa terna podr\u00eda llegar en el curso de este 5 de noviembre.<br>Firman la petici\u00f3n:<br>Organizaciones de la sociedad civil firmantes<\/p>\n\n\n\n<ol class=\"wp-block-list\"><li>Abogadas por la Igualdad, los Derechos Humanos y la Justicia Restaurativa<\/li><li>Accionar.io Acelerando el Cambio Social<\/li><li>A Favor de las Mujeres<\/li><li>Amor a la Familia y Ayuda a la Comunidad<\/li><li>Aquelarre Zacatecas<\/li><li>Artemisas por la Equidad<\/li><li>ARTICLE 19 M\u00e9xico y Centroam\u00e9rica<\/li><li>Asociaci\u00f3n Internacional de Mujeres Abrazando M\u00e9xico (AMAM)<\/li><li>Asociaci\u00f3n para la Formaci\u00f3n Integral Educativa y Desarrollo Cultural (FIEDC)<\/li><li>A\u00fana M\u00e9xico<\/li><li>Borde Jur\u00eddico<\/li><li>Borde Pol\u00edtico<\/li><li>Calmuca. Alianza Ciudadana<\/li><li>Campus de Pensadoras Urbanas Delicias Regi\u00f3n Centro Sur<\/li><li>C\u00e1tedra UNESCO de Derechos Humanos de la UNAM<\/li><li>Casa de la Mujer Ind\u00edgena N\u00e4\u00e4xwiin<\/li><li>Casa Nima<\/li><li>Centro de Atenci\u00f3n a la Familia Migrante Ind\u00edgena (CAFAMI)<\/li><li>Centro de Atenci\u00f3n a la Mujer Trabajadora de Chihuahua<\/li><li>Centro de Derechos Humanos de las Minor\u00edas (CEDHUMI)<\/li><li>Centro de Derechos Humanos de la Monta\u00f1a Tlachinollan<\/li><li>Centro de Investigaciones para la Equidad Pol\u00edtica P\u00fablica y Desarrollo (CIPE)<\/li><li>Centro de Investigaci\u00f3n y Desarrollo de Pol\u00edticas P\u00fablicas (CIDEPO)<\/li><li>Centro de Investigaci\u00f3n y Estudios para el Desarrollo y la Igualdad Social (CIDAC)<\/li><li>Centro de Investigaci\u00f3n Morelos Rinde Cuentas<\/li><li>Centro para los Derechos de la Mujer Naaxwiin<\/li><li>Centro Nacional de Comunicaci\u00f3n Social (CENCOS)<\/li><li>Ciucampo<\/li><li>Coalici\u00f3n Mexicana LGBTTTI+<\/li><li>Colegio de Abogados y Abogadas Especialistas en Derecho Familiar del Estado de Jalisco (COEFAM)<\/li><li>Colectiva de Mujeres Ceiba Tabasco<\/li><li>Colectiva Ella+Ella<\/li><li>Colectiva Libre Cultural de Paz desde las Mujeres Diversas Cosmovisiones<\/li><li>Colectiva Sobrevivientes de Feminicidio en M\u00e9xico<\/li><li>Colectiva Tabasque\u00f1a<\/li><li>Colectiva Vulvacletas<\/li><li>Colectivo Esmeralda de Tabasco<\/li><li>Colectivo Hijas de la Luna<\/li><li>Colectivo Mujer y Utop\u00eda<\/li><li>Colectivo Juglaresas<\/li><li>Colegio de Abogadas por los DDHH de las Mujeres<\/li><li>Colegio de Mujeres Profesionales de la Industria de la Construcci\u00f3n (CMPIC)<\/li><li>Comisi\u00f3n Mexicana de Defensa y Promoci\u00f3n de los Derechos Humanos (CMDPDH)<\/li><li>Comunidad Feminista<\/li><li>Consejo C\u00edvico de Instituciones Laguna<\/li><li>Consejo C\u00edvico de Instituciones Nuevo Le\u00f3n<\/li><li>Consejo Nacional Mujeres Empresarias<\/li><li>Coordinaci\u00f3n Feminista Olimpia de Gouges<\/li><li>Cultura de Paz desde las Mujeres<\/li><li>Desarrollo Social con Igualdad, Diversidad e Inclusi\u00f3n (DESIDI)<\/li><li>Designaciones Jalisco<\/li><li>Documenta. An\u00e1lisis y Acci\u00f3n para la Justicia Social<\/li><li>El D\u00eda Despu\u00e9s<\/li><li>Elementa DDHH<\/li><li>EQUIS Justicia para las Mujeres<\/li><li>Espacio Mujeres para Vida Digna Libre de Violencia<\/li><li>Familias y Retos Extraordinarios<\/li><li>Formaci\u00f3n Integral de Ayuda Interpersonal<\/li><li>Fundaci\u00f3n Ius G\u00e9nero<\/li><li>Fundaci\u00f3n para el Debido Proceso (DPLF)<\/li><li>Fundaci\u00f3n para la Justicia y el Estado Democr\u00e1tico de Derecho (FJEDD)<\/li><li>Fundar, Centro de An\u00e1lisis e Investigaci\u00f3n<\/li><li>G\u00e9nero, \u00c9tica y Salud Sexual<\/li><li>Gesti\u00f3n Cuatro<\/li><li>Girl Up ALC<\/li><li>Grupo de Informaci\u00f3n en Reproducci\u00f3n Elegida (GIRE)<\/li><li>Grupo de Mujeres de San Crist\u00f3bal Las Casas<\/li><li>Grupo de Mujeres 8 de marzo<\/li><li>Grupo Interdisciplinario para la Formaci\u00f3n y el Apoyo Comunitario<\/li><li>Hagamos Algo<\/li><li>Hagamos el Camino Para una Vida Mejor<\/li><li>Idheas. Litigio Estrat\u00e9gico en Derechos Humanos<\/li><li>Impunidad Cero<\/li><li>Instituto de Justicia Procesal Penal (IJPP)<\/li><li>Instituto Mexicano de Derechos Humanos y Democracia (IMDHD)<\/li><li>Instituto para la Seguridad y la Democracia (INSYDE)<\/li><li>Instituto RIA. Investigaci\u00f3n e Incidencia en Pol\u00edticas de Drogas y Construcci\u00f3n de la Paz<\/li><li>Intersecta<\/li><li>Kaniche\u00e9 Eslava<\/li><li>Kintiltik<\/li><li>La Observatoria Edomex<\/li><li>La Voz de Polanco<\/li><li>Las Constituyentes MX Feministas<\/li><li>Locallis. Especialistas en Desarrollo Local<\/li><li>Lunas<\/li><li>Magistrada Ya<\/li><li>Mano Amiga de la Costa Chica<\/li><li>Marea Verde Quintana Roo<\/li><li>M\u00e9dicas Verde Violeta<\/li><li>M\u00e9xico Eval\u00faa<\/li><li>Mexiro<\/li><li>Morelos Rinde Cuentas<\/li><li>Mujeres Construyendo Igualdad Hypatia<\/li><li>Mujeres en defensa de la Paridad en todo<\/li><li>Mujeres Hispanas<\/li><li>Mujeres Libres COLEM<\/li><li>Mujeres por M\u00e9xico en Chihuahua<\/li><li>Mujeres Previniendo la Violencia de G\u00e9nero<\/li><li>Mujeres Progresistas<\/li><li>Mujeres Transformando Vidas<\/li><li>Mujeres Unidas por Ecatepec: Las Catarinas<\/li><li>Mujeres y Punto<\/li><li>Nosotras Tenemos Otros Datos<\/li><li>Observatorio Ciudadano de Agenda de G\u00e9nero<\/li><li>Observatorio Ciudadano PASE<\/li><li>Observatorio con Causa<\/li><li>Observatorio de Designaciones P\u00fablicas<\/li><li>Observatorio del Derecho a la Vivienda<\/li><li>Organizaci\u00f3n Nacional Anticorrupci\u00f3n (ONEA M\u00e9xico)<\/li><li>Plataforma Vecinal y Observatorio de la Colonia Ju\u00e1rez<\/li><li>Poiesis<\/li><li>Poder Mujer<\/li><li>Proyecto sobre Organizaci\u00f3n, Desarrollo, Educaci\u00f3n e Investigaci\u00f3n (PODER)<\/li><li>Red Abogadas Violeta<\/li><li>Red Abogadas Feministas (REDAFEM)<\/li><li>Red Chiapas por la Paridad Efectiva (REPARE)<\/li><li>Red Comunitaria \u201cPor Ti, Por M\u00ed, Por Todas\u201d<\/li><li>Red Colectiva Mujeres Previniendo la Violencia de G\u00e9nero<\/li><li>Red de Mujeres Anticorrupci\u00f3n de Sinaloa<\/li><li>Red de Mujeres del 05 Distrito en Jalisco<\/li><li>Red de Mujeres J\u00f3venes por la Democracia Paritaria<\/li><li>Red Feminista Sonorense<\/li><li>Red Mesa de Mujeres de Ciudad Ju\u00e1rez<\/li><li>Red Nacional de Organismos Civiles de Derechos Humanos \u201cTodos los derechos para todas y todos\u201d (Red TDT)<\/li><li>Red Nacional Paridad, cap\u00edtulo Morelos<\/li><li>Red Para el Avance Pol\u00edtico de las Mujeres Guerrerenses<\/li><li>Red Plural de Mujeres Zacatecas<\/li><li>Red P\u00farpura Sororidad para trascender Coahuila<\/li><li>Red X la Igualdad Sustantiva en Sinaloa<\/li><li>Redes Emergentes<\/li><li>Ruta C\u00edvica<\/li><li>Servicios Humanitarios en Salud Sexual y Reproductiva<\/li><li>Servicios y Asesor\u00eda para la Paz, A.C. (SERAPAZ)<\/li><li>Sigue al Congreso. Monitoreo Parlamentario Ciudadano<\/li><li>Sorece. Asociaci\u00f3n de Psic\u00f3logas Feministas<\/li><li>Sororidad Activa<\/li><li>SororidadS\u00ed<\/li><li>Spatium Libertas<\/li><li>Suma Urbana<\/li><li>The Boston Center for Latin America<\/li><li>Tierra Colectiva: Ciudadan\u00eda, G\u00e9nero y Medio Ambiente<\/li><li>Un D\u00eda Sin Mujeres<\/li><li>25 D\u00eda Naranja<\/li><li>50+1 Colectivo de Mujeres Pol\u00edticas por la Paridad<\/li><li>50+1 Oaxaca. Colectivo de Mujeres Pol\u00edticas por la Paridad<\/li><li>50+1 Tabasco. Colectivo de Mujeres Pol\u00edticas por la Paridad<br>Integrantes de la academia y personas defensoras en lo individual firmantes<\/li><li>A\u00edda Enr\u00edquez Ostria<\/li><li>Aid\u00e9 Gabriela L\u00f3pez N\u00fa\u00f1ez<\/li><li>Alberto Bayardo P\u00e9rez Arce<\/li><li>Alejandra Ch\u00e1vez<\/li><li>Alejandra Garc\u00eda<\/li><li>Alejandra Rojas P\u00e9rez<\/li><li>Alexandra Guadalupe Magall\u00f3n Rodr\u00edguez<\/li><li>Alicia Mar\u00eda Ocampo Jim\u00e9nez<\/li><li>Alicia Yolanda Reyes Alexander<\/li><li>Alma Vanessa Bauche Chavira<\/li><li>Amparo Menchaca Hern\u00e1ndez<\/li><li>Ana Emilia Pesci Mart\u00ednez<\/li><li>Ana Garc\u00eda Bergua<\/li><li>Ana Macarena Vel\u00e1zquez L\u00f3pez<\/li><li>Ana Mijangos Reyes<\/li><li>Ana V\u00e1squez Colmenares G.<\/li><li>Analinn Rivera Delgado<\/li><li>Araceli Calleja<\/li><li>Aracelly Neri<\/li><li>Aura E Mart\u00ednez Oriol<\/li><li>Beatriz Cosio Nava<\/li><li>Beatriz J. Rodr\u00edguez<\/li><li>Bernardo Masini Aguilera<\/li><li>Blanca G\u00e1mez Guti\u00e9rrez<\/li><li>Britney Alc\u00e1ntara Garc\u00eda<\/li><li>Carmen Villoro Ruiz<\/li><li>Carolina Denysee Villagr\u00e1n Salinas<\/li><li>Catalina Lozano Moreno<\/li><li>Charlotte Bradley Reus<\/li><li>Cecilia Savi\u00f1\u00f3n Casas<\/li><li>Claudia Alonso Pesado<\/li><li>Claudia Ang\u00e9lica Rovelo Mu\u00f1oz<\/li><li>Claudia Elizabeth Aguilar<\/li><li>Claudia Guadalupe Salgado Arizmendi<\/li><li>Claudia Patricia Arriaga<\/li><li>Claudia Rod\u00f3n Fonte<\/li><li>Consuelo Guti\u00e9rrez Guti\u00e9rrez<\/li><li>Dafne Ba\u00f1uelos Maldonado<\/li><li>Delia Estrada S\u00e1nchez<\/li><li>Diana Patricia Jaimez Gonz\u00e1lez<\/li><li>Dora Adriana Ortiz Alcaide<\/li><li>Dorotea Iglesias Rodr\u00edguez<\/li><li>Dra. Gabriela Garc\u00eda Hubard<\/li><li>Drucila Rom\u00e1n Deloya<\/li><li>Dulce Merary Villalobos Tlatempa<\/li><li>Elizabeth \u00c1vila Carrancio<\/li><li>Erika de Jes\u00fas De la Torre Rivas<\/li><li>Evelyn P\u00e9rez Brito<\/li><li>Fabiola Ram\u00edrez<\/li><li>Fanny Fabiola Flores Valdez<\/li><li>Flavia Freidenberg<\/li><li>Flor Elizabeth Garc\u00eda C\u00e1rdenas<\/li><li>Gabriela \u00c1valos<\/li><li>Geny Valeria Uc Castillo<\/li><li>Georgina C\u00e1rdenas Acosta<\/li><li>Gladis C\u00e1rdenas<\/li><li>Gloria Hernando<\/li><li>Grace Keller<\/li><li>Graciela Ramos Carrasco<\/li><li>Guadalupe G\u00f3mez Maganda<\/li><li>Guadalupe Ortega Rodr\u00edguez<\/li><li>Harumi Frida Tirado Mendoza<\/li><li>Harumy Ramos Elizalde<\/li><li>Haydee Meza Caudillo<\/li><li>Iris Alejandra Hern\u00e1ndez S\u00e1nchez<\/li><li>Irma Guadalupe L\u00f3pez Lechuga<\/li><li>Irma Serrano Esparza<\/li><li>Isabel Herrera Salazar<\/li><li>Itz\u00e9 Coronel Salom\u00f3n<\/li><li>Itzel Gallardo<\/li><li>Ivette Cruz Aguilar<\/li><li>Ivonne Bagnis Rivadeneyra<\/li><li>Javier Guti\u00e9rrez \u00c1lvarez<\/li><li>Javier Mart\u00edn Reyes<\/li><li>Jessica Miroslava Cruz Cuevas<\/li><li>Jorge Horacio Jim\u00e9nez Silva<\/li><li>Jos\u00e9 Luis Caballero Ochoa<\/li><li>Jos\u00e9 Rold\u00e1n Xopa<\/li><li>Josefina Garza Reyna<\/li><li>Julieta Jocabeth Mart\u00ednez<\/li><li>Julieta Maribell Olgu\u00edn Castillo<\/li><li>Julio R\u00edos Figueroa<\/li><li>Katherine Esparza Cortez<\/li><li>Kelmic Hern\u00e1ndez Arreortua<\/li><li>Kenia Belem S\u00e1nchez Lorenzano<\/li><li>Kyra N\u00fa\u00f1ez de Le\u00f3n<\/li><li>Leny Marfil Celis<\/li><li>Leticia Guti\u00e9rrez Corona<\/li><li>Leticia Hermont<\/li><li>Lidia Guzm\u00e1n Hern\u00e1ndez<\/li><li>Lilia Monroy Lim\u00f3n<\/li><li>Lilyana Carrizales Medina<\/li><li>Lidia V\u00e1zquez<\/li><li>Ligia Vera Gamboa<\/li><li>Lizbeth Garc\u00eda Montoya<\/li><li>Lorena V\u00e1zquez Correa<\/li><li>Lorena Villavicencio Ayala<\/li><li>Lorraine Keller<\/li><li>Lolita Ju\u00e1rez<\/li><li>Lourdes Salgado Mart\u00ednez<\/li><li>Luis Alan L\u00f3pez Duran<\/li><li>Lydia Laucirica Guanche<\/li><li>Ma. Elena Bravo Hern\u00e1ndez<\/li><li>Ma. Guadalupe Garc\u00eda Burelo<\/li><li>Maclovia Gonz\u00e1lez<\/li><li>Magali Lara Lugo<\/li><li>Magali Sandra Ram\u00edrez Gonz\u00e1lez<\/li><li>Margarita Shears Lozano<\/li><li>Mar\u00eda Antonieta Valera de la Torre<\/li><li>Mar\u00eda del Rosario Vargas Anzaldo<\/li><li>Mar\u00eda del Pilar Cab Caamal<\/li><li>Ma. del Pilar S\u00e1nchez<\/li><li>Mar\u00eda del Rosario F\u00e1tima Robles<\/li><li>Mar\u00eda Elena J\u00e1uregui Flores<\/li><li>Mar\u00eda Elena Ortega Cort\u00e9s<\/li><li>Mar\u00eda Eugenia N\u00fa\u00f1ez Zapata<\/li><li>Mar\u00eda Enriqueta Burelo Melgar<\/li><li>Mar\u00eda Guadalupe Cruz Le\u00f3n<\/li><li>Mar\u00eda Hild De la Vega<\/li><li>Mar\u00eda Teresa Ru\u00edz Mart\u00ednez<\/li><li>Mar\u00eda Ver\u00f3nica Mendoza Cruz<\/li><li>Mariel Guzm\u00e1n<\/li><li>Mariana Orozco Camacho<\/li><li>Mariloly Alcudia P\u00e9rez<\/li><li>Martha Sim\u00e1 Calam<\/li><li>Marisol Chan<\/li><li>Marisol V\u00e1zquez Pi\u00f1\u00f3n<\/li><li>Melissa S\u00e1nchez<\/li><li>Mercedes Caso Vald\u00e9s<\/li><li>Miguel \u00c1ngel Aguirre Galv\u00e1n<\/li><li>Mijane Jim\u00e9nez Salinas<\/li><li>Miriam Ladr\u00f3n de Guevara<\/li><li>Mitzi Hern\u00e1ndez<\/li><li>M\u00f3nica Tapia A.<\/li><li>Norah Gallego<\/li><li>Norma Tapia Gardner<\/li><li>Norma S\u00e1nchez Castillo<\/li><li>\u00d3scar Guillermo Rebolledo Prudencio<\/li><li>Patricia Carrillo<\/li><li>Patricia Adriana Guevara C\u00e1zares<\/li><li>Patricia Su\u00e1rez Elizalde<\/li><li>Perla Herrera<\/li><li>Pilar Monterrubio Viloria<\/li><li>Raquel Prior<\/li><li>Raquel Ram\u00edrez Simental<\/li><li>Rebeca Herrera N.<\/li><li>Regina Bland\u00f3n Marr\u00f3n<\/li><li>Renata Garc\u00eda-Pi\u00f1a Cuellar<\/li><li>Rosa Carmi\u00f1a Pi\u00f1a Gonz\u00e1lez<\/li><li>Rossina Elisa Uranga Barri<\/li><li>Rosa Mar\u00eda Cabrera Lotfe<\/li><li>Rosa Mar\u00eda Cancino Moreno<\/li><li>Rosalba Becerril<\/li><li>Rosselvy del Carmen Dom\u00ednguez Ar\u00e9valo<\/li><li>Sergio Gonz\u00e1lez Juaricua<\/li><li>Silvia Guichard Moreno<\/li><li>Silvia S\u00e1nchez Flores<\/li><li>Silvina Elisabeth Suarez<\/li><li>Silvina Noem\u00ed Contreras Capetillo<\/li><li>Sophie Alexander Katz<\/li><li>Soraya P\u00e9rez Mungu\u00eda<\/li><li>Sugely Manzano<\/li><li>Susana \u00c1lvarez Contreras<\/li><li>Susana Camacho Maciel<\/li><li>Tania D. L\u00f3pez del R\u00edo<\/li><li>Telma Garc\u00eda<\/li><li>Ver\u00f3nica Aguilar V\u00e1zquez<\/li><li>Volga de Pina Ravest<\/li><li>Yara Olivia Vergara Bustamante<\/li><li>Ysis Pamela Payro Castro<\/li><li>Yumey Zetina Salgado<\/li><li>Yunitzilim Rodr\u00edguez Pedraza<\/li><li>Yunuen Castillo Menchaca<\/li><li>Zara Snapp<\/li><\/ol>\n\n\n\n<p class=\"wp-block-paragraph\">[1] Un mecanismo que permita a la Presidencia de la Rep\u00fablica allegarse de informaci\u00f3n y propuestas de organizaciones, instituciones acad\u00e9micas, colegios y especialistas en general, sobre posibles candidaturas, su desempe\u00f1o previo o respecto a la identificaci\u00f3n de un posible conflicto de inter\u00e9s. Es decir, un mecanismo de preselecci\u00f3n que proporcione elementos para formular la terna, reformular o reafirmar su decisi\u00f3n en aras de dotar de confianza la decisi\u00f3n y contar con una gama de perfiles que garanticen su independencia, autonom\u00eda e imparcialidad dentro de la SCJN. Para tal efecto, sugerimos que el titular de la Presidencia de la Rep\u00fablica emita una declaraci\u00f3n dando inicio al procedimiento de formulaci\u00f3n de la terna y establezca un plazo razonable para recibir sugerencias de posibles perfiles por parte de la sociedad civil. Una vez establecida y hecha p\u00fablica la terna, ser\u00eda recomendable que se establezca un plazo para recibir informaci\u00f3n sobre las personas que la integran, y en caso de reafirmar su decisi\u00f3n; posteriormente trasladar dicha informaci\u00f3n al Senado de la Rep\u00fablica, acompa\u00f1ada de la propuesta de terna.<br>[2] De acuerdo con la Comisi\u00f3n Interamericana de Derechos Humanos (CIDH), los procedimientos para seleccionar a las altas autoridades de los sistemas de justicia \u201cdeben estar abiertos al escrutinio p\u00fablico de los sectores sociales\u201d; as\u00ed como garantizar que sus procesos de designaci\u00f3n aseguren que jueces\/juezas y magistrados\/magistradas gocen de independencia e imparcialidad para ejercer de manera libre sus labores dentro de las entidades de justicia, eliminando la posibilidad de situaciones de subordinaci\u00f3n o dependencia a otros poderes o instituciones ajenos al Poder Judicial.<\/p>\n","protected":false},"excerpt":{"rendered":"<p>Al ejecutivo y al Senado reclaman cumplir con la paridad total sustentada en la Constituci\u00f3n<\/p>\n","protected":false},"author":3,"featured_media":41670,"comment_status":"open","ping_status":"open","sticky":false,"template":"","format":"standard","meta":{"_monsterinsights_skip_tracking":false,"footnotes":""},"categories":[692,54],"tags":[],"class_list":["post-41668","post","type-post","status-publish","format-standard","has-post-thumbnail","category-692","category-mujeres"],"_links":{"self":[{"href":"https:\/\/redsemlac.com\/semmexico\/wp-json\/wp\/v2\/posts\/41668","targetHints":{"allow":["GET"]}}],"collection":[{"href":"https:\/\/redsemlac.com\/semmexico\/wp-json\/wp\/v2\/posts"}],"about":[{"href":"https:\/\/redsemlac.com\/semmexico\/wp-json\/wp\/v2\/types\/post"}],"author":[{"embeddable":true,"href":"https:\/\/redsemlac.com\/semmexico\/wp-json\/wp\/v2\/users\/3"}],"replies":[{"embeddable":true,"href":"https:\/\/redsemlac.com\/semmexico\/wp-json\/wp\/v2\/comments?post=41668"}],"version-history":[{"count":0,"href":"https:\/\/redsemlac.com\/semmexico\/wp-json\/wp\/v2\/posts\/41668\/revisions"}],"wp:featuredmedia":[{"embeddable":true,"href":"https:\/\/redsemlac.com\/semmexico\/wp-json\/wp\/v2\/media\/41670"}],"wp:attachment":[{"href":"https:\/\/redsemlac.com\/semmexico\/wp-json\/wp\/v2\/media?parent=41668"}],"wp:term":[{"taxonomy":"category","embeddable":true,"href":"https:\/\/redsemlac.com\/semmexico\/wp-json\/wp\/v2\/categories?post=41668"},{"taxonomy":"post_tag","embeddable":true,"href":"https:\/\/redsemlac.com\/semmexico\/wp-json\/wp\/v2\/tags?post=41668"}],"curies":[{"name":"wp","href":"https:\/\/api.w.org\/{rel}","templated":true}]}}