{"id":41663,"date":"2021-11-04T17:51:43","date_gmt":"2021-11-04T23:51:43","guid":{"rendered":"https:\/\/redsemlac.com\/semmexico\/?p=41663"},"modified":"2023-07-21T18:47:50","modified_gmt":"2023-07-21T23:47:50","slug":"entresemana-papelazo","status":"publish","type":"post","link":"https:\/\/redsemlac.com\/semmexico\/entresemana-papelazo\/","title":{"rendered":"ENTRESEMANA| \u00a1Papelazo!"},"content":{"rendered":"\n<p class=\"wp-block-paragraph\"><strong>Mois\u00e9s S\u00e1nchez Lim\u00f3n<\/strong><\/p>\n\n\n\n<p class=\"wp-block-paragraph\">SemM\u00e9xico, Cd. de M\u00e9xico, 4 de noviembre, 2021.- Imposible, imposible\u2026<\/p>\n\n\n\n<p class=\"wp-block-paragraph\">Y c\u00f3mo cree usted que dejar\u00eda a la vera del camino dos temas que vienen como anillo al dedo presidencial. \u00bfA poco no?<\/p>\n\n\n\n<p class=\"wp-block-paragraph\">Ah\u00ed tiene usted el fiasco del jilguero sibarita Emilio Lozoya Austin que juguete\u00f3 y engatus\u00f3 al d\u00fao justiciero L\u00f3pez Obrador-Gertz Manero con tener un chorro de voz para cantar y denunciar incluso a su jefe mayor, el licenciado Enrique Pe\u00f1a Nieto, pero no tiene el chisguete ni pruebas.<\/p>\n\n\n\n<p class=\"wp-block-paragraph\">Y le dan un mes m\u00e1s para presentar las pruebas que dice tener del destino de los dineros de Odebrecht, pero finalmente lo hospedan, v\u00eda prisi\u00f3n preventiva oficiosa, en el Reclusorio Preventivo Norte, al pie del cerro del Chiquihuite.<\/p>\n\n\n\n<p class=\"wp-block-paragraph\">Y, bueno, bueno, el segundo tema que se alz\u00f3 como ejemplo de aqu\u00e9l gandaya y farol\u00f3n del barrio que presume haber sido el primer novio de la contrayente, cuando la dama no lo conoce ni ganas tiene de conocerlo.<\/p>\n\n\n\n<p class=\"wp-block-paragraph\">De pena ajena. M\u00e1s all\u00e1 del rollo de que respeta al fiscal Alejandro Gertz Manero y de asumir que su cuestionado programa Sembrando Vida tiene tama\u00f1o de inspiraci\u00f3n mundial del que se jacta y restriega en la cara a sus opositores, es evidente que blofea y miente como respira. \u00bfA poco no?<\/p>\n\n\n\n<p class=\"wp-block-paragraph\">\u00bfSabr\u00e1 Su Alteza Seren\u00edsima Andr\u00e9s Manuel que, desde 2018, existe el Plan de Acci\u00f3n para reducir la deforestaci\u00f3n y hacer frente a los efectos del cambio clim\u00e1tico en la Amazon\u00eda colombiana?<\/p>\n\n\n\n<p class=\"wp-block-paragraph\">\u00bfRecordar\u00e1 el licenciado presidente que, en la ma\u00f1anera del 2 de julio de 2020 dijo que \u201cel regreso de este se\u00f1or (Emilio) Lozoya (Austin) va a significar tambi\u00e9n un acto de justicia, porque se van a esclarecer muchas cosas?<\/p>\n\n\n\n<p class=\"wp-block-paragraph\">Lozoya hab\u00eda sido detenido el mi\u00e9rcoles 2 de febrero de ese a\u00f1o en exclusiva zona residencial de M\u00e1laga, Espa\u00f1a, y estaba por allanarse a la extradici\u00f3n mediante un acuerdo con el gobierno de la 4T que le dar\u00eda recepci\u00f3n especial en el aeropuerto internacional de la Ciudad de M\u00e9xico y, de ah\u00ed, a su casa no al Reclusorio.<\/p>\n\n\n\n<p class=\"wp-block-paragraph\">Cuesti\u00f3n de sacudir la memoria en otra pista.<\/p>\n\n\n\n<p class=\"wp-block-paragraph\">Porque am\u00e9n de no haber asistido a la COP26, la Cumbre del Clima celebrada en Glasgow, Escocia, ahora se alza como inspirador \u2013v\u00eda su programa Sembrando vida\u2014del Acuerdo mundial para poner fin a la deforestaci\u00f3n, con el que se busca detener y revertir la deforestaci\u00f3n en 2030 con el respaldo de m\u00e1s de 100 pa\u00edses, cuyos presidentes o jefes de Estado representan a m\u00e1s de 85% de los bosques del mundo,<\/p>\n\n\n\n<p class=\"wp-block-paragraph\">\u00bfUsted le cree al Duce Andr\u00e9s Manuel? Yo tampoco. Lea usted lo dicho por el Rey del Barrio:<\/p>\n\n\n\n<p class=\"wp-block-paragraph\">\u201c(\u2026) Ahora que fue el encuentro sobre medio ambiente criticaron que por qu\u00e9 no asist\u00ed. Pues estuvo en mi representaci\u00f3n, y lo hizo muy bien, Marcelo Ebrard.<\/p>\n\n\n\n<p class=\"wp-block-paragraph\"><strong>\u201cY no van a reconocerlo, pero \u00bfqu\u00e9 fue lo m\u00e1s significativo de ese encuentro en la Gran Breta\u00f1a? Fue la firma, s\u00ed, para sembrar \u00e1rboles. A ver, para que se enojen, \u00bfde d\u00f3nde creen que sali\u00f3 esa idea?, de Sembrando Vida.<\/strong><\/p>\n\n\n\n<p class=\"wp-block-paragraph\"><strong>\u201cY un dato adicional, porque tambi\u00e9n ah\u00ed est\u00e1n \u00bfno?, pendientes, que no hab\u00eda firmado M\u00e9xico el programa de reforestaci\u00f3n, si el programa lo propusimos nosotros\u201d.<\/strong><\/p>\n\n\n\n<p class=\"wp-block-paragraph\">En serio, no se r\u00eda. Porque inmediatamente fue desmentido por especialistas, ambientalistas y pol\u00edticos que saben bastante del tema y refirieron el que ser\u00eda una fuente que deriv\u00f3 en ese acuerdo al que M\u00e9xico lleg\u00f3 en condici\u00f3n de firmante de \u00faltima hora.<\/p>\n\n\n\n<p class=\"wp-block-paragraph\">Pero, no contento con ello, seguramente con la experiencia de haber ido a Espa\u00f1a luego de haber ganado la Presidencia en las urnas, como para reencontrarse con sus ancestros, sum\u00f3 a sus malquerencias, de la mano de los neoliberales que no pasa ni con aceite de ricino, a reuniones como la de la COP26.<\/p>\n\n\n\n<p class=\"wp-block-paragraph\">Y refiri\u00f3: \u201cadem\u00e1s, si se busca proteger el medio ambiente lo que hay que hacer es tomar decisiones, actuar, no es discurso.&nbsp;<strong>Ya parecen esas cumbres como las de Davos. \u00bfSe acuerdan de las cumbres de Davos, de los tecn\u00f3cratas y neoliberales<\/strong>, donde iban a plantear que las reformas estructurales eran la panacea, que el modelo neoliberal nos iba a salvar?<\/p>\n\n\n\n<p class=\"wp-block-paragraph\">\u201c(\u2026)&nbsp;<strong>Entonces, ya basta de hipocres\u00eda y de modas, lo que hay que hacer es combatir la desigualdad monstruosa que hay en el mundo, de esto es lo que voy a hablar ahora que voy a la ONU. No voy a llevar el avi\u00f3n presidencial\u201d.<\/strong><\/p>\n\n\n\n<p class=\"wp-block-paragraph\">En serio, en serio, lo dijo el licenciado Andr\u00e9s Manuel L\u00f3pez Obrador, el presidente sabelotodo. No se r\u00eda porque viene la otra parte de esta telenovela con guion del escritor y DJ Chucho Ram\u00edrez; se trata de un cap\u00edtulo para horario estelar del pillo de cuello blanco que se allan\u00f3 a la extradici\u00f3n y lleg\u00f3 a M\u00e9xico la noche del 17 de julio de 2020 con la oferta de cantar hasta la Traviata si le daban trato de delincuente de pedigr\u00ed.<\/p>\n\n\n\n<p class=\"wp-block-paragraph\">Y he ah\u00ed que, pese a las cr\u00edticas, el licenciado presidente ech\u00f3 campanas a vuelo, con la peregrina idea de que el ex director de Petr\u00f3leos Mexicanos le dar\u00eda informaci\u00f3n suficiente para que sus amanuenses vomitaran el en\u00e9simo rollo hecho libro, aunque \u00e9ste con posibilidad de convertirse en best seller.<\/p>\n\n\n\n<p class=\"wp-block-paragraph\">Al Duce le gan\u00f3 el esp\u00edritu justiciero y oportunista, a falta de capacidad o voluntad pol\u00edtica para meter a prisi\u00f3n a toda la pl\u00e9yade de delincuentes de cuello blanco que encontr\u00f3 en todas partes, porque con Lozoya Austin, dijo el 2 de julio del a\u00f1o pasado, \u201cvolvemos al ejemplo que pon\u00eda en el caso del juzgado. Independientemente del castigo, el ventilar estos asuntos, el que la gente sepa, se socialice la informaci\u00f3n de c\u00f3mo era el&nbsp;<em>modus operandi<\/em>&nbsp;durante el llamado modelo neoliberal, durante los gobiernos neoliberales, c\u00f3mo era la corrupci\u00f3n, tambi\u00e9n para lo mismo, para que no se repita\u201d.<\/p>\n\n\n\n<p class=\"wp-block-paragraph\">Pero fue un fiasco, porque el jilguero sibarita no cant\u00f3 aquello de lo que Su Alteza Seren\u00edsima predec\u00eda, y presum\u00eda:<\/p>\n\n\n\n<p class=\"wp-block-paragraph\">\u201c\u00a1Imag\u00ednense!&nbsp; &#8211;convoc\u00f3 ese 2 de julio&#8211;. En este caso sobornos para entrega de obras, sobornos para someter a legisladores, sobornos para comprar a todo el que se dejaba y a costillas del erario\u201d.<\/p>\n\n\n\n<p class=\"wp-block-paragraph\">Y adelant\u00f3:<\/p>\n\n\n\n<p class=\"wp-block-paragraph\">\u201cS\u00f3lo la compra de la planta del fertilizante, de acuerdo a aval\u00faos, se pag\u00f3 con un sobreprecio de alrededor de 200 millones de d\u00f3lares. Entonces, ese dinero hay que recuperarlo, 200 millones de d\u00f3lares, saber qu\u00e9 sucedi\u00f3 y recuperar lo m\u00e1s que se pueda para devolverle al pueblo lo robado. Entonces, es un asunto tambi\u00e9n muy importante, es poner en el centro la verdad que nos har\u00e1 libres, la verdad, que no se oculte nada.<\/p>\n\n\n\n<p class=\"wp-block-paragraph\">\u201c(\u2026) pero tambi\u00e9n importa mucho el que haya conocimiento de estos hechos, que el pueblo se entere, que ese es otro tribunal importante, el tribunal del pueblo\u201d.<\/p>\n\n\n\n<p class=\"wp-block-paragraph\">\u00bfDe qu\u00e9 nos enteramos los mexicanos que no sepamos? \u00bfQui\u00e9nes est\u00e1n en prisi\u00f3n? \u00a1Caray!, el Duce Andr\u00e9s Manuel ha fracasado en la idea, si es que alguna vez la tuvo, de aplicar la ley contra los corruptos recientes. Y se evidencia falaz consumado cuando hace caravana con sombrero ajeno. \u00a1Se vol\u00f3 la barda! Y su audiencia evit\u00f3 la carcajada. Digo.<\/p>\n\n\n\n<p class=\"wp-block-paragraph\"><a href=\"mailto:sanchezlimon@gmail.com\" target=\"_blank\" rel=\"noreferrer noopener\">sanchezlimon@gmail.com<\/a>&nbsp;&nbsp;<a href=\"http:\/\/www.entresemana.mx\/\" target=\"_blank\" rel=\"noreferrer noopener\">www.entresemana.mx<\/a>&nbsp;<strong>@msanchezlimon @msanchezlimon1<\/strong><\/p>\n","protected":false},"excerpt":{"rendered":"<p>Y c\u00f3mo cree usted que dejar\u00eda a la vera del camino dos temas que vienen como anillo al dedo presidencial. \u00bfA poco no?<\/p>\n","protected":false},"author":3,"featured_media":15805,"comment_status":"open","ping_status":"open","sticky":false,"template":"","format":"standard","meta":{"_monsterinsights_skip_tracking":false,"footnotes":""},"categories":[692,105,83,35],"tags":[],"class_list":["post-41663","post","type-post","status-publish","format-standard","has-post-thumbnail","category-692","category-entresemana","category-moises-sanchez-limon","category-opinion"],"_links":{"self":[{"href":"https:\/\/redsemlac.com\/semmexico\/wp-json\/wp\/v2\/posts\/41663","targetHints":{"allow":["GET"]}}],"collection":[{"href":"https:\/\/redsemlac.com\/semmexico\/wp-json\/wp\/v2\/posts"}],"about":[{"href":"https:\/\/redsemlac.com\/semmexico\/wp-json\/wp\/v2\/types\/post"}],"author":[{"embeddable":true,"href":"https:\/\/redsemlac.com\/semmexico\/wp-json\/wp\/v2\/users\/3"}],"replies":[{"embeddable":true,"href":"https:\/\/redsemlac.com\/semmexico\/wp-json\/wp\/v2\/comments?post=41663"}],"version-history":[{"count":0,"href":"https:\/\/redsemlac.com\/semmexico\/wp-json\/wp\/v2\/posts\/41663\/revisions"}],"wp:featuredmedia":[{"embeddable":true,"href":"https:\/\/redsemlac.com\/semmexico\/wp-json\/wp\/v2\/media\/15805"}],"wp:attachment":[{"href":"https:\/\/redsemlac.com\/semmexico\/wp-json\/wp\/v2\/media?parent=41663"}],"wp:term":[{"taxonomy":"category","embeddable":true,"href":"https:\/\/redsemlac.com\/semmexico\/wp-json\/wp\/v2\/categories?post=41663"},{"taxonomy":"post_tag","embeddable":true,"href":"https:\/\/redsemlac.com\/semmexico\/wp-json\/wp\/v2\/tags?post=41663"}],"curies":[{"name":"wp","href":"https:\/\/api.w.org\/{rel}","templated":true}]}}