{"id":41637,"date":"2021-11-04T14:24:07","date_gmt":"2021-11-04T20:24:07","guid":{"rendered":"https:\/\/redsemlac.com\/semmexico\/?p=41637"},"modified":"2023-07-21T18:47:51","modified_gmt":"2023-07-21T23:47:51","slug":"anuncian-la-primera-universidad-para-mujeres-en-linea","status":"publish","type":"post","link":"https:\/\/redsemlac.com\/semmexico\/anuncian-la-primera-universidad-para-mujeres-en-linea\/","title":{"rendered":"Anuncian la primera Universidad para Mujeres en L\u00ednea"},"content":{"rendered":"\n<h2 class=\"wp-block-heading\">Promovida en el Estado de M\u00e9xico con un plan de carreras profesionales<\/h2>\n\n\n\n<p class=\"wp-block-paragraph\">Redacci\u00f3n<\/p>\n\n\n\n<p class=\"wp-block-paragraph\">SemM\u00e9xico\/BillieParkernoticias, Ecatepec, EdoMex., 4 de noviembre, 2021.- Durante la Capacitaci\u00f3n para el Desarrollo del Liderazgo Pol\u00edtico de las Mujeres, celebrada en Ecatepec, el presidente municipal Fernando Vilchis Contreras anunci\u00f3 que muy pronto esta localidad contar\u00e1 con una Universidad para Mujeres, la cual se desempe\u00f1ar\u00e1 de manera digital.<\/p>\n\n\n\n<p class=\"wp-block-paragraph\">Ante legisladoras federales y locales, Vilchis Contreras asegur\u00f3 que como una medida para reforzar el empoderamiento de las mujeres su gobierno trabaja en la creaci\u00f3n de una instituci\u00f3n que brinde educaci\u00f3n universitaria en este sector de la localidad.<\/p>\n\n\n\n<p class=\"wp-block-paragraph\">Detall\u00f3 que por ahora el plan es que las carreras que se impartan sean en l\u00ednea para facilitar el acceso a las mismas;&nbsp;sin embargo, el proyecto contempla la instalaci\u00f3n de hasta cuatro sedes f\u00edsicos en todo el municipio, para que las alumnas reciban asesor\u00edas y aclaren dudas respecto a sus clases.<\/p>\n\n\n\n<p class=\"wp-block-paragraph\">\u201cYo quiero anunciar que vamos a abrir la primera Universidad para Mujeres, una universidad en l\u00ednea.&nbsp;Esta universidad en l\u00ednea, vamos a abrir las sedes para que tengan capacitadores, a veces se es autodidacta, pero siempre se necesita asesoramiento, vamos a abrir tres o cuatro sedes, as\u00ed como abrimos el espacio de los abogados para que las representen\u201d, dijo.<\/p>\n\n\n\n<p class=\"wp-block-paragraph\">De forma adicional, Vilchis Contreras comparti\u00f3 con las asistentes la trascendencia del programa municipal \u201cEscuela de Manejo para Mujeres\u201d, el cual ha beneficiado a m\u00e1s de tres mil ciudadanas y ha sido reconocido por pa\u00edses como Espa\u00f1a, Argentina y recientemente por la ciudad sudamericana de Medell\u00edn, Colombia.<\/p>\n\n\n\n<p class=\"wp-block-paragraph\">La Capacitaci\u00f3n para el Desarrollo del Liderazgo Pol\u00edtico de las Mujeres se llev\u00f3 a cabo en hotel de la plaza comercial Las Am\u00e9ricas y fue encabezada por legisladoras de Morena, entre ellas la senadora Martha Guerrero S\u00e1nchez y las diputadas Mar\u00eda Eugenia Hern\u00e1ndez P\u00e9rez, Alma Delia Navarrete Rivera y Azucena Cisneros Coss.<\/p>\n\n\n\n<p class=\"wp-block-paragraph\">En el evento se abordaron temas como el feminismo en M\u00e9xico durante el siglo XXI, discriminaci\u00f3n de g\u00e9nero, violencia pol\u00edtica contra las mujeres y la concepci\u00f3n de las nuevas masculinidades en una perspectiva social, entre otros temas de \u00edndole pol\u00edtico.<\/p>\n","protected":false},"excerpt":{"rendered":"<p>Fernando Vilchis Contreras anuncia que va a abrir la primera Universidad para Mujeres, una universidad en l\u00ednea.<\/p>\n","protected":false},"author":3,"featured_media":41638,"comment_status":"open","ping_status":"open","sticky":false,"template":"","format":"standard","meta":{"_monsterinsights_skip_tracking":false,"footnotes":""},"categories":[692,51],"tags":[],"class_list":["post-41637","post","type-post","status-publish","format-standard","has-post-thumbnail","category-692","category-ejecutivo"],"_links":{"self":[{"href":"https:\/\/redsemlac.com\/semmexico\/wp-json\/wp\/v2\/posts\/41637","targetHints":{"allow":["GET"]}}],"collection":[{"href":"https:\/\/redsemlac.com\/semmexico\/wp-json\/wp\/v2\/posts"}],"about":[{"href":"https:\/\/redsemlac.com\/semmexico\/wp-json\/wp\/v2\/types\/post"}],"author":[{"embeddable":true,"href":"https:\/\/redsemlac.com\/semmexico\/wp-json\/wp\/v2\/users\/3"}],"replies":[{"embeddable":true,"href":"https:\/\/redsemlac.com\/semmexico\/wp-json\/wp\/v2\/comments?post=41637"}],"version-history":[{"count":0,"href":"https:\/\/redsemlac.com\/semmexico\/wp-json\/wp\/v2\/posts\/41637\/revisions"}],"wp:featuredmedia":[{"embeddable":true,"href":"https:\/\/redsemlac.com\/semmexico\/wp-json\/wp\/v2\/media\/41638"}],"wp:attachment":[{"href":"https:\/\/redsemlac.com\/semmexico\/wp-json\/wp\/v2\/media?parent=41637"}],"wp:term":[{"taxonomy":"category","embeddable":true,"href":"https:\/\/redsemlac.com\/semmexico\/wp-json\/wp\/v2\/categories?post=41637"},{"taxonomy":"post_tag","embeddable":true,"href":"https:\/\/redsemlac.com\/semmexico\/wp-json\/wp\/v2\/tags?post=41637"}],"curies":[{"name":"wp","href":"https:\/\/api.w.org\/{rel}","templated":true}]}}