{"id":41634,"date":"2021-11-04T14:02:18","date_gmt":"2021-11-04T20:02:18","guid":{"rendered":"https:\/\/redsemlac.com\/semmexico\/?p=41634"},"modified":"2023-07-21T18:47:51","modified_gmt":"2023-07-21T23:47:51","slug":"red-feminista-de-quintana-roo-exige-separen-a-un-funcionario-acusado-de-acoso","status":"publish","type":"post","link":"https:\/\/redsemlac.com\/semmexico\/red-feminista-de-quintana-roo-exige-separen-a-un-funcionario-acusado-de-acoso\/","title":{"rendered":"Red feminista de Quintana Roo exige separen a un funcionario acusado de acoso"},"content":{"rendered":"\n<p class=\"wp-block-paragraph\"><strong>No nos callaremos, dicen y afirman que se deje de solapar a violentadores que se escudan detr\u00e1s de un cargo p\u00fablico-pol\u00edtico<\/strong><\/p>\n\n\n\n<p class=\"wp-block-paragraph\"><strong>\u00bfQu\u00e9 les estamos diciendo a las victimas cuando insistimos en dar espacio p\u00fablico a discursos que solapan a abusadores por haber hecho tales haza\u00f1as?<\/strong><\/p>\n\n\n\n<p class=\"wp-block-paragraph\">Redacci\u00f3n<\/p>\n\n\n\n<p class=\"wp-block-paragraph\">SemM\u00e9xico, Cd. de M\u00e9xico, 4 de noviembre, 2021.- La Red Feminista Quintanarroense, en un comunicado, distribuido en redes, repudi\u00f3 en\u00e9rgicamente las decisiones del Presidente Municipal Erik Borges Yam, en torno al acoso sexual de parte del Servidor p\u00fablico D. V. F., que se inform\u00f3 a trav\u00e9s de los medios de comunicaci\u00f3n.<\/p>\n\n\n\n<p class=\"wp-block-paragraph\">Manifestaron su indignaci\u00f3n y la exigen justicia de la v\u00edctima; manifestaron que aprecian de ellas su valor de denunciar p\u00fablica y legalmente el acoso y las acciones lascivas perpetradas. Por esa raz\u00f3n rechazan que se utilice de manera amarillista la informaci\u00f3n que en todo momento las victimas se\u00f1alan y que se intente desprestigiar a quienes, desde el activismo feminista, le dan acompa\u00f1amiento jur\u00eddico. Ello trae como consecuencia desviar la atenci\u00f3n a lo verdaderamente sustancial.<\/p>\n\n\n\n<p class=\"wp-block-paragraph\">El agresor de la v\u00edctima con iniciales D.V.F que actualmente se desempe\u00f1a como Director de Servicios generales del Municipio de Jos\u00e9 Mar\u00eda Morelos, Quintana Roo, seg\u00fan la carpeta de Investigaci\u00f3n es FGE\/QROO\/VFZC\/FENNA\/04\/11\/2021 donde es se\u00f1alado de cometer el delito de Acoso Sexual la cual derivo del caso FGE\/QR\/JMM\/05\/159\/2018.<\/p>\n\n\n\n<p class=\"wp-block-paragraph\">Lo que el presidente Erik Borges Yam mencion\u00f3 a trav\u00e9s de redes sociales \u201ccon las pruebas suficientes ser\u00e1 dado de baja de manera inmediata\u201d y anexa la carpeta de investigaci\u00f3n. Con esto exigimos de manera p\u00fablica cumpla con las acciones pertinentes.<\/p>\n\n\n\n<p class=\"wp-block-paragraph\">Se\u00f1alan que cada vez que estos actos se denuncian p\u00fablicamente, evidencia una cultura de violencia sexual y misoginia generalizada, que hasta hace muy poco tiempo era tolerada y encubierta socialmente, pero\u201d sabemos que hoy en d\u00eda las mujeres hemos construido redes de apoyo sororo por todo el mundo\u201d, por ello alzamos la voz, \u00a1Nunca m\u00e1s tendr\u00e1n la comodidad de nuestro silencio!<\/p>\n\n\n\n<p class=\"wp-block-paragraph\">Finalmente precisan que \u201choy queremos decirle tambi\u00e9n al Presidente Municipal y a todas las personas que ocupan cargos p\u00fablicos pol\u00edticos que no tendr\u00e1n m\u00e1s la comodidad de nuestro silencio. Exigimos que realmente se capaciten y dejen de simular que est\u00e1n capacitando a su personal, cu\u00e1ndo requerimos que cada representante de dichos cargos trabaje con perspectiva de g\u00e9nero, interculturalidad, enfoque de Derechos humanos y pertinencia intercultural. Y le recordamos al Estado que las mujeres de la zona maya que han vivido tanta violencia, omisi\u00f3n, impunidad y desigualdad ya no est\u00e1n solas.<\/p>\n","protected":false},"excerpt":{"rendered":"<p>No nos callaremos, dicen y afirman que se deje de solapar a violentadores que se escudan detr\u00e1s de un cargo p\u00fablico-pol\u00edtico.<\/p>\n","protected":false},"author":3,"featured_media":41635,"comment_status":"open","ping_status":"open","sticky":false,"template":"","format":"standard","meta":{"_monsterinsights_skip_tracking":false,"footnotes":""},"categories":[692,54],"tags":[],"class_list":["post-41634","post","type-post","status-publish","format-standard","has-post-thumbnail","category-692","category-mujeres"],"_links":{"self":[{"href":"https:\/\/redsemlac.com\/semmexico\/wp-json\/wp\/v2\/posts\/41634","targetHints":{"allow":["GET"]}}],"collection":[{"href":"https:\/\/redsemlac.com\/semmexico\/wp-json\/wp\/v2\/posts"}],"about":[{"href":"https:\/\/redsemlac.com\/semmexico\/wp-json\/wp\/v2\/types\/post"}],"author":[{"embeddable":true,"href":"https:\/\/redsemlac.com\/semmexico\/wp-json\/wp\/v2\/users\/3"}],"replies":[{"embeddable":true,"href":"https:\/\/redsemlac.com\/semmexico\/wp-json\/wp\/v2\/comments?post=41634"}],"version-history":[{"count":0,"href":"https:\/\/redsemlac.com\/semmexico\/wp-json\/wp\/v2\/posts\/41634\/revisions"}],"wp:featuredmedia":[{"embeddable":true,"href":"https:\/\/redsemlac.com\/semmexico\/wp-json\/wp\/v2\/media\/41635"}],"wp:attachment":[{"href":"https:\/\/redsemlac.com\/semmexico\/wp-json\/wp\/v2\/media?parent=41634"}],"wp:term":[{"taxonomy":"category","embeddable":true,"href":"https:\/\/redsemlac.com\/semmexico\/wp-json\/wp\/v2\/categories?post=41634"},{"taxonomy":"post_tag","embeddable":true,"href":"https:\/\/redsemlac.com\/semmexico\/wp-json\/wp\/v2\/tags?post=41634"}],"curies":[{"name":"wp","href":"https:\/\/api.w.org\/{rel}","templated":true}]}}