{"id":41629,"date":"2021-11-04T13:15:00","date_gmt":"2021-11-04T19:15:00","guid":{"rendered":"https:\/\/redsemlac.com\/semmexico\/?p=41629"},"modified":"2023-07-21T18:47:51","modified_gmt":"2023-07-21T23:47:51","slug":"peticion-de-colectivas-feministas-para-despenalizar-el-aborto-en-puebla","status":"publish","type":"post","link":"https:\/\/redsemlac.com\/semmexico\/peticion-de-colectivas-feministas-para-despenalizar-el-aborto-en-puebla\/","title":{"rendered":"Petici\u00f3n de colectivas feministas para despenalizar el aborto en Puebla"},"content":{"rendered":"\n<p class=\"wp-block-paragraph\"><strong>Urgen al Congreso a armonizar la ley en acuerdo con la Suprema Corte<\/strong><\/p>\n\n\n\n<p class=\"wp-block-paragraph\"><strong>Movilizaciones por m\u00e1s de dos a\u00f1os en esa ciudad de Los \u00c1ngeles<\/strong><\/p>\n\n\n\n<p class=\"wp-block-paragraph\">Elda Montiel<\/p>\n\n\n\n<p class=\"wp-block-paragraph\">SemM\u00e9xico, Cd. de M\u00e9xico, 4 de noviembre 2021.- La Asociaci\u00f3n 33 Mujeres subi\u00f3 a la plataforma change.org la petici\u00f3n al Congreso del Estado de Puebla de despenalizar el aborto y que se armonice la legislaci\u00f3n de acuerdo al fallo de la Suprema Corte de Justicia del pasado mes de septiembre de que es inconstitucional penalizar el aborto en Coahuila.<\/p>\n\n\n\n<p class=\"wp-block-paragraph\">En los \u00faltimos a\u00f1os en el estado de Puebla <strong>colectivos feministas a favor de los derechos sexuales y reproductivos de las mujeres han buscado tener di\u00e1logos con el Congreso local para que se legisle sobre la despenalizaci\u00f3n del aborto, <\/strong>sin embargo, Puebla es un Estado que se ve influenciado por diversos sectores religiosos en materia de toma de decisiones.<\/p>\n\n\n\n<p class=\"wp-block-paragraph\">As\u00ed parece al declarar el gobernador Miguel Barbosa que cada estado deber\u00e1 analizar la resoluci\u00f3n bajo sus propias <strong>condiciones religiosas, pol\u00edticas y sociales respecto al fallo de la Suprema Corte de Justicia.<\/strong><\/p>\n\n\n\n<p class=\"wp-block-paragraph\"><strong>La Suprema Corte fue muy clara al establecer que este fallo debe ser un criterio obligatorio para todos los jueces y juezas del pa\u00eds<\/strong> si se llega a tener casos similares de mujeres que interrumpieron el embarazo.<\/p>\n\n\n\n<p class=\"wp-block-paragraph\">Colectivos feministas ven muy poca voluntad por parte del Congreso local para despenalizar el aborto, pero, el precedente creado por la SCJN crea una iniciativa para que se comience a legalizar el aborto y a verse como un derecho obligatorio para la mujer.<\/p>\n\n\n\n<p class=\"wp-block-paragraph\">Como se recordar\u00e1 en noviembre del 2020 grupos feministas tomaron el Congreso del Estado en demanda de que se discutieran dos iniciativas relacionadas con la interrupci\u00f3n legal del embarazo y la despenalizaci\u00f3n del aborto, e incluso se llev\u00f3 a cabo un Parlamento Abierto con grupos sociales y acad\u00e9micos; sin embargo, la LX Legislatura que reci\u00e9n concluyo la congelo.<\/p>\n\n\n\n<p class=\"wp-block-paragraph\">Apenas el pasado septiembre 2021 las calles de Puebla se llenaron de pa\u00f1uelos verdes y morados en demanda de la despenalizaci\u00f3n del aborto.<\/p>\n\n\n\n<p class=\"wp-block-paragraph\">La petici\u00f3n circula ya entre las feministas para que sirva de testimonial de cuantas mujeres est\u00e1n a favor de que se armonice la ley y se despenalice el aborto en Puebla.<\/p>\n","protected":false},"excerpt":{"rendered":"<p>La Asociaci\u00f3n 33 Mujeres subi\u00f3 a la plataforma change.org la petici\u00f3n al Congreso del Estado de Puebla de despenalizar el aborto.<\/p>\n","protected":false},"author":3,"featured_media":41632,"comment_status":"open","ping_status":"open","sticky":false,"template":"","format":"standard","meta":{"_monsterinsights_skip_tracking":false,"footnotes":""},"categories":[692,54],"tags":[],"class_list":["post-41629","post","type-post","status-publish","format-standard","has-post-thumbnail","category-692","category-mujeres"],"_links":{"self":[{"href":"https:\/\/redsemlac.com\/semmexico\/wp-json\/wp\/v2\/posts\/41629","targetHints":{"allow":["GET"]}}],"collection":[{"href":"https:\/\/redsemlac.com\/semmexico\/wp-json\/wp\/v2\/posts"}],"about":[{"href":"https:\/\/redsemlac.com\/semmexico\/wp-json\/wp\/v2\/types\/post"}],"author":[{"embeddable":true,"href":"https:\/\/redsemlac.com\/semmexico\/wp-json\/wp\/v2\/users\/3"}],"replies":[{"embeddable":true,"href":"https:\/\/redsemlac.com\/semmexico\/wp-json\/wp\/v2\/comments?post=41629"}],"version-history":[{"count":0,"href":"https:\/\/redsemlac.com\/semmexico\/wp-json\/wp\/v2\/posts\/41629\/revisions"}],"wp:featuredmedia":[{"embeddable":true,"href":"https:\/\/redsemlac.com\/semmexico\/wp-json\/wp\/v2\/media\/41632"}],"wp:attachment":[{"href":"https:\/\/redsemlac.com\/semmexico\/wp-json\/wp\/v2\/media?parent=41629"}],"wp:term":[{"taxonomy":"category","embeddable":true,"href":"https:\/\/redsemlac.com\/semmexico\/wp-json\/wp\/v2\/categories?post=41629"},{"taxonomy":"post_tag","embeddable":true,"href":"https:\/\/redsemlac.com\/semmexico\/wp-json\/wp\/v2\/tags?post=41629"}],"curies":[{"name":"wp","href":"https:\/\/api.w.org\/{rel}","templated":true}]}}