{"id":41596,"date":"2021-11-03T15:23:00","date_gmt":"2021-11-03T21:23:00","guid":{"rendered":"https:\/\/redsemlac.com\/semmexico\/?p=41596"},"modified":"2023-07-21T18:47:52","modified_gmt":"2023-07-21T23:47:52","slug":"tras-la-puerta-del-poder-amlo-envio-ya-a-claudia-a-disputarle-a-monreal-los-estados","status":"publish","type":"post","link":"https:\/\/redsemlac.com\/semmexico\/tras-la-puerta-del-poder-amlo-envio-ya-a-claudia-a-disputarle-a-monreal-los-estados\/","title":{"rendered":"Tras la puerta del poder| AMLO envi\u00f3 ya a Claudia a disputarle a Monreal los estados"},"content":{"rendered":"\n<p class=\"wp-block-paragraph\"><strong>Roberto Vizca\u00edno<\/strong><strong>&nbsp;<\/strong><strong><\/strong><\/p>\n\n\n\n<p class=\"wp-block-paragraph\">SemM\u00e9xico, Cd. de M\u00e9xico, 3 de noviembre, 2021.-Al adelantar el lunes 5 de julio pasado inusitadamente su propia sucesi\u00f3n con el lanzamiento de 5 supuestos prospectos de su entorno (entre los que \u00e9l no estaba), el presidente&nbsp;<strong>Andr\u00e9s Manuel L\u00f3pez Obrador<\/strong>&nbsp;oblig\u00f3 a&nbsp;<strong>Ricardo Monreal<\/strong>&nbsp;a iniciar su propia carrera por la Presidencia en 2024.&nbsp;<\/p>\n\n\n\n<p class=\"wp-block-paragraph\">Experimentado y exitoso operador electoral, el zacatecano aprovech\u00f3 su natural circunstancia de coordinador de la mayor\u00eda de Morena y de Presidente de la Junta de Coordinaci\u00f3n Pol\u00edtica en el Senado para comenzar un amplio recorrido por el pa\u00eds.&nbsp;<\/p>\n\n\n\n<p class=\"wp-block-paragraph\">Casi todo julio lo dedic\u00f3 a entrevistas con los principales conductores de la radio del pa\u00eds, donde dej\u00f3 en claro que con o sin morena y&nbsp;<strong>AMLO<\/strong>&nbsp;\u00e9l estar\u00eda en la boleta presidencial de julio de 2024.&nbsp;<\/p>\n\n\n\n<p class=\"wp-block-paragraph\">A partir de entonces es el rebelde dentro de la 4T. Ya no hubo m\u00e1s desayunos en Palacio.&nbsp;&nbsp;<\/p>\n\n\n\n<p class=\"wp-block-paragraph\">Sin apuros, y con un libro de su autor\u00eda bajo el brazo, en agosto estuvo en Tlaxcala y Durango donde prob\u00f3 que era atractivo para los medios locales y para confirmar que sus entrevistas eran retomadas por los todos los medios llamados nacionales y profusamente por las redes sociales.&nbsp;&nbsp;<\/p>\n\n\n\n<p class=\"wp-block-paragraph\"><strong>As\u00ed en septiembre se fue a San Luis Potos\u00ed, Oaxaca, Estado de M\u00e9xico, Nayarit, Zacatecas, Chihuahua, Baja California Sur, Tamaulipas, en algunos casos para presentar su libro y en otras para encontrarse con los morenistas que ganaron en las elecciones pasadas.&nbsp;<\/strong><\/p>\n\n\n\n<p class=\"wp-block-paragraph\"><strong>Ese mes se reuni\u00f3 en una de sus casas en Zacatecas en privado con Marcelo Ebrard<\/strong>. Un encuentro evidentemente fuera del control de usted ysq.&nbsp;&nbsp;<\/p>\n\n\n\n<p class=\"wp-block-paragraph\"><strong>En o<u>ctubre aplic\u00f3&nbsp;<\/u>la misma receta y se fue a&nbsp;<\/strong>Michoac\u00e1n, Coahuila, Nuevo Le\u00f3n, Guanajuato, Quintana Roo,<strong>&nbsp;Oaxaca, Pachuca, Hidalgo, pero ya con un elemento adicional, se hizo acompa\u00f1ar por una veintena de senadores de Morena y hasta de la oposici\u00f3n.&nbsp;<\/strong><\/p>\n\n\n\n<p class=\"wp-block-paragraph\"><strong>Ya para entonces era evidente que estaba abiertamente en campa\u00f1a.&nbsp;&nbsp;<\/strong><\/p>\n\n\n\n<p class=\"wp-block-paragraph\"><strong>&nbsp;En Guanajuato Monreal<\/strong>&nbsp;al informe anual de 2 legisladoras de su partido:&nbsp;<strong>Antares V\u00e1zquez Alatorre y Mal\u00fa M\u00edcher Camarena<\/strong>, a quienes propuso abiertamente como prospectos para la gubernatura de ese estado. Lo mismo hizo d\u00edas m\u00e1s tarde con gran \u00e9xito en Quintana Roo al lanzar ya abiertamente a la senadora morenista&nbsp;<strong>Marybel Villegas<\/strong>.&nbsp;<\/p>\n\n\n\n<p class=\"wp-block-paragraph\">La receta la aplic\u00f3 en Oaxaca para lanzar ante 10 mil seguidores al morenista Salom\u00f3n Jara y en Pachuca, Hidalgo al senador Julio Menchaca ante unos 5 mil hidalguenses. Ya para entonces era acompa\u00f1ado por Mario Delgado, l\u00edder nacional de Morena&nbsp;<\/p>\n\n\n\n<p class=\"wp-block-paragraph\"><strong>SE LE APARECE CLAUDIA&nbsp;<\/strong><\/p>\n\n\n\n<p class=\"wp-block-paragraph\">Este naciente noviembre lo abri\u00f3 con viajes a Baja California y a Sinaloa a la toma de posesi\u00f3n de los nuevos gobernadores en esos estados. Pero ahora con el agregado de que a esos mismos eventos acudi\u00f3&nbsp;<strong>Claudia Sheinbaum<\/strong>.&nbsp;<\/p>\n\n\n\n<p class=\"wp-block-paragraph\">O sea,&nbsp;<strong>AMLO<\/strong>&nbsp;ya le puso&nbsp;<em>cola<\/em>\u2026&nbsp;&nbsp;<\/p>\n\n\n\n<p class=\"wp-block-paragraph\">Un par de d\u00edas antes la Jefa de Gobierno de la CDMX estuvo con L\u00f3pez Obrador en Campeche para luego ir al Festival Cervantino en Guanajuato y de ah\u00ed viajar a Baja California, Sinaloa y Colima a las tomas de posesi\u00f3n de los nuevos gobernadores.&nbsp;&nbsp;&nbsp;<\/p>\n\n\n\n<p class=\"wp-block-paragraph\"><strong>Monreal ya no acudi\u00f3 a este \u00faltimo estado. La dej\u00f3 sola.&nbsp;<\/strong><\/p>\n\n\n\n<p class=\"wp-block-paragraph\"><strong>LOS MENSAJES&nbsp;<\/strong><\/p>\n\n\n\n<p class=\"wp-block-paragraph\"><strong>De estos d\u00edas s\u00f3lo hay registro de dos declaraciones:&nbsp;<\/strong><\/p>\n\n\n\n<p class=\"wp-block-paragraph\"><strong>Ella dijo a los reporteros que el pa\u00eds&nbsp;<em>ya est\u00e1 preparado para ser gobernado por una mujer<\/em>. Falt\u00f3 preguntarle entonces por qu\u00e9 los mismos pobladores, ind\u00edgenas en su origen, echaron fuera a algunas ganadoras de alcald\u00edas en Oaxaca y Chiapas. Pero\u2026&nbsp;&nbsp;<\/strong><\/p>\n\n\n\n<p class=\"wp-block-paragraph\"><strong>Monreal por su parte insisti\u00f3 en que la nominaci\u00f3n del candidato presidencial de Morena debe surgir no de una encuesta -cuyo m\u00e9todo est\u00e1 desgastado y lleno de desconfianza, lo que s\u00f3lo provoca rupturas internas- sino de elecciones primarias y consultas a la base.&nbsp;<\/strong><\/p>\n\n\n\n<p class=\"wp-block-paragraph\"><strong>Y desde Sinaloa subray\u00f3 que<\/strong>&nbsp;lanzada la convocatoria \u00e9l se inscribir\u00e1 porque cree que&nbsp;<strong><em>al norte del pa\u00eds ya le toca tener un Presidente<\/em><\/strong>. Dijo creer que sus contrincantes ser\u00e1n&nbsp;<strong>Marcelo Ebrard y Claudia Sheinbaum:<\/strong>&nbsp;<\/p>\n\n\n\n<p class=\"wp-block-paragraph\">\u201cVa a ser una contienda respetuosa\u2026 pero&nbsp;<strong>creo que les voy a ganar a los dos<\/strong>\u201d, subray\u00f3.&nbsp;<\/p>\n\n\n\n<p class=\"wp-block-paragraph\">&#8230;.<a href=\"mailto:rvizcainoa@gmail.com\" target=\"_blank\" rel=\"noreferrer noopener\">rvizcainoa@gmail.com<\/a>&nbsp;\/ Twitter: @_Vizcaino \/ Facebook \/&nbsp;<a href=\"https:\/\/www.facebook.com\/rvizcainoa\" target=\"_blank\" rel=\"noreferrer noopener\">https:\/\/www.facebook.com\/rvizcainoa<\/a>&nbsp;<\/p>\n","protected":false},"excerpt":{"rendered":"<p>Al adelantar el lunes 5 de julio pasado inusitadamente su propia sucesi\u00f3n con el lanzamiento de 5 supuestos prospectos de su entorno <\/p>\n","protected":false},"author":3,"featured_media":39589,"comment_status":"open","ping_status":"open","sticky":false,"template":"","format":"standard","meta":{"_monsterinsights_skip_tracking":false,"footnotes":""},"categories":[692,35,623,622],"tags":[459],"class_list":["post-41596","post","type-post","status-publish","format-standard","has-post-thumbnail","category-692","category-opinion","category-roberto-vizcaino","category-tras-la-puerta-del-poder","tag-opinion"],"_links":{"self":[{"href":"https:\/\/redsemlac.com\/semmexico\/wp-json\/wp\/v2\/posts\/41596","targetHints":{"allow":["GET"]}}],"collection":[{"href":"https:\/\/redsemlac.com\/semmexico\/wp-json\/wp\/v2\/posts"}],"about":[{"href":"https:\/\/redsemlac.com\/semmexico\/wp-json\/wp\/v2\/types\/post"}],"author":[{"embeddable":true,"href":"https:\/\/redsemlac.com\/semmexico\/wp-json\/wp\/v2\/users\/3"}],"replies":[{"embeddable":true,"href":"https:\/\/redsemlac.com\/semmexico\/wp-json\/wp\/v2\/comments?post=41596"}],"version-history":[{"count":0,"href":"https:\/\/redsemlac.com\/semmexico\/wp-json\/wp\/v2\/posts\/41596\/revisions"}],"wp:featuredmedia":[{"embeddable":true,"href":"https:\/\/redsemlac.com\/semmexico\/wp-json\/wp\/v2\/media\/39589"}],"wp:attachment":[{"href":"https:\/\/redsemlac.com\/semmexico\/wp-json\/wp\/v2\/media?parent=41596"}],"wp:term":[{"taxonomy":"category","embeddable":true,"href":"https:\/\/redsemlac.com\/semmexico\/wp-json\/wp\/v2\/categories?post=41596"},{"taxonomy":"post_tag","embeddable":true,"href":"https:\/\/redsemlac.com\/semmexico\/wp-json\/wp\/v2\/tags?post=41596"}],"curies":[{"name":"wp","href":"https:\/\/api.w.org\/{rel}","templated":true}]}}