{"id":41590,"date":"2021-11-03T11:00:00","date_gmt":"2021-11-03T17:00:00","guid":{"rendered":"https:\/\/redsemlac.com\/semmexico\/?p=41590"},"modified":"2023-07-21T18:47:53","modified_gmt":"2023-07-21T23:47:53","slug":"festival-cine-por-mujeres","status":"publish","type":"post","link":"https:\/\/redsemlac.com\/semmexico\/festival-cine-por-mujeres\/","title":{"rendered":"Festival Cine por Mujeres"},"content":{"rendered":"\n<ul class=\"wp-block-list\"><li>\u201cEl cine est\u00e1 empezando a cambiar de rumbo a un destino en el que las mujeres tienen mucho que decir\u201d<\/li><li>4\u00aa. Edici\u00f3n, 19 sedes presenciales en Madrid, 54 largometrajes, solo de directoras del mundo<\/li><\/ul>\n\n\n\n<p class=\"wp-block-paragraph\"><strong>\u00a0Alina Rudel<\/strong><\/p>\n\n\n\n<p class=\"wp-block-paragraph\">SemM\u00e9xico\/AmecoPress, Madrid, Espa\u00f1a, 3 de noviembre, 2021. &#8211;\u00a0\u201cLa presencia de la mujer en la direcci\u00f3n no sigue siendo equilibrada y hay solo un 20 por ciento de mujeres directoras\u201d, ha afirmado la co-directora del Festival Cine por Mujeres, Carlota \u00c1lvarez Basso, en la presentaci\u00f3n del certamen en la Casa Am\u00e9rica este martes 26 de octubre.<\/p>\n\n\n\n<p class=\"wp-block-paragraph\">Por esta raz\u00f3n, el festival sigue demostrando por cuarto a\u00f1o consecutivo que las mujeres pueden hacer pel\u00edculas de calidad. En este \u00faltimo a\u00f1o, las cineastas han empezado a tener relevancia por conseguir los m\u00e1s c\u00e9lebres premios como el \u00d3scar para la directora Chlo\u00e9 Zhao por su pel\u00edcula \u2018Nomadland\u2019, la Palma de Oro para la pel\u00edcula \u2018Titane\u2019 de Julia Ducournau o el Le\u00f3n de Oro a Audrey Diwan por \u2018L\u2019evenement\u2019. El panorama espa\u00f1ol tampoco qued\u00f3 exento, ya que el Goya a mejor pel\u00edcula fue para \u2018Las ni\u00f1as\u2019 de Pilar Palomero.<\/p>\n\n\n\n<p class=\"wp-block-paragraph\">Sin embargo, \u201cno podemos pecar de triunfalismo\u201d, ha remarcado la co-directora del festival, ya que las mujeres creadoras siguen partiendo de una situaci\u00f3n de desventaja con respecto a los hombres. \u201cTener acceso a la financiaci\u00f3n y a los circuitos de exhibici\u00f3n y distribuci\u00f3n sigue siendo un obst\u00e1culo\u201d, ha declarado la directora del Instituto de Mujeres, Antonia Morrillas.<\/p>\n\n\n\n<p class=\"wp-block-paragraph\"><a href=\"https:\/\/amecopress.net\/IMG\/jpg\/festival_2.jpg\"><\/a><\/p>\n\n\n\n<p class=\"wp-block-paragraph\">Por ello, \u201ccert\u00e1menes como este son una necesidad porque contribuyen a la profunda transformaci\u00f3n cultural que se requiere para destripar el patriarcado que a\u00fan contamina nuestra sociedad, nuestras actitudes, nuestros comportamientos y nuestro imaginario\u201d, ha afirmado Morrillas.<\/p>\n\n\n\n<p class=\"wp-block-paragraph\">Adem\u00e1s, las y los intervinientes han hecho hincapi\u00e9 en la importancia de reescribir la historia del cine en clave de g\u00e9nero para dar visibilidad y relevancia a las mujeres creadoras. Por este motivo, esta cuarta edici\u00f3n pone el foco en las pioneras del cine espa\u00f1ol con la entrega del \u2018Premio a una Trayectoria Profesional\u2019 a la directora Cecilia Bartolom\u00e9 Pina. Uno de los objetivos del festival es \u201cponer en valor a aquellas profesionales de la cinematograf\u00eda cuyos nombres son muy poco conocidos; sin embargo, forman parte del talento de nuestro pa\u00eds\u201d, seg\u00fan Carlota \u00c1lvarez Basso.<\/p>\n\n\n\n<p class=\"wp-block-paragraph\">Este certamen empez\u00f3 como un proyecto coral en 2018 que ha ido creciendo hasta alcanzar una importancia en el panorama cultural espa\u00f1ol. Este a\u00f1o recoge a 45 invitadas, 15 directoras y 30 expertas en el \u00e1mbito cinematogr\u00e1fico, para la proyecci\u00f3n de 54 largometrajes en 19 sedes de la ciudad de Madrid como el Cine Estudio del C\u00edrculo de Bellas Artes, Cineteca Madrid o la Sala Berlanga de la Fundaci\u00f3n SGAE entre el 27 de octubre y el 7 de noviembre. \u201cEsta cuarta edici\u00f3n es un s\u00edntoma de calidad\u201d, ha remarcado la directora del Instituto de Mujeres, que tuvo un gran \u00e9xito el a\u00f1o pasado con cerca de 23.700 espectadores presenciales y online gracias a la colaboraci\u00f3n de la plataforma Filmin.<\/p>\n\n\n\n<p class=\"wp-block-paragraph\">La Secci\u00f3n Focus de este a\u00f1o estar\u00e1 representada por China cuya producci\u00f3n se proyectar\u00e1 en las salas de la Academia de Cine y de Cineteca Madrid. Esta programaci\u00f3n es organizada en colaboraci\u00f3n con el China Women\u2019s Film Festival nacido en 2013 que promueve la igualdad de oportunidades y fomenta el desarrollo profesional de las mujeres. Adem\u00e1s, cuando finalice este certamen, seis producciones viajar\u00e1n a China para seguir promocionando el cine espa\u00f1ol realizado por mujeres.<\/p>\n\n\n\n<p class=\"wp-block-paragraph\">As\u00ed mismo, en esta edici\u00f3n se incorpora la Fundaci\u00f3n Casa de M\u00e9xico en Espa\u00f1a con una programaci\u00f3n dedicada a tres directoras mexicanas: Mariana Chenillo, Iria G\u00f3mez Concheiro y Mariana Gonz\u00e1lez.<\/p>\n\n\n\n<p class=\"wp-block-paragraph\">Por otro lado, se organizar\u00e1n actividades complementarias para seguir debatiendo sobre el papel de la mujer en esta industria. Y las propuestas necesarias para llevar a cabo el cambio convirti\u00e9ndolas en pol\u00edticas p\u00fablicas efectivas. Todo esto sin dejar de \u201canalizar el pasado para crear un futuro m\u00e1s igualitario\u201d, concluye \u00c1lvarez Basso.<\/p>\n","protected":false},"excerpt":{"rendered":"<p>\u201cEl cine est\u00e1 empezando a cambiar de rumbo a un destino en el que las mujeres tienen mucho que decir\u201d<\/p>\n","protected":false},"author":3,"featured_media":41591,"comment_status":"open","ping_status":"open","sticky":false,"template":"","format":"standard","meta":{"_monsterinsights_skip_tracking":false,"footnotes":""},"categories":[692,45,46],"tags":[],"class_list":["post-41590","post","type-post","status-publish","format-standard","has-post-thumbnail","category-692","category-cultura","category-cultura-cultura"],"_links":{"self":[{"href":"https:\/\/redsemlac.com\/semmexico\/wp-json\/wp\/v2\/posts\/41590","targetHints":{"allow":["GET"]}}],"collection":[{"href":"https:\/\/redsemlac.com\/semmexico\/wp-json\/wp\/v2\/posts"}],"about":[{"href":"https:\/\/redsemlac.com\/semmexico\/wp-json\/wp\/v2\/types\/post"}],"author":[{"embeddable":true,"href":"https:\/\/redsemlac.com\/semmexico\/wp-json\/wp\/v2\/users\/3"}],"replies":[{"embeddable":true,"href":"https:\/\/redsemlac.com\/semmexico\/wp-json\/wp\/v2\/comments?post=41590"}],"version-history":[{"count":0,"href":"https:\/\/redsemlac.com\/semmexico\/wp-json\/wp\/v2\/posts\/41590\/revisions"}],"wp:featuredmedia":[{"embeddable":true,"href":"https:\/\/redsemlac.com\/semmexico\/wp-json\/wp\/v2\/media\/41591"}],"wp:attachment":[{"href":"https:\/\/redsemlac.com\/semmexico\/wp-json\/wp\/v2\/media?parent=41590"}],"wp:term":[{"taxonomy":"category","embeddable":true,"href":"https:\/\/redsemlac.com\/semmexico\/wp-json\/wp\/v2\/categories?post=41590"},{"taxonomy":"post_tag","embeddable":true,"href":"https:\/\/redsemlac.com\/semmexico\/wp-json\/wp\/v2\/tags?post=41590"}],"curies":[{"name":"wp","href":"https:\/\/api.w.org\/{rel}","templated":true}]}}