{"id":4159,"date":"2018-03-22T19:12:28","date_gmt":"2018-03-22T19:12:28","guid":{"rendered":"https:\/\/redsemlac.com\/semmexico\/?p=4159"},"modified":"2023-07-21T14:30:45","modified_gmt":"2023-07-21T19:30:45","slug":"62-csw-un-paso-adelante","status":"publish","type":"post","link":"https:\/\/redsemlac.com\/semmexico\/62-csw-un-paso-adelante\/","title":{"rendered":"62 CSW, un paso adelante"},"content":{"rendered":"\n<p class=\"wp-block-paragraph\">Los temas centrales: mujeres rurales y mujeres en los medios de comunicaci\u00f3n.<\/p>\n\n\n\n<h5 class=\"wp-block-heading\"> ONU reconoce la importancia de la igualdad de g\u00e9nero en los medios de comunicaci\u00f3n como tema de la agenda de los derechos humanos de las mujeres.<\/h5>\n\n\n\n<p class=\"wp-block-paragraph\"><a href=\"https:\/\/semmexico.com\/gallery-post.php?id=4368#\">Soledad Jarqu\u00edn Edgar<\/a><\/p>\n\n\n\n<p class=\"wp-block-paragraph\">SemM\u00e9xico. Nueva York. 22 marzo 2018.- Este viernes termina el 62 Periodo de Sesiones de la Condici\u00f3n Social de la Mujer que se realiz\u00f3 en la sede de las Naciones Unidas en la ciudad de Nueva York. Durante dos semanas, 10 d\u00edas, desde las ocho de la ma\u00f1ana y hasta muy altas horas de la noche, mujeres de organizaciones de la sociedad civil y mujeres que colaboran con los gobiernos examinaron dos asuntos que, como se ha dicho aqu\u00ed, estaban rezagados entre todos los planteamientos hechos desde la IV Conferencia Mundial de la Mujer, celebrada en 1995 en Beijing, China, y en ese camino hacia la Agenda 20\/30.<br><br>Por un lado, las mujeres y ni\u00f1as en contextos rurales, un gran porcentaje de ellas pertenecientes a grupos ind\u00edgenas alrededor del mundo, sus desaf\u00edos para el empoderamiento y desarrollo. Y, por otra parte, la participaci\u00f3n de la mujer en los medios de comunicaci\u00f3n y la comunicaci\u00f3n digital.&nbsp;<br><br>Este \u00faltimo, el m\u00e1s cercano a nuestro quehacer period\u00edstico y en el que hemos estado \u201cpicando piedra\u201d desde un a\u00f1o antes de la celebraci\u00f3n de Beijing, gracias a la visi\u00f3n de Sara Lovera quien en M\u00e9xico fue la responsable de conjuntar a mujeres de todo el pa\u00eds en un esfuerzo que se desvaneci\u00f3 por falta de liderazgos reales al paso de los a\u00f1os, sin embargo, la semilla qued\u00f3 regada y como en toda primavera algo floreci\u00f3.&nbsp;<br><br>Porque, aunque hoy el an\u00e1lisis nos dice que no est\u00e1n reflejadas como debieran, ni cuantitativa ni cualitativamente, sin perder de vista los odiosos estereotipos de las mujeres como objetos y no como sujetas de derechos, lo que hoy se publica tiene una misma ra\u00edz: el movimiento de periodistas, comunicadoras e informadoras feministas, al que a\u00f1os despu\u00e9s se sumar\u00edan las acad\u00e9micas e investigadoras, algunas con acciones sumamente afortunadas y positivas, como la realizada por Aim\u00e9e Vega Montiel, coordinadora de la Alianza Global de Medios y G\u00e9nero, movimiento que promueve la igualdad de g\u00e9nero a trav\u00e9s de los medios, organismo de la UNESCO.<br><br>Como en 1995, el an\u00e1lisis nos obligaba a mirarnos a nosotras mismas y la conclusi\u00f3n era igual a la actual: precarizaci\u00f3n laboral y una permanente p\u00e9rdida de derechos para las periodistas. Nada ha cambiado desde entonces excepto que hoy hacer periodismo es, al menos en M\u00e9xico, un asunto peligrosamente grave.&nbsp;<br>Cierto, a\u00f1os atr\u00e1s, muchas veces no identificamos el riesgo y no hicimos caso a las advertencias, est\u00e1bamos acostumbradas a actuar entre poderes f\u00e1cticos que daban manotazos y uno que otro grito. Hubo tambi\u00e9n persecuci\u00f3n y amenazas. Hoy, en cambio, es preciso actuar de otra manera, considerando que no solo despiden, cierran espacios, censuran nuestras columnas y noticias desde los gobiernos que pagan a los medios o los subvencionan bajo ciertos condicionamientos que lesionan la libertad de expresi\u00f3n cuando el servicio de los medios se confunde con un negocio medi\u00e1tico.&nbsp;<br>Lo grave hoy est\u00e1 reflejado en las cifras de periodistas, hombres y mujeres, que desaparecen o son asesinados por su trabajo. Reci\u00e9n recordamos un aniversario de la periodista Miroslava Breach, pero no queremos olvidar a las otras: Anabel Flores Salazar, Am\u00e9rica Maribel Alva Larrazolo, Mar\u00eda del Rosario Fuentes Rubio, Rosa Mar\u00eda R\u00edos Campos, Rosa Mar\u00eda R\u00edos Campos, Ana Irasema Becerra Jim\u00e9nez, Regina Mart\u00ednez P\u00e9rez, Mar\u00eda Elizabeth Mac\u00edas Castro, Roc\u00edo Gonz\u00e1lez Tr\u00e1paga, Ana Mar\u00eda Marcela Yarce Viveros, Yolanda Ordaz de la Cruz, Selene Hern\u00e1ndez Le\u00f3n, Mar\u00eda Elvira Hern\u00e1ndez Galeana, Mar\u00eda Isabella Cordero, Mar\u00eda Esther Aguilar Cansimbe, Felicitas Mart\u00ednez S\u00e1nchez, Teresa Bautista Merino y Claudia Rodr\u00edguez Llera, solo por citar a las periodistas asesinadas en la \u00faltima d\u00e9cada.<br>Durante los \u00faltimos 30 a\u00f1os tambi\u00e9n cambi\u00f3 la forma de la comunicaci\u00f3n gracias a la irrupci\u00f3n de las tecnolog\u00edas de la informaci\u00f3n y comunicaci\u00f3n, pero no cambi\u00f3 para las mujeres. El traslado fue exactamente igual: con estereotipos que subordinan, lenguaje que invisibiliza, ginop\u00eda y una carga de violencia contra las mujeres y ni\u00f1as que se increment\u00f3, apuntan los estudios acad\u00e9micos y los hechos relatados por las propias periodistas.&nbsp;<br><br>\u00bfCu\u00e1l es el logro m\u00e1s importante en materia de medios de comunicaci\u00f3n ahora durante la CSW62?&nbsp;<br><br>Sin duda que el Secretariado General de la ONU, que como dice la propia coordinadora de la Global Alliance on Media and Gender (GAMAG), Aim\u00e9e Vega Montiel, reconozca la importancia de la igualdad de g\u00e9nero en los medios de comunicaci\u00f3n tradicionales y digitales como tema de la agenda de los derechos humanos de las mujeres. Por su puesto que no es poca cosa.<br><br>Hay un planteamiento de 14 recomendaciones a los Estados parte, M\u00e9xico entre ellos, para -pienso- desestructurar el sistema de dominaci\u00f3n masculina. Si las cosas son como deben ser, eso implica algo m\u00e1s que hacer visibles a las mujeres, significa que hay una herramienta para hacer realidad la presencia de las mujeres en los medios de comunicaci\u00f3n, en M\u00e9xico establecido de forma constitucional, por cierto. No es una tarea f\u00e1cil, pero los Estados parte tendr\u00e1n que asumir su responsabilidad, menos palabras y m\u00e1s hechos y la tendr\u00e1n que hacer en serio. Las responsables somos todas las mujeres, pero son las m\u00e1s j\u00f3venes las que deber\u00e1n exigir su cumplimiento.&nbsp;<br><br>SEM\/sj\/gr<br><br><br><\/p>\n","protected":false},"excerpt":{"rendered":"<p>Los temas centrales: mujeres rurales y mujeres en los medios de comunicaci\u00f3n. ONU reconoce la importancia de la igualdad de g\u00e9nero en los medios de comunicaci\u00f3n como tema de la agenda de los derechos humanos de las mujeres. Soledad Jarqu\u00edn Edgar SemM\u00e9xico. Nueva York. 22 marzo 2018.- Este viernes termina el 62 Periodo de Sesiones [&hellip;]<\/p>\n","protected":false},"author":3,"featured_media":4108,"comment_status":"open","ping_status":"open","sticky":false,"template":"","format":"standard","meta":{"_monsterinsights_skip_tracking":false,"footnotes":""},"categories":[689,96,75],"tags":[],"class_list":["post-4159","post","type-post","status-publish","format-standard","has-post-thumbnail","category-689","category-mujeres-y-politica","category-soledad-jarquin-edgar"],"_links":{"self":[{"href":"https:\/\/redsemlac.com\/semmexico\/wp-json\/wp\/v2\/posts\/4159","targetHints":{"allow":["GET"]}}],"collection":[{"href":"https:\/\/redsemlac.com\/semmexico\/wp-json\/wp\/v2\/posts"}],"about":[{"href":"https:\/\/redsemlac.com\/semmexico\/wp-json\/wp\/v2\/types\/post"}],"author":[{"embeddable":true,"href":"https:\/\/redsemlac.com\/semmexico\/wp-json\/wp\/v2\/users\/3"}],"replies":[{"embeddable":true,"href":"https:\/\/redsemlac.com\/semmexico\/wp-json\/wp\/v2\/comments?post=4159"}],"version-history":[{"count":0,"href":"https:\/\/redsemlac.com\/semmexico\/wp-json\/wp\/v2\/posts\/4159\/revisions"}],"wp:featuredmedia":[{"embeddable":true,"href":"https:\/\/redsemlac.com\/semmexico\/wp-json\/wp\/v2\/media\/4108"}],"wp:attachment":[{"href":"https:\/\/redsemlac.com\/semmexico\/wp-json\/wp\/v2\/media?parent=4159"}],"wp:term":[{"taxonomy":"category","embeddable":true,"href":"https:\/\/redsemlac.com\/semmexico\/wp-json\/wp\/v2\/categories?post=4159"},{"taxonomy":"post_tag","embeddable":true,"href":"https:\/\/redsemlac.com\/semmexico\/wp-json\/wp\/v2\/tags?post=4159"}],"curies":[{"name":"wp","href":"https:\/\/api.w.org\/{rel}","templated":true}]}}