{"id":41583,"date":"2021-11-03T09:30:00","date_gmt":"2021-11-03T15:30:00","guid":{"rendered":"https:\/\/redsemlac.com\/semmexico\/?p=41583"},"modified":"2023-07-21T18:47:53","modified_gmt":"2023-07-21T23:47:53","slug":"alfa-omega-blanco-y-negro-en-el-ejercicio-medico-una-opinion","status":"publish","type":"post","link":"https:\/\/redsemlac.com\/semmexico\/alfa-omega-blanco-y-negro-en-el-ejercicio-medico-una-opinion\/","title":{"rendered":"ALFA OMEGA| Blanco y Negro en el Ejercicio M\u00e9dico, Una Opini\u00f3n"},"content":{"rendered":"\n<p class=\"wp-block-paragraph\"><strong>Jorge Herrera Valenzuela<\/strong><\/p>\n\n\n\n<p class=\"wp-block-paragraph\"><strong>TRABAJEMOS POR UN M\u00c9XICO SIN VIOLENCIA Y CON SEGURIDAD<\/strong><\/p>\n\n\n\n<p class=\"wp-block-paragraph\">SemM\u00e9xico, Cd. de M\u00e9xico, 3 de noviembre, 2021.- Este s\u00e1bado 23 celebraremos un muy merecido reconocimiento a los que cuidan, diagnostican y salvan la vida de sus semejantes, las mujeres y los hombres de <strong>bata blanca<\/strong>, a quienes recurrimos muchas veces cuando la enfermedad est\u00e1 avanzada y ellas y ellos con su pr\u00e1ctica, su experiencia, su apasionada entrega evitan la muerte, aunque no siempre se logra. El <strong>D\u00eda del M\u00e9dico<\/strong> se instituy\u00f3 en 1937 para recordar al doctor <strong>Valent\u00edn G\u00f3mez Far\u00edas <\/strong>que en 1833 inaugur\u00f3 el Establecimiento de Ciencias M\u00e9dicas, en la Ciudad de M\u00e9xico.<\/p>\n\n\n\n<p class=\"wp-block-paragraph\"><strong>La m\u00e9dica y el m\u00e9dico<\/strong>, la Doctora y el Doctor, cumplen su cometido a la hora que los buscamos. De d\u00eda, de tarde, de noche, de madrugada, tocamos a su puerta. La presencia de un facultativo es indispensable en los rincones m\u00e1s apartados de la civilizaci\u00f3n, pese a las comunicaciones terrestres y telef\u00f3nicas, pero hay poblados cuyos habitantes carecen inclusive no solo de un consultorio sino hasta de una farmacia, la antigua botica del pueblo.<\/p>\n\n\n\n<p class=\"wp-block-paragraph\">Tiempos pasados no fueron precisamente mejores, pero los m\u00e9dicos particulares acud\u00edan al domicilio del enfermo. Hab\u00eda \u201cm\u00e9dicos familiares\u201d, cuando empez\u00f3 a operar el Instituto Mexicano del Seguro Social, daban consulta a domicilio. El gobierno contaba con experimentado personal m\u00e9dico para la consulta externa. Se constru\u00edan hospitales y se establec\u00edan institutos de alta especializaci\u00f3n, hoy siguen funcionado y modernizados: Nutrici\u00f3n, Cardiolog\u00eda, Infantil, Oncolog\u00eda, etc.\u2026El IMSS operaba con el Centro M\u00e9dico Siglo XXI y ha modernizado los hospitales estatales.<\/p>\n\n\n\n<p class=\"wp-block-paragraph\">De ninguna manera debe generalizarse la cr\u00edtica negativa hacia la funci\u00f3n de quienes cinco a\u00f1os est\u00e1n en la respectiva Facultad, despu\u00e9s cumple con el Servicio Social, hacen el correspondiente Internado, la especializaci\u00f3n y m\u00e1s a\u00f1os de estudio te\u00f3rico-pr\u00e1ctico para obtener el codiciado t\u00edtulo de Doctor. Es cierto que hay quienes olvidan el juramento que hacen al recibir la aprobaci\u00f3n como licenciado en Medicina. Por fortuna son m\u00e1s los honorables profesionistas que los que se deshumanizan ante los enfermos, comercializan su trabajo y lo condicionan a la escala econ\u00f3mica del paciente.<\/p>\n\n\n\n<p class=\"wp-block-paragraph\">He visto repetidamente la pel\u00edcula \u201cEl Se\u00f1or Doctor\u201d estelarizada por Mario Moreno, <strong>Cantinflas<\/strong>, porque encierra un profundo mensaje de la labor de un m\u00e9dico, de un profesionista con deseos de servir a la humanidad, de entender que ning\u00fan paciente es propiedad de un doctor y tratar al enfermo con familiaridad. El actor, que ya no usa la gabardina ni trae los pantalones debajo de la cintura, les dice a los m\u00e9dicos la ruta a seguir, mediante la preparaci\u00f3n profesional y el trato humanitario al enfermo.<\/p>\n\n\n\n<p class=\"wp-block-paragraph\">Desde estas l\u00edneas reconozco a m\u00e9dicos humanizados y con amplio criterio para ejercer su apostolado: comienzo con las doctoras <strong>Nora Quintero de Garc\u00eda,<\/strong> <strong>Mar\u00eda Eugenia Nava y Navas,<\/strong> <strong>Alicia Contreras Rodr\u00edguez<\/strong> y continuo con: <strong>Ra\u00fal Manuel Simancas y P\u00e9rez Cort\u00e9s, Javier Villalpando Guti\u00e9rrez, Jorge Tommasi Pedraza, Jorge A. Avi\u00f1a Valencia, J. Arturo Zavala Habib, Juan Carlos Pel\u00e1ez Piedrahita, Francisco P. Navarro Reynoso, Eduardo Villanueva Sainz, Guillermo S. Garc\u00eda Ramos, A. Rafael Guti\u00e9rrez Carre\u00f1o, Jorge Saavedra Fern\u00e1ndez, Roberto W. Garc\u00eda Castro, Arturo Michel Estrada, Mart\u00edn Garc\u00eda Villanueva, Carlos Navas Young, Jorge Eduardo Gayt\u00e1n A. y Luis A. Zepeda. <\/strong>&nbsp;<\/p>\n\n\n\n<p class=\"wp-block-paragraph\"><strong>UNA OPINI\u00d3N Y DENUNCIA<\/strong><\/p>\n\n\n\n<p class=\"wp-block-paragraph\">En la columna digital Candelero.com.mx la doctora <strong>Rosa Ch\u00e1vez C\u00e1rdenas coment\u00f3<\/strong> que \u201c<strong>Es sorprendente la cadena productiva que se ha originado en la pandemia. La industria farmac\u00e9utica, hospitales, laboratorios cl\u00ednicos, los que vende cubrebocas, material m\u00e9dico, ox\u00edgeno y los m\u00e9dicos de la iniciativa privada<\/strong>\u201d y enseguida nos relata que \u201cla preocupaci\u00f3n por la enfermedad los convierte en v\u00edctimas del negocio, son muchas las quejas contra los m\u00e9dicos que se han aprovechado en la pandemia\u201d.<\/p>\n\n\n\n<p class=\"wp-block-paragraph\">La eminente psic\u00f3loga, terapeuta familiar y home\u00f3pata jalisciense, adem\u00e1s analista de la problem\u00e1tica nacional, denunci\u00f3 en su art\u00edculo period\u00edstico, que una de sus pacientes estaba muy indignada porque dos de sus familiares sufrieron el contagio del COVID 19, fueron al Seguro Social y les atendieron, dici\u00e9ndoles que regresaran a su casa. Agravados sus t\u00edos acudieron a un m\u00e9dico particular. El galeno les ofreci\u00f3 el Tocilizumab, en 65 mil pesos, con la promesa de que se recuperar\u00edan.<\/p>\n\n\n\n<p class=\"wp-block-paragraph\">El f\u00e1rmaco mencionado es para tratar la artritis reumatoide. Sin embargo, los familiares de los enfermos consiguieron el producto en Estados Unidos y lo aplicaron, pero las dos personas fallecieron.<\/p>\n\n\n\n<p class=\"wp-block-paragraph\">Para conocer el lado negro, en este espacio transcribo solo tres p\u00e1rrafos redactados por la doctora C\u00e1rdenas Ch\u00e1vez:<\/p>\n\n\n\n<p class=\"wp-block-paragraph\">\u201cLa mercadotecnia de la industria farmac\u00e9utica es poderosa. En las Facultades de Medicina proh\u00edben impartir materia de terapias alternativas so pena de no otorgarles patrocinios financieros. Hasta se burlan de los tratamientos ancestrales utilizados por nuestros abuelos. Los m\u00e9dicos se vuelven parte, les patrocinan la asistencia a congresos con todos los gastos pagados, por recomendar sus f\u00e1rmacos.<\/p>\n\n\n\n<p class=\"wp-block-paragraph\">\u201cCuando realic\u00e9 mi Servicio Social me qued\u00e9 sorprendida al escuchar la comisi\u00f3n que otorgaba el laboratorio por enviar a sus pacientes a practicarse an\u00e1lisis cl\u00ednicos. El m\u00e9dico que recomend\u00f3 a otro colega pidi\u00f3 el otorgamiento extra de los pacientes de su recomendado.<\/p>\n\n\n\n<p class=\"wp-block-paragraph\">\u201cEl psiquiatra <strong>Thomas Szaaz<\/strong>, de la Universidad de Syracuse, Nueva York, resume su opini\u00f3n en una f\u00f3rmula:<strong> Teocracia es la regla de Dios, democracia, la regla de las mayor\u00edas y farmacracia, la regla de los doctores<\/strong>\u201d.<\/p>\n\n\n\n<p class=\"wp-block-paragraph\"><strong>HOMENAJE A M\u00c9DICAS, M\u00c9DICOS, CA\u00cdDOS<\/strong><\/p>\n\n\n\n<p class=\"wp-block-paragraph\">Comento que lo m\u00e1s importante es valorar el trabajo de quienes se dedican a cuidar y salvar vidas. Para fortuna creo que son copos los \u201cnegociantes de la medicina\u201d y m\u00e1s los que cumplen con el juramento que rinden al ser titulados. M\u00e9dicas, M\u00e9dicos, enfermeras, enfermeros, camilleros y administrativos han perdido la vida en estos dos \u00faltimos a\u00f1os. Son miles las familias que perdieron al ser querido que trabaj\u00f3 hasta el \u00faltimo momento para atender a los contagiados con el COVID 19.<\/p>\n\n\n\n<p class=\"wp-block-paragraph\">De acuerdo con el informe de la Uni\u00f3n Nacional Interdisciplinaria de Farmacias, Cl\u00ednicas y Consultorios, A.C., en lo que va del 2021 han muerto 139 facultativos. En sus estad\u00edsticas generales nos indica que de enero de 2020 al 15 de marzo de 2021 el total es de 3,534 decesos. La cifra m\u00e1s alta, a nivel mundial.<\/p>\n\n\n\n<p class=\"wp-block-paragraph\">Lo anterior nos hace proponer que las instituciones m\u00e9dicas oficiales, los propietarios de los Hospitales \u00c1ngeles (la m\u00e1s grande y monop\u00f3lica cadena hospitalaria) y los dem\u00e1s hospitales, sanatorios y cl\u00ednicas, deben rendir un sincero y emotivo homenaje a los ca\u00eddos durante la devastadora pandemia del COVID 19. No se olvida que el gobierno federal margin\u00f3, del Programa Nacional de Vacunaci\u00f3n, a los m\u00e9dicos del sector privado.<\/p>\n\n\n\n<p class=\"wp-block-paragraph\"><strong>UN LIBERAL Y UN CONSERVADOR<\/strong><\/p>\n\n\n\n<p class=\"wp-block-paragraph\">De acuerdo con el #T\u00edo To\u00f1o, residente en el Sur de Monterrey, en las efem\u00e9rides del 18 de octubre nos hace saber que en 1763 naci\u00f3 el liberal <strong>Jos\u00e9 Teresa de Mier y Noriega<\/strong>, en la meritita capital de Nuevo Le\u00f3n, en Monterrey. En 1792 en la capital de Guanajuato vio la primera luz el conservador <strong>Lucas Alam\u00e1n<\/strong>. Ambos personajes destacaron en el Siglo XVIII, polifac\u00e9ticos en su actuar y hombres que a la fecha son tema de debate. En la Ciudad de M\u00e9xico dos c\u00e9ntricas calles llevan sus nombres.<\/p>\n\n\n\n<p class=\"wp-block-paragraph\"><strong>El Padre Mier<\/strong> o <strong>Fray Servando Teresa<\/strong> adem\u00e1s de religioso cat\u00f3lico, lo que no impidi\u00f3 ser de pensamiento liberal, fue fil\u00f3sofo, militar y escritor. Los invito para que lean la biograf\u00eda de este regiomontano que traspuso como historiador nos leg\u00f3 interesantes relatos en la obra Historia de la Revoluci\u00f3n de la Nueva Espa\u00f1a, en dos tomos. Habr\u00e1 de enterarse porque lo exiliaron 10 a\u00f1os a Europa y le quitaron el grado de Doctor en Teolog\u00eda e inhabilitado como sacerdote. Sabr\u00e1n que fue diputado del Congreso Constituyente de 1823, donde se pronunci\u00f3 por una Rep\u00fablica Federal.<\/p>\n\n\n\n<p class=\"wp-block-paragraph\">El guanajuatense <strong>Lucas Alam\u00e1n<\/strong> conoci\u00f3 en Par\u00eds a Fray Servando, pero por la diferencia ideol\u00f3gica terminaron siendo ac\u00e9rrimos rivales. Desde muy joven Alam\u00e1n actu\u00f3 en la pol\u00edtica y en la primera sucesi\u00f3n presidencial, de 1829, apoyo la candidatura de <strong>Manuel G\u00f3mez Pedraza<\/strong>, triunfador en las urnas e impedido por las reacciones violentas de los liberales no pudo tomar posesi\u00f3n y el Congreso design\u00f3 al candidato derrotado, <strong>Vicente Guerrero. <\/strong>En la fe de bautismo se le\u00eda el nombre completo de este personaje: <strong>Lucas <\/strong>Ignacio Jos\u00e9 Joaqu\u00edn Pedro de Alc\u00e1ntara Juan Bautista Francisco de Paula <strong>Alam\u00e1n<\/strong> y Escalada.<\/p>\n\n\n\n<p class=\"wp-block-paragraph\"><strong>ELECCIONES EN TLAQUEPAQUE<\/strong><\/p>\n\n\n\n<p class=\"wp-block-paragraph\">La intervenci\u00f3n del cardenal em\u00e9rito de Guadalajara <strong>Juan Sandoval I\u00f1iguez <\/strong>en las elecciones para la presidencia municipal de San Pedro Tlaquepaque, Jalisco, motiv\u00f3 que el Tribunal Electoral del Poder Judicial de la Federaci\u00f3n anular\u00e1 los resultados que dieron el triunfo a la candidata de Movimiento Ciudadano, <strong>Mirna Citlalli Amaya de Luna<\/strong>. La impugnaci\u00f3n parti\u00f3 de <strong>Alberto Maldonado Chavar\u00edn<\/strong>, postulado por Morena.<\/p>\n\n\n\n<p class=\"wp-block-paragraph\">Los diputados locales de Jalisco, para cumplir la sentencia del TRIFE, convocaron a elecciones extraodinarias para el pr\u00f3ximo domingo 21 de noviembre, con una cl\u00e1usula que ha causado pol\u00e9mica, debates, cr\u00edticas y aplausos. <strong>S\u00f3lo podr\u00e1n participar mujeres, como candidatas<\/strong>. Citlalli va otra vez, confiada en que triunfar\u00e1. Ese acuerdo tiene dividida a la Legislatura Local.<\/p>\n\n\n\n<p class=\"wp-block-paragraph\"><strong>MURI\u00d3 EL GENERAL COLIN POWELL<\/strong><\/p>\n\n\n\n<p class=\"wp-block-paragraph\">Una de las figuras de la milicia y la pol\u00edtica del vecino del Norte muri\u00f3 el pasado martes, v\u00edctima del COVID 19. <strong>Colin Luther Powell <\/strong>fue el primer afroamericano que ocup\u00f3 el cargo de Secretario de Estado de los Estados Unidos de Am\u00e9rica. Un discurso-informe sobre la Guerra de Irak, en 2003, pronunciado en el Consejo de Seguridad Nacional, le cort\u00f3 su paso hacia la Casa Blanca.<\/p>\n\n\n\n<p class=\"wp-block-paragraph\">Este hombre de recia personalidad como diplom\u00e1tico, tambi\u00e9n desarrollo desde 1958 una larga carrera militar. Particip\u00f3 en la Guerra de Vietnam, Jefe del Estado Mayor Conjunto y presente en la invasi\u00f3n a Panam\u00e1. Colin Powell obtuvo el grado de general de cuatro estrellas. Es el \u00fanico militar que ha colaborado con presidentes Dem\u00f3crata y Republicano. Su \u00faltimo jefe fue el presidente <strong>George Walter Bush<\/strong>, en el primer per\u00edodo de \u00e9ste, de 2001 a 2005. Dej\u00f3 publicada su autobiograf\u00eda, un betseller. Estuvo casado con Alma Vivian Johnson, padres de Linda y de Anne; abuelos de dos nietas. Colin ten\u00eda 84 a\u00f1os de edad.<\/p>\n\n\n\n<p class=\"wp-block-paragraph\"><strong>P.D. <\/strong>El 18 de octubre de 1952 se celebr\u00f3 la entonces llamada \u201c<strong>La Boda del Siglo<\/strong>\u201d, a la que asistieron mil invitados, de la crema y nata del cine, de la pol\u00edtica, de los deportes, de la fiesta brava y el escenario fue un caser\u00f3n conocido como <strong>Catipoato <\/strong>en Huipulco, Tlalpan. Los novios <strong>Maria F\u00e9lix <\/strong>y <strong>Jorge Negrete. <\/strong>El matrimonio termin\u00f3 el 5 de diciembre de 1953, al morir El Charro Cantor.En una de las mesas estuvieron juntos el joven de 18 a\u00f1os, <strong>Enrique \u00c1lvarez F\u00e9lix <\/strong>y una ni\u00f1a de 10 a\u00f1os, <strong>Diana Negrete<\/strong>. El hijo de La Do\u00f1a y Enrique \u00c1lvarez Alatorre, as\u00ed como la hija de Elisa Christy, primera esposa de Jorge Negrete\u2026Terceras nupcias de <strong>Mar\u00eda <\/strong>y segunda de <strong>Jorge\u2026Mar\u00eda de los \u00c1ngeles F\u00e9lix G\u00fcere\u00f1a<\/strong> estuvo casada con Agust\u00edn Lara y con Alexander Berger, mientras que los amores de <strong>Jorge Alberto Negrete Moreno<\/strong> fueron Elsa Aguirre por un a\u00f1o y seis a\u00f1os con Gloria Mar\u00edn. Su relaci\u00f3n, de parejas.&nbsp; <strong>&nbsp;<\/strong>&nbsp;<\/p>\n\n\n\n<p class=\"wp-block-paragraph\"><strong>jherrerav@live.com.mx<\/strong><\/p>\n","protected":false},"excerpt":{"rendered":"<p>La m\u00e9dica y el m\u00e9dico, la Doctora y el Doctor, cumplen su cometido a la hora que los buscamos. De d\u00eda, de tarde, de noche, de madrugada, tocamos a su puerta. <\/p>\n","protected":false},"author":3,"featured_media":7843,"comment_status":"open","ping_status":"open","sticky":false,"template":"","format":"standard","meta":{"_monsterinsights_skip_tracking":false,"footnotes":""},"categories":[692,94,35],"tags":[459],"class_list":["post-41583","post","type-post","status-publish","format-standard","has-post-thumbnail","category-692","category-jorge-herrera-valenzuela","category-opinion","tag-opinion"],"_links":{"self":[{"href":"https:\/\/redsemlac.com\/semmexico\/wp-json\/wp\/v2\/posts\/41583","targetHints":{"allow":["GET"]}}],"collection":[{"href":"https:\/\/redsemlac.com\/semmexico\/wp-json\/wp\/v2\/posts"}],"about":[{"href":"https:\/\/redsemlac.com\/semmexico\/wp-json\/wp\/v2\/types\/post"}],"author":[{"embeddable":true,"href":"https:\/\/redsemlac.com\/semmexico\/wp-json\/wp\/v2\/users\/3"}],"replies":[{"embeddable":true,"href":"https:\/\/redsemlac.com\/semmexico\/wp-json\/wp\/v2\/comments?post=41583"}],"version-history":[{"count":0,"href":"https:\/\/redsemlac.com\/semmexico\/wp-json\/wp\/v2\/posts\/41583\/revisions"}],"wp:featuredmedia":[{"embeddable":true,"href":"https:\/\/redsemlac.com\/semmexico\/wp-json\/wp\/v2\/media\/7843"}],"wp:attachment":[{"href":"https:\/\/redsemlac.com\/semmexico\/wp-json\/wp\/v2\/media?parent=41583"}],"wp:term":[{"taxonomy":"category","embeddable":true,"href":"https:\/\/redsemlac.com\/semmexico\/wp-json\/wp\/v2\/categories?post=41583"},{"taxonomy":"post_tag","embeddable":true,"href":"https:\/\/redsemlac.com\/semmexico\/wp-json\/wp\/v2\/tags?post=41583"}],"curies":[{"name":"wp","href":"https:\/\/api.w.org\/{rel}","templated":true}]}}