{"id":41580,"date":"2021-11-03T09:09:00","date_gmt":"2021-11-03T15:09:00","guid":{"rendered":"https:\/\/redsemlac.com\/semmexico\/?p=41580"},"modified":"2023-07-21T18:47:53","modified_gmt":"2023-07-21T23:47:53","slug":"llamamiento-de-reporteros-sin-fronteras-a-los-dirigentes-de-la-cop26","status":"publish","type":"post","link":"https:\/\/redsemlac.com\/semmexico\/llamamiento-de-reporteros-sin-fronteras-a-los-dirigentes-de-la-cop26\/","title":{"rendered":"Llamamiento de Reporteros sin Fronteras a los dirigentes de la COP26"},"content":{"rendered":"\n<p class=\"wp-block-paragraph\"><strong>Concha Moreno<\/strong><\/p>\n\n\n\n<p class=\"wp-block-paragraph\">SemM\u00e9xico\/Periodistas en Espa\u00f1ol, Cd. de M\u00e9xico, 3 de noviembre, 2021.- En v\u00edsperas de la Conferencia de las Naciones Unidas sobre el Cambio Clim\u00e1tico (COP26), que tuvo \u00e1 lugar en Glasgow (Escocia) a partir del 1 de noviembre de 2021, Reporteros sin Fronteras (RSF) y m\u00e1s de 60 periodistas ambientales de 34 nacionalidades diferentes hicieron un llamamiento solemne por el respeto del derecho a informar sobre cuestiones ambientales.<\/p>\n\n\n\n<p class=\"wp-block-paragraph\">M\u00e1s de 60 periodistas especializados en temas ambientales de 34 nacionalidades diferentes, todas las regiones del mundo, todos los perfiles, todas las sensibilidades, y todos los medios, han firmado con Reporteros sin Fronteras (RSF) un llamamiento sin precedentes titulado&nbsp;<em>Emergencia clim\u00e1tica, \u00a1emergencia informativa!<\/em><\/p>\n\n\n\n<p class=\"wp-block-paragraph\">Hombres y mujeres conocedores de temas ecol\u00f3gicos o m\u00e1s generales, familiarizados con temas \u00abverdes\u00bb o que cubren estos temas, denuncian los obst\u00e1culos que limitan el derecho a informar sobre estas cuestiones, por lo dem\u00e1s cruciales para toda la humanidad. Tambi\u00e9n piden a los Estados que reconozcan formalmente que el derecho a la informaci\u00f3n sobre estos asuntos es inherente al derecho a un medio ambiente sano y al derecho a la salud.<\/p>\n\n\n\n<p class=\"wp-block-paragraph\">Entre los firmantes se encuentran la ganadora del Premio Pulitzer 2020,&nbsp;Gaelle Borgia, de Madagascar, el franc\u00e9s&nbsp;Morgan Large, especialista en la industria agroalimentaria, el ruso&nbsp;Grigory Pasko&nbsp;(Premio RSF y Premio Sajarov 2002), el indio&nbsp;Soulik Dutta, experto en energ\u00eda y planificaci\u00f3n territorial, la sudafricana&nbsp;Khadija Sharife, periodista de investigaci\u00f3n sobre delitos ambientales y el periodista independiente&nbsp;Lucien Kosha, que trabaja en minerales en la Rep\u00fablica Democr\u00e1tica del Congo.<\/p>\n\n\n\n<p class=\"wp-block-paragraph\">Punto crucial de este llamamiento es el derecho a informar sobre temas ambientales, planteado como tal desde 1992, en la Cumbre de la Tierra de R\u00edo de Janeiro, algo que a\u00fan no se respeta. Los firmantes se\u00f1alan las dificultades de obtener informaci\u00f3n cient\u00edfica y datos sobre el medio ambiente, a pesar de que \u00e9stos son de inter\u00e9s general y sus investigaciones pueden conducir a cambios de comportamiento beneficiosos para luchar contra la amenaza que significa calentamiento global.<\/p>\n\n\n\n<p class=\"wp-block-paragraph\">Tomando nota de los peligros vinculados a la cobertura de temas ambientales en determinadas regiones del mundo \u2013 al menos 21 periodistas han sido asesinados en 20 a\u00f1os por haber investigado estos temas sensibles\u2013, RSF y los periodistas firmantes tambi\u00e9n piden la implementaci\u00f3n concreta del derecho internacional de protecci\u00f3n de periodistas.<\/p>\n\n\n\n<p class=\"wp-block-paragraph\">Llamamiento<\/p>\n\n\n\n<p class=\"wp-block-paragraph\"><em>Los periodistas especializados en temas medioambientales y clim\u00e1ticos de todos los continentes, por mediaci\u00f3n de Reporteros sin Fronteras (RSF), lanzamos un llamado solemne a los Estados participantes en la 26\u00aa Conferencia de las Partes de las Naciones Unidas sobre el Cambio Clim\u00e1tico (COP26) que se inaugura este 1 de noviembre en Glasgow. En 1992, la declaraci\u00f3n de la Cumbre de la Tierra de las Naciones Unidas en R\u00edo mencionaba, en el 10\u00ba principio, que&nbsp;\u00abtoda persona deber\u00e1 tener acceso adecuado a la informaci\u00f3n sobre el medio ambiente de que dispongan las autoridades p\u00fablicas\u00bb. Por desgracia, casi tres d\u00e9cadas despu\u00e9s, este principio a\u00fan no es una realidad palpable.<\/em><\/p>\n\n\n\n<p class=\"wp-block-paragraph\"><em>En muchos pa\u00edses es extremadamente dif\u00edcil, si no imposible, obtener informaci\u00f3n y datos cient\u00edficos sobre el medio ambiente y las pol\u00edticas p\u00fablicas que tienen impacto sobre \u00e9l, aunque sea de inter\u00e9s general. Por otra parte, consideramos tambi\u00e9n que se nos proh\u00edbe de forma demasiado sistem\u00e1tica el acceso a muchas instalaciones y\/o territorios. Adem\u00e1s, algunos de los nuestros han sufrido procedimientos legales abusivos, son objeto de amenazas, de intimidaciones, de agresiones e incluso se les elimina fr\u00edamente.<\/em><\/p>\n\n\n\n<p class=\"wp-block-paragraph\"><em>En los \u00faltimos diez a\u00f1os, 21 de nuestros colegas han muerto en todo el mundo por investigar asuntos delicados sobre la miner\u00eda ilegal, la deforestaci\u00f3n y hasta el acaparamiento de tierras o la contaminaci\u00f3n industrial. Casi otras 30 personas han sido encarceladas. El 75 por ciento de los incidentes se han registrado desde la firma del Acuerdo de Par\u00eds, a finales de 2015. Nuestra situaci\u00f3n se deteriora peligrosamente, a semejanza del medio ambiente y el clima que defendemos. Hoy queremos denunciar los obst\u00e1culos que limitan nuestro derecho a informar sobre estos temas cruciales para toda la humanidad.<\/em><\/p>\n\n\n\n<p class=\"wp-block-paragraph\"><em>Urge que los Estados tengan en cuenta la funci\u00f3n que desempe\u00f1a la prensa en la defensa del medio ambiente y la lucha contra el cambio clim\u00e1tico. Nuestras investigaciones alertan de los crecientes peligros que afronta nuestro planeta com\u00fan y ayudan a que las partes afectadas cambien su comportamiento. Las poblaciones debidamente informadas tambi\u00e9n pueden luchar mejor contra esta amenaza clim\u00e1tica sin precedentes en la historia de la humanidad.<\/em><\/p>\n\n\n\n<p class=\"wp-block-paragraph\"><em>Pedimos a los Estados que reconozcan oficialmente que el derecho a la informaci\u00f3n es inherente al derecho a un medio ambiente sano y al derecho a la salud. Para poner fin a las crecientes amenazas que se ciernen sobre los m\u00e1s vulnerables de entre nosotros, tambi\u00e9n instamos a que se ponga en pr\u00e1ctica, de manera concreta, el derecho internacional sobre la protecci\u00f3n de los periodistas. De acuerdo con la Resoluci\u00f3n 2222 del Consejo de Seguridad de las Naciones Unidas adoptada en 2015, apelamos a los Estados para que doten a sus sistemas judiciales nacionales de medios con los que luchar contra la persistente impunidad de los cr\u00edmenes cometidos contra los periodistas ambientales.<\/em><\/p>\n\n\n\n<p class=\"wp-block-paragraph\"><em>Tambi\u00e9n se debe aplicar una obligaci\u00f3n de transparencia para los Estados o las empresas. El inter\u00e9s com\u00fan debe prevalecer sobre los intereses econ\u00f3micos y las prebendas. Solo tenemos un planeta. Es crucial la movilizaci\u00f3n de todos para que se nos permita ejercer nuestro derecho a la informaci\u00f3n en buenas condiciones.<\/em><\/p>\n","protected":false},"excerpt":{"rendered":"<p>M\u00e1s de 60 periodistas especializados en temas ambientales de 34 nacionalidades diferentes, todas las regiones del mundo, todos los perfiles, todas las sensibilidades<\/p>\n","protected":false},"author":3,"featured_media":41581,"comment_status":"open","ping_status":"open","sticky":false,"template":"","format":"standard","meta":{"_monsterinsights_skip_tracking":false,"footnotes":""},"categories":[692,55],"tags":[],"class_list":["post-41580","post","type-post","status-publish","format-standard","has-post-thumbnail","category-692","category-periodistas"],"_links":{"self":[{"href":"https:\/\/redsemlac.com\/semmexico\/wp-json\/wp\/v2\/posts\/41580","targetHints":{"allow":["GET"]}}],"collection":[{"href":"https:\/\/redsemlac.com\/semmexico\/wp-json\/wp\/v2\/posts"}],"about":[{"href":"https:\/\/redsemlac.com\/semmexico\/wp-json\/wp\/v2\/types\/post"}],"author":[{"embeddable":true,"href":"https:\/\/redsemlac.com\/semmexico\/wp-json\/wp\/v2\/users\/3"}],"replies":[{"embeddable":true,"href":"https:\/\/redsemlac.com\/semmexico\/wp-json\/wp\/v2\/comments?post=41580"}],"version-history":[{"count":0,"href":"https:\/\/redsemlac.com\/semmexico\/wp-json\/wp\/v2\/posts\/41580\/revisions"}],"wp:featuredmedia":[{"embeddable":true,"href":"https:\/\/redsemlac.com\/semmexico\/wp-json\/wp\/v2\/media\/41581"}],"wp:attachment":[{"href":"https:\/\/redsemlac.com\/semmexico\/wp-json\/wp\/v2\/media?parent=41580"}],"wp:term":[{"taxonomy":"category","embeddable":true,"href":"https:\/\/redsemlac.com\/semmexico\/wp-json\/wp\/v2\/categories?post=41580"},{"taxonomy":"post_tag","embeddable":true,"href":"https:\/\/redsemlac.com\/semmexico\/wp-json\/wp\/v2\/tags?post=41580"}],"curies":[{"name":"wp","href":"https:\/\/api.w.org\/{rel}","templated":true}]}}