{"id":4154,"date":"2018-04-24T19:09:22","date_gmt":"2018-04-24T19:09:22","guid":{"rendered":"https:\/\/redsemlac.com\/semmexico\/?p=4154"},"modified":"2023-07-21T14:31:08","modified_gmt":"2023-07-21T19:31:08","slug":"mujeres-y-politica-23","status":"publish","type":"post","link":"https:\/\/redsemlac.com\/semmexico\/mujeres-y-politica-23\/","title":{"rendered":"Mujeres y Pol\u00edtica"},"content":{"rendered":"\n<p class=\"wp-block-paragraph\">IEEPCO confisc\u00f3 espacios a las mujeres<\/p>\n\n\n\n<h5 class=\"wp-block-heading\"> M\u00e1s all\u00e1 de la pol\u00e9mica, cada quien sus luchas<\/h5>\n\n\n\n<p class=\"wp-block-paragraph\"><a href=\"https:\/\/semmexico.com\/gallery-post.php?id=4627#\">Soledad Jarqu\u00edn Edgar<\/a><\/p>\n\n\n\n<p class=\"wp-block-paragraph\">SemM\u00e9xico, Oaxaca, 24 abril 2018.- El pasado viernes el Consejo General del Instituto Estatal Electoral y de Participaci\u00f3n Ciudadana de Oaxaca (IEEPCO) aprob\u00f3 en sesi\u00f3n p\u00fablica las candidaturas a diputaciones y concejal\u00edas para las elecciones de 2018.&nbsp;As\u00ed, de nueve mil 660 candidaturas, cuatro mil 953 son mujeres.<br><br>De este total de candidaturas que \u201csin precedente\u201d fueron aprobadas por el Consejo General del IEEPCO, es necesario descontar 19 que se otorgaron a personas que se asumen como mujeres transg\u00e9nero, esto derivado de lo que establece el art\u00edculo 16 de los Lineamientos en Materia de Paridad de G\u00e9nero que deber\u00e1n observar partidos pol\u00edticos, coaliciones, candidaturas comunes y candidaturas independientes.<br><br>El Art\u00edculo 16 se\u00f1ala: En caso de postulaci\u00f3n de personas transg\u00e9nero, transexuales, intersexuales o muxes, la postulaci\u00f3n de la candidatura corresponder\u00e1 al g\u00e9nero al que la persona se auto adscriba y dicha candidatura ser\u00e1 tomada en cuenta para el cumplimiento del principio de paridad de g\u00e9nero. De la cual el partido pol\u00edtico postulante deber\u00e1 informar en el registro correspondiente a la f\u00f3rmula o planilla de que se trate.<br><br>Sin duda la determinaci\u00f3n del IEEPCO, puede generar algo m\u00e1s que pol\u00e9mica. De acuerdo con expertas en derechos humanos de las mujeres, el art\u00edculo 16 de los Lineamientos de Paridad no tiene sustento legal alguno y quita espacios a las mujeres. Porque, adem\u00e1s, es necesario aclarar que no hay ning\u00fan hombre transg\u00e9nero ocupando espacios de los hombres. Estoy segura los partidos pol\u00edticos no lo hubieran permitido.<br><br>El punto, independientemente del derecho de las personas de la diversidad sexual a no ser discriminadas, es \u00bfpor qu\u00e9 fueron inscritas dentro de la paridad a costa de los espacios de las mujeres s\u00f3lo por su auto adscripci\u00f3n al g\u00e9nero femenino? Es decir, la falta de un marco jur\u00eddico que les permita el cambio de nombre a sus actas de nacimiento lo resuelven con un art\u00edculo en los Lineamientos de paridad, se\u00f1alan las feministas consultadas al respecto.<br><br>Que adem\u00e1s apuntan con raz\u00f3n que la determinaci\u00f3n no se consult\u00f3 con las ciudadanas interesadas en participar en la vida pol\u00edtica de Oaxaca. En tal caso, se\u00f1alan, debieron hacer lineamientos de paridad espec\u00edficos para la diversidad sexual y otorgar espacios de acuerdo con la cuota correspondiente a la poblaci\u00f3n que representan y no en los espacios que les corresponden a las mujeres que han librado una verdadera batalla, de m\u00e1s de 61 a\u00f1os, es decir, el tiempo que pas\u00f3 entre el reconocimiento del voto universal de las mujeres en 1953 y las reformas que dieron origen a la paridad en 2014.<br><br>Las feministas consultadas sostienen \u00bfqu\u00e9 pasar\u00eda si 19 mujeres reclaman esos espacios? Sin duda se armar\u00eda un nuevo l\u00edo para el Consejo General del IEEPCO ante lo que se califica como una imposici\u00f3n para las mujeres, porque es de reiterar que no hay hombres trans en las listas de paridad correspondientes a los varones.<br><br>No es extra\u00f1o, en ning\u00fan sentido, que los representantes de los partidos pol\u00edticos, compuesta mayoritariamente por hombres, exceptuando el caso del Partido Revolucionario de las Mujeres, no hayan cuestionado esa determinaci\u00f3n. Pero se explica como una acci\u00f3n patriarcal que asumieron quiz\u00e1 porque no entendieron de lo que se trataba y porque no afecta sus listas de candidatos varones.<br><br>El problema radica en que quienes se asumen como personas transg\u00e9nero, no cuentan con la documentaci\u00f3n de cambio de identidad, de los cuales ya existen muchos casos. incluso hubo quien se asumi\u00f3 como tal, pero pidi\u00f3 que no se diera a conocer porque podr\u00eda ocasionar problemas en su municipio. Los lineamientos sin duda no tienen, en este caso, l\u00edmites legales.<br><br>Nadie pone en duda el derecho a participar en la vida pol\u00edtica de M\u00e9xico y en espec\u00edfico de Oaxaca, lo que se cuestiona es la \u201cconfiscaci\u00f3n\u201d de espacios para las mujeres, donde hay responsables: a) la aprobaci\u00f3n del art\u00edculo 16 de los lineamientos, que es como dicen, agua de otro molino; b) la omisi\u00f3n de representantes de los partidos que no se dieron cuenta o no se enteraron, y c) el riesgo infinito de que hombres se registren con los espacios de mujeres como si fueran personas trans.&nbsp;<br><br>Es de recordar la batalla que dio en 2003, hace 25 a\u00f1os, Amaranta G\u00f3mez Regalado, para que su nombre pareciera en la boleta, as\u00ed empiezan las luchas, pero no hay que soltarlas.<br><br>Para terminar, vale la pena citar a Amelia Varcarcel quien responde a una pregunta sobre la teor\u00eda Queer: \u201cla libertad de las mujeres no est\u00e1 planetariamente conseguida, en este planeta\u2026nacer mujer es estar condenada al infierno directamente\u2026el contexto general es todav\u00eda el contexto general anterior, por lo tanto, el feminismo no es \u00fanicamente una teor\u00eda del deseo ni de c\u00f3mo este deseo tiene que poder expresarse. Es, en la mayor parte del planeta todav\u00eda hoy, una teor\u00eda de las libertades elementales y m\u00ednimas, que no te casen contra tu voluntad, que no violen, que no te golpeen, que no te den menos de comer, que no te asesinen cuando eres ni\u00f1a, todo eso y m\u00e1s, esa es una agenda terrible\u2026sigan ustedes con la suya porque siempre las vanguardias hacen eso, pero no olviden el contexto, que es muy duro todav\u00eda\u201d.<br><br>SEM\/sj\/gr<br><\/p>\n","protected":false},"excerpt":{"rendered":"<p>IEEPCO confisc\u00f3 espacios a las mujeres M\u00e1s all\u00e1 de la pol\u00e9mica, cada quien sus luchas Soledad Jarqu\u00edn Edgar SemM\u00e9xico, Oaxaca, 24 abril 2018.- El pasado viernes el Consejo General del Instituto Estatal Electoral y de Participaci\u00f3n Ciudadana de Oaxaca (IEEPCO) aprob\u00f3 en sesi\u00f3n p\u00fablica las candidaturas a diputaciones y concejal\u00edas para las elecciones de 2018.&nbsp;As\u00ed, [&hellip;]<\/p>\n","protected":false},"author":3,"featured_media":4108,"comment_status":"open","ping_status":"open","sticky":false,"template":"","format":"standard","meta":{"_monsterinsights_skip_tracking":false,"footnotes":""},"categories":[689,75,1],"tags":[],"class_list":["post-4154","post","type-post","status-publish","format-standard","has-post-thumbnail","category-689","category-soledad-jarquin-edgar","category-uncategorized"],"_links":{"self":[{"href":"https:\/\/redsemlac.com\/semmexico\/wp-json\/wp\/v2\/posts\/4154","targetHints":{"allow":["GET"]}}],"collection":[{"href":"https:\/\/redsemlac.com\/semmexico\/wp-json\/wp\/v2\/posts"}],"about":[{"href":"https:\/\/redsemlac.com\/semmexico\/wp-json\/wp\/v2\/types\/post"}],"author":[{"embeddable":true,"href":"https:\/\/redsemlac.com\/semmexico\/wp-json\/wp\/v2\/users\/3"}],"replies":[{"embeddable":true,"href":"https:\/\/redsemlac.com\/semmexico\/wp-json\/wp\/v2\/comments?post=4154"}],"version-history":[{"count":0,"href":"https:\/\/redsemlac.com\/semmexico\/wp-json\/wp\/v2\/posts\/4154\/revisions"}],"wp:featuredmedia":[{"embeddable":true,"href":"https:\/\/redsemlac.com\/semmexico\/wp-json\/wp\/v2\/media\/4108"}],"wp:attachment":[{"href":"https:\/\/redsemlac.com\/semmexico\/wp-json\/wp\/v2\/media?parent=4154"}],"wp:term":[{"taxonomy":"category","embeddable":true,"href":"https:\/\/redsemlac.com\/semmexico\/wp-json\/wp\/v2\/categories?post=4154"},{"taxonomy":"post_tag","embeddable":true,"href":"https:\/\/redsemlac.com\/semmexico\/wp-json\/wp\/v2\/tags?post=4154"}],"curies":[{"name":"wp","href":"https:\/\/api.w.org\/{rel}","templated":true}]}}