{"id":41381,"date":"2021-10-27T11:54:27","date_gmt":"2021-10-27T17:54:27","guid":{"rendered":"https:\/\/redsemlac.com\/semmexico\/?p=41381"},"modified":"2023-07-21T18:47:59","modified_gmt":"2023-07-21T23:47:59","slug":"proponen-crear-otro-refugio-para-mujeres-por-incremento-de-violencia-en-hidalgo","status":"publish","type":"post","link":"https:\/\/redsemlac.com\/semmexico\/proponen-crear-otro-refugio-para-mujeres-por-incremento-de-violencia-en-hidalgo\/","title":{"rendered":"Proponen crear otro refugio para mujeres por incremento de violencia en Hidalgo"},"content":{"rendered":"\n<ul class=\"wp-block-list\"><li><strong>En esa entidad s\u00f3lo hay un lugar para recibir a mujeres v\u00edctimas de violencia<\/strong><\/li><\/ul>\n\n\n\n<p class=\"wp-block-paragraph\"><strong>Ignacio Garc\u00eda<\/strong><\/p>\n\n\n\n<p class=\"wp-block-paragraph\">SemM\u00e9xico, Pachuca, Hidalgo, 27 de octubre, 2021.- La diputada local del Partido Revolucionario Institucional (PRI), Citlalli Jaramillo Ram\u00edrez, pidi\u00f3 al Congreso de la Uni\u00f3n que en el presupuesto del pr\u00f3ximo a\u00f1o se considere la creaci\u00f3n de otro refugio especial para mujeres en Hidalgo, debido al incremento de la violencia de g\u00e9nero desde que comenz\u00f3 la pandemia de Covid-19.<\/p>\n\n\n\n<p class=\"wp-block-paragraph\">La legisladora local refiri\u00f3 que Hidalgo s\u00f3lo cuenta con un refugio para mujeres que tiene una capacidad de s\u00f3lo 40 mujeres, por lo que es insuficiente para garantizar la atenci\u00f3n y protecci\u00f3n de mujeres v\u00edctimas de violencia en la entidad, pues la violencia de g\u00e9nero increment\u00f3 a consecuencia del confinamiento.<\/p>\n\n\n\n<p class=\"wp-block-paragraph\">De acuerdo con Jaramillo Ram\u00edrez, se necesitan m\u00e1s recursos para el Programa de Apoyos para Refugios Especializados para Mujeres V\u00edctimas de Violencia de G\u00e9nero, as\u00ed como para los Centros Externos de Atenci\u00f3n a Mujeres V\u00edctimas de Violencia de G\u00e9nero para construir m\u00e1s refugios para mujeres violentadas.<\/p>\n\n\n\n<p class=\"wp-block-paragraph\">La legisladora record\u00f3 que el 49 por ciento de las mujeres v\u00edctimas de violencia sufri\u00f3 agresiones emocionales, el 29 por ciento sufri\u00f3 violencia econ\u00f3mica, patrimonial o de discriminaci\u00f3n, mientras que el 34 por ciento fue f\u00edsica y el 41.3 por ciento sexual.<\/p>\n\n\n\n<p class=\"wp-block-paragraph\">Indic\u00f3 que la mayor\u00eda de las agresiones que padecen las mujeres provienen de un integrante de su c\u00edrculo social m\u00e1s cercano como su pareja, por lo que la mayor\u00eda e las v\u00edctimas ha normalizado las conductas agresivas en su contra y por ello no acuden ante las autoridades para interponer denuncias.<\/p>\n\n\n\n<p class=\"wp-block-paragraph\">Enfatiz\u00f3 que un primer camino para lograr la accesibilidad de las mujeres a un ambiente libre de violencia es acudir a los refugios, mientras las autoridades judiciales desarrollan las indagatorias correspondientes contra los agresores y se aplican las sanciones competentes.<\/p>\n\n\n\n<p class=\"wp-block-paragraph\">Diferentes organizaciones defensoras de los derechos de las mujeres denunciaron que hubo una falta de inter\u00e9s de las autoridades federales para garantizar la protecci\u00f3n de las mujeres violentadas al retirar recursos federales para las mujeres desde que comenz\u00f3 la actual administraci\u00f3n federal.<\/p>\n","protected":false},"excerpt":{"rendered":"<p>En esa entidad s\u00f3lo hay un lugar para recibir a mujeres v\u00edctimas de violencia<\/p>\n","protected":false},"author":3,"featured_media":41382,"comment_status":"open","ping_status":"open","sticky":false,"template":"","format":"standard","meta":{"_monsterinsights_skip_tracking":false,"footnotes":""},"categories":[692,50],"tags":[335],"class_list":["post-41381","post","type-post","status-publish","format-standard","has-post-thumbnail","category-692","category-congreso","tag-hidalgo"],"_links":{"self":[{"href":"https:\/\/redsemlac.com\/semmexico\/wp-json\/wp\/v2\/posts\/41381","targetHints":{"allow":["GET"]}}],"collection":[{"href":"https:\/\/redsemlac.com\/semmexico\/wp-json\/wp\/v2\/posts"}],"about":[{"href":"https:\/\/redsemlac.com\/semmexico\/wp-json\/wp\/v2\/types\/post"}],"author":[{"embeddable":true,"href":"https:\/\/redsemlac.com\/semmexico\/wp-json\/wp\/v2\/users\/3"}],"replies":[{"embeddable":true,"href":"https:\/\/redsemlac.com\/semmexico\/wp-json\/wp\/v2\/comments?post=41381"}],"version-history":[{"count":0,"href":"https:\/\/redsemlac.com\/semmexico\/wp-json\/wp\/v2\/posts\/41381\/revisions"}],"wp:featuredmedia":[{"embeddable":true,"href":"https:\/\/redsemlac.com\/semmexico\/wp-json\/wp\/v2\/media\/41382"}],"wp:attachment":[{"href":"https:\/\/redsemlac.com\/semmexico\/wp-json\/wp\/v2\/media?parent=41381"}],"wp:term":[{"taxonomy":"category","embeddable":true,"href":"https:\/\/redsemlac.com\/semmexico\/wp-json\/wp\/v2\/categories?post=41381"},{"taxonomy":"post_tag","embeddable":true,"href":"https:\/\/redsemlac.com\/semmexico\/wp-json\/wp\/v2\/tags?post=41381"}],"curies":[{"name":"wp","href":"https:\/\/api.w.org\/{rel}","templated":true}]}}