{"id":41330,"date":"2021-10-25T15:39:46","date_gmt":"2021-10-25T21:39:46","guid":{"rendered":"https:\/\/redsemlac.com\/semmexico\/?p=41330"},"modified":"2023-07-21T17:08:22","modified_gmt":"2023-07-21T22:08:22","slug":"ciclo-de-charlas-virtuales-sobre-racismo-y-masculinidad","status":"publish","type":"post","link":"https:\/\/redsemlac.com\/semmexico\/ciclo-de-charlas-virtuales-sobre-racismo-y-masculinidad\/","title":{"rendered":"Ciclo de charlas virtuales sobre racismo y masculinidad"},"content":{"rendered":"\n<ul class=\"wp-block-list\"><li><strong>Del 28 de octubre al 2 de diciembre, en la Galer\u00eda\u00a0Jos\u00e9 Mar\u00eda Velasco\u00a0<\/strong><\/li><\/ul>\n\n\n\n<ul class=\"wp-block-list\"><li><strong>Especialistas sobre el tema abordar\u00e1n distintas perspectivas<\/strong><\/li><\/ul>\n\n\n\n<p class=\"wp-block-paragraph\"><strong>Redacci\u00f3n<\/strong><\/p>\n\n\n\n<p class=\"wp-block-paragraph\">SemM\u00e9xico, Cd. de M\u00e9xico, 25 de octubre, 2021.- La Galer\u00eda&nbsp;<em>Jos\u00e9 Mar\u00eda Velasco<\/em>&nbsp;realizar\u00e1 el ciclo virtual de conferencias&nbsp;<em>Intersticios: cruce entre racismo y masculinidad en M\u00e9xico<\/em>, a partir del jueves 28 de octubre al 2 de diciembre,&nbsp;y proyectar\u00e1 un documental sobre los pueblos originarios, en el marco de la exposici\u00f3n&nbsp;<em>Intersticios<\/em>, de Federico Gama, para celebrar el 70 aniversario del recinto y conmemorar los 500 a\u00f1os de resistencia ind\u00edgena. Ca\u00edda de M\u00e9xico-Tenochtitlan.&nbsp;<\/p>\n\n\n\n<p class=\"wp-block-paragraph\">Especialistas sobre el tema abordar\u00e1n distintas perspectivas y enfoques del racismo y la masculinidad en nuestro pa\u00eds, a trav\u00e9s de charlas que se transmitir\u00e1n los jueves a las 18:00 horas en la p\u00e1gina de Facebook del recinto: \/Galer\u00eda Jos\u00e9 Mar\u00eda Velasco, como parte de la campa\u00f1a \u201cContigo en la distancia\u201d de la Secretar\u00eda de Cultura del Gobierno de M\u00e9xico y el Instituto Nacional de Bellas Artes y Literatura (INBAL).&nbsp;<\/p>\n\n\n\n<p class=\"wp-block-paragraph\">El programa iniciar\u00e1 el 28 de octubre con el tema&nbsp;<em>Discriminaci\u00f3n racial<\/em>, a cargo de la activista y defensora de los derechos humanos Rita Marcela Robles, en el cual ofrecer\u00e1 una breve exploraci\u00f3n hist\u00f3rica, jur\u00eddica y social sobre esta problem\u00e1tica y sus implicaciones hasta el d\u00eda de hoy.&nbsp;<\/p>\n\n\n\n<p class=\"wp-block-paragraph\">El 4 de noviembre se llevar\u00e1 a cabo la&nbsp;<em>Entrevista sobre La Madriguera, masculinidades, discriminaci\u00f3n y etnicidad<\/em>, en la que Alonso Hern\u00e1ndez, director de Archivos y Memorias Diversas, platicar\u00e1 con Eduardo P\u00e9rez&nbsp;<em>El Gavil\u00e1n<\/em>&nbsp;del grupo La Madriguera.&nbsp;<\/p>\n\n\n\n<p class=\"wp-block-paragraph\">El maestro en Estudios Culturales por el Colegio de la Frontera Norte, Ad\u00e1n Aranda Reynoso, presentar\u00e1 el 11 de noviembre la conferencia&nbsp;<em>Lo miran a uno como si tuviera una enfermedad: experiencias de migrantes centroamericanos en tr\u00e1nsito por M\u00e9xico hacia Estados Unidos<\/em>, en la cual hablar\u00e1 sobre la condici\u00f3n de vulnerabilidad y la estigmatizaci\u00f3n que enfrenta este grupo de personas.&nbsp;&nbsp;<\/p>\n\n\n\n<p class=\"wp-block-paragraph\">El 18 de noviembre, Eduardo Torre Cantalapiedra, investigador de C\u00e1tedras Conacyt y del Colegio de la Frontera Norte, impartir\u00e1 la ponencia&nbsp;<em>Migraci\u00f3n, racismo y xenofobia en Internet: los comentarios de usuarios contra los migrantes haitianos en prensa digital<\/em>, en la cual ofrecer\u00e1 un riguroso an\u00e1lisis de algunos discursos que se produjeron en la red a ra\u00edz de su llegada en 2016 y 2017.&nbsp;&nbsp;<\/p>\n\n\n\n<p class=\"wp-block-paragraph\">El doctor en Filosof\u00eda por la Universidad Nacional Aut\u00f3noma de M\u00e9xico (UNAM), Gustavo Garc\u00eda, continuar\u00e1 el ciclo el 25 de noviembre con el tema&nbsp;<em>El racismo de la blanquitud: identidad y otredad modernas<\/em>, en el que se referir\u00e1 al fen\u00f3meno espec\u00edficamente moderno a trav\u00e9s de las propuestas de pensadores como Bol\u00edvar Echeverr\u00eda, Frantz Fanon, Achille Mbembe y Federico Navarrete.&nbsp;<\/p>\n\n\n\n<p class=\"wp-block-paragraph\">Miriam Guti\u00e9rrez Otero, doctora en Psicopatolog\u00eda por la Universidad de Par\u00eds, presentar\u00e1 la conferencia&nbsp;<em>Violencia sexual en la infancia y sus secuelas en la salud mental de los hombres<\/em>, el 2 de diciembre, mientras que el 9 de diciembre la doctora en Ciencias Antropol\u00f3gicas por la Universidad Aut\u00f3noma Metropolitana (UAM), Gisela Land\u00e1zuri, proyectar\u00e1 el documental&nbsp;<em>Encuentros y desencuentros<\/em>, el cual aborda las alternativas de resistencia y de recuperaci\u00f3n del patrimonio hist\u00f3rico, econ\u00f3mico, natural y cultural de los pueblos rurales, originarios, que se asientan en el sur de la Ciudad de M\u00e9xico.&nbsp;<\/p>\n\n\n\n<p class=\"wp-block-paragraph\">SEM\/sj<\/p>\n","protected":false},"excerpt":{"rendered":"<p>Del 28 de octubre al 2 de diciembre, en la Galer\u00eda\u00a0Jos\u00e9 Mar\u00eda Velasco\u00a0<\/p>\n","protected":false},"author":3,"featured_media":41331,"comment_status":"open","ping_status":"open","sticky":false,"template":"","format":"standard","meta":{"_monsterinsights_skip_tracking":false,"footnotes":""},"categories":[692,51],"tags":[],"class_list":["post-41330","post","type-post","status-publish","format-standard","has-post-thumbnail","category-692","category-ejecutivo"],"_links":{"self":[{"href":"https:\/\/redsemlac.com\/semmexico\/wp-json\/wp\/v2\/posts\/41330","targetHints":{"allow":["GET"]}}],"collection":[{"href":"https:\/\/redsemlac.com\/semmexico\/wp-json\/wp\/v2\/posts"}],"about":[{"href":"https:\/\/redsemlac.com\/semmexico\/wp-json\/wp\/v2\/types\/post"}],"author":[{"embeddable":true,"href":"https:\/\/redsemlac.com\/semmexico\/wp-json\/wp\/v2\/users\/3"}],"replies":[{"embeddable":true,"href":"https:\/\/redsemlac.com\/semmexico\/wp-json\/wp\/v2\/comments?post=41330"}],"version-history":[{"count":0,"href":"https:\/\/redsemlac.com\/semmexico\/wp-json\/wp\/v2\/posts\/41330\/revisions"}],"wp:featuredmedia":[{"embeddable":true,"href":"https:\/\/redsemlac.com\/semmexico\/wp-json\/wp\/v2\/media\/41331"}],"wp:attachment":[{"href":"https:\/\/redsemlac.com\/semmexico\/wp-json\/wp\/v2\/media?parent=41330"}],"wp:term":[{"taxonomy":"category","embeddable":true,"href":"https:\/\/redsemlac.com\/semmexico\/wp-json\/wp\/v2\/categories?post=41330"},{"taxonomy":"post_tag","embeddable":true,"href":"https:\/\/redsemlac.com\/semmexico\/wp-json\/wp\/v2\/tags?post=41330"}],"curies":[{"name":"wp","href":"https:\/\/api.w.org\/{rel}","templated":true}]}}