{"id":41328,"date":"2021-10-25T15:37:54","date_gmt":"2021-10-25T21:37:54","guid":{"rendered":"https:\/\/redsemlac.com\/semmexico\/?p=41328"},"modified":"2023-07-21T17:08:22","modified_gmt":"2023-07-21T22:08:22","slug":"mujeres-y-politica-congreso-de-oaxaca-subordinado-al-dedo-del-dios-gobernador","status":"publish","type":"post","link":"https:\/\/redsemlac.com\/semmexico\/mujeres-y-politica-congreso-de-oaxaca-subordinado-al-dedo-del-dios-gobernador\/","title":{"rendered":"Mujeres y Pol\u00edtica| Congreso de Oaxaca subordinado al dedo del dios-gobernador"},"content":{"rendered":"\n<p class=\"wp-block-paragraph\"><strong>Soledad Jarqu\u00edn Edgar<\/strong><\/p>\n\n\n\n<p class=\"wp-block-paragraph\">SemM\u00e9xico, 25 de octubre, 2021.- Oaxaca entre el relevo generacional y los <em>hijos de papi<\/em>, as\u00ed entre quienes gobiernan y el Congreso de Oaxaca que obedece e impone.<\/p>\n\n\n\n<p class=\"wp-block-paragraph\">A unos d\u00edas de concluir la LXIV Legislatura, mayoritariamente morenista (26 en total) una vez m\u00e1s, queda claro que, salvo m\u00ednimas excepciones, siguen sirviendo a los intereses del gobierno del priista Alejandro Murat que solo tiene seis diputados y diputadas de su partido y muchos de los otros institutos pol\u00edticos que la integran.<\/p>\n\n\n\n<p class=\"wp-block-paragraph\">Esta triste historia para Oaxaca inici\u00f3 con la llegada del gobernador Murat, hijo del ex gobernador Jos\u00e9 Murat Casab y una cascada de funcionarios hijos de pol\u00edticos del Estado de M\u00e9xico y de Oaxaca, y tambi\u00e9n de empresarios locales. Una de ellas, la titular de la Secretar\u00eda de la Mujer Oaxaque\u00f1a, Ana Isabel V\u00e1squez Colmenares, hija del ex gobernador Pedro V\u00e1squez Colmenares, cuya falta de resultados se puede observar entre las m\u00e1s de 500 mujeres asesinadas en este sexenio al que todav\u00eda le falta un a\u00f1o.<\/p>\n\n\n\n<p class=\"wp-block-paragraph\">Su responsabilidad establecida en la Ley Org\u00e1nica del Poder Ejecutivo del Estado de Oaxaca. Art\u00edculo 46 C, VI. \u201cEstablecer y concertar acuerdos, convenios e instrumentos para el cumplimiento de las atribuciones de la Secretar\u00eda y las pol\u00edticas, acciones y programas que se establezcan en el Plan Estatal de Desarrollo, el Programa Estatal para la Igualdad entre Mujeres y Hombres, el Programa Integral para Prevenir, Atender, Sancionar y erradicar la Violencia de G\u00e9nero Contra Las Mujeres, Las Leyes Generales y Locales de Igualdad y No Violencia Contra Las Mujeres\u201d. Solo por citar un ejemplo. Porque hay m\u00e1s.<\/p>\n\n\n\n<p class=\"wp-block-paragraph\">Pero volviendo a los hijos de papi, este viernes nuevamente se repiti\u00f3 la historia. El congreso local design\u00f3 y ratific\u00f3 como magistrados y magistradas de tribunales Superior de Justicia, de Justicia Administrativa y en el Consejo de la Judicatura del Estado a otros y otras hijas de pol\u00edticos, cumplieran o no con los requisitos de ley, a pesar de la advertencia que hicieron en una carta, v\u00edctimas directas o indirectas, respaldadas por organizaciones no gubernamentales.<\/p>\n\n\n\n<p class=\"wp-block-paragraph\">Cuando el dedo de dios-gobernador se\u00f1ala, el contrapeso de la diputaci\u00f3n local no aparece, pueden dar largas, aparentemente cuestionan y terminan por asumir lo que el dedo del dios-gobernador designa. Tal parece que, como seguramente pasa en otras entidades del pa\u00eds y Oaxaca no es la excepci\u00f3n, la avalancha de la 4T no opera, sigue actuando como si fueran una minor\u00eda de oposici\u00f3n y se concretan a obedecer al gran se\u00f1or.<\/p>\n\n\n\n<p class=\"wp-block-paragraph\">As\u00ed, que \u201cbasados en la Constituci\u00f3n Pol\u00edtica del Estado\u201d y como lo establece el art\u00edculo 102, quienes integran la Comisi\u00f3n Permanente de Administraci\u00f3n y Procuraci\u00f3n de Justicia, designaron por ocho a\u00f1os a Juan Carlos D\u00edaz Carranza, Berenice Ram\u00edrez Jim\u00e9nez, Alejandro Magno Gonz\u00e1lez Antonio, Elizabeth Roxana L\u00f3pez Luna y Sof\u00eda Altamirano Rueda, como magistrados y magistradas del Tribunal Superior de Justicia del Estado de Oaxaca (TSJEO).<\/p>\n\n\n\n<p class=\"wp-block-paragraph\">Y aun cuando se refieren al art\u00edculo 101 de la misma Constituci\u00f3n Pol\u00edtica del Estado Libre y Soberano de Oaxaca en el dictamen, las diputadas y el diputado que firmaron el acuerdo, parece que obviaron \u2013por razones desconocidas hasta hoy- lo que establece el inciso VI y un p\u00e1rrafo posterior a \u00e9ste, los cuales hac\u00edan inelegibles a varios de los hoy flamantes magistrados y magistradas de Oaxaca.<\/p>\n\n\n\n<p class=\"wp-block-paragraph\">El p\u00e1rrafo VI del Art\u00edculo 102 que no vieron las diputadas y el diputado firmante establece \u2026 \u201c<em>No haber sido Secretario de Despacho o su equivalente, Fiscal General del Estado de Oaxaca, Diputado Local, en el a\u00f1o anterior a su nombramiento<\/em>\u201d.<\/p>\n\n\n\n<p class=\"wp-block-paragraph\">Y es ah\u00ed donde los diputados firmantes del dictamen cometieron un error que tendr\u00e1 sin duda costos importantes para Oaxaca, porque Alejandro Magno Gonz\u00e1lez Antonio fue fiscal en marzo pasado. Adem\u00e1s de ser un cercano, o mejor dicho cercan\u00edsimo, colaborador de Rub\u00e9n Vasconcelos M\u00e9ndez ex fiscal de Oaxaca, y actual titular de la Secretar\u00eda de Bienestar, responsable de la obstaculizaci\u00f3n de los procesos de investigaci\u00f3n en varios feminicidios, como se le acus\u00f3 en su momento, hechos en el que tambi\u00e9n estuvo involucrado el nuevo magistrado impuesto por el dedo del dios-gobernador y ratificado por cuatro de los cinco diputados excepto por Magaly L\u00f3pez Dom\u00ednguez.<\/p>\n\n\n\n<p class=\"wp-block-paragraph\">El \u00faltimo p\u00e1rrafo del Art\u00edculo 102 se\u00f1ala:<\/p>\n\n\n\n<p class=\"wp-block-paragraph\">\u201c<em>Los nombramientos de Magistrados ser\u00e1n hechos preferentemente entre aquellas personas que hayan prestado sus servicios con eficiencia y probidad en la administraci\u00f3n de justicia o que lo merezcan por su honorabilidad, competencia y antecedentes en otras ramas de la profesi\u00f3n jur\u00eddica\u201d.<\/em><\/p>\n\n\n\n<p class=\"wp-block-paragraph\">Requisito que no re\u00fane Juan Carlos D\u00edaz Carranza, abogado s\u00ed por la Ibero de Puebla, pero que no ha ejercido la profesi\u00f3n, notario p\u00fablico gracias a Gabino Cu\u00e9 Monteagudo, ex gobernador de Oaxaca, que no ejerce porque extra\u00f1amente prefiri\u00f3 desempe\u00f1ar cargos p\u00fablicos en diversas dependencias en los \u00faltimos a\u00f1os.<\/p>\n\n\n\n<p class=\"wp-block-paragraph\">El dictamen de Juan Carlos D\u00edaz, por cierto, hijo de Juan D\u00edaz un ex diputado, ex funcionario de Salud y de diversas dependencias en los gobiernos de Jos\u00e9 Murat y subsecuentes, fue firmado por cuatro de cinco integrantes de la comisi\u00f3n responsable, menos por el petista No\u00e9 Doroteo Castillejos.<\/p>\n\n\n\n<p class=\"wp-block-paragraph\">La diputaci\u00f3n oaxaque\u00f1a cumpli\u00f3 con el mandamiento del dedo del dios-gobernador, se confirma una vez m\u00e1s que no est\u00e1n para defender los intereses del pueblo y que la 4T continua sin comprender que son un poder no un grupo de subordinados del gobernador.<\/p>\n\n\n\n<p class=\"wp-block-paragraph\">Denuncia<\/p>\n\n\n\n<p class=\"wp-block-paragraph\">El pasado viernes cuando se abrieron las puertas del llamado \u201crecinto parlamentario\u201d, se impidi\u00f3 el paso a quienes hab\u00edamos firmado la carta sobre las razones por las cuales Alejandro Magno Gonz\u00e1lez Antonio, Juan Carlos D\u00edaz y otras personas no deber\u00edan ser magistrados del TSJEO.<\/p>\n\n\n\n<p class=\"wp-block-paragraph\">Fue muy curioso observar que al lugar donde se celebrar\u00eda la sesi\u00f3n extraordinaria pod\u00edan entrar y salir otras personas, pero espec\u00edficamente cuatro que ped\u00edamos ingresar simplemente no pod\u00edamos, sin explicaci\u00f3n. La persona que cuidaba la puerta, mand\u00f3 llamar, a personal de seguridad, otras personas vinieron desde distintas oficinas para tomar fotograf\u00edas de las cuatro que intent\u00e1bamos ingresar. A una de nosotras en la puerta del Congreso le revisaron la bolsa y le preguntaron si llevaba algo para protestar, luego le permitieron el ingreso, pero le advirtieron que no pasar\u00eda al recinto parlamentario.<\/p>\n\n\n\n<p class=\"wp-block-paragraph\">Finalmente, despu\u00e9s de dos horas y a pesar de una intensa lluvia, apareci\u00f3 el presidente de la Junta de Coordinaci\u00f3n Pol\u00edtica, el morensita Fredie Delf\u00edn Avenda\u00f1o, quien asegur\u00f3 que nadie estaba autorizado para impedir el acceso a \u201cla casa del pueblo\u201d. \u00bfNadie? Bueno, est\u00e1 visto que no es as\u00ed.<\/p>\n\n\n\n<p class=\"wp-block-paragraph\">\u00c9ramos cuatro peligrosas mujeres o al menos as\u00ed nos ve\u00edan. S\u00ed entramos y dijimos lo que ten\u00edamos que decir: la justicia se vende muy barata en Oaxaca y todo gracias a la decisi\u00f3n subordinada de quienes venden su consciencia al mejor postor.<\/p>\n","protected":false},"excerpt":{"rendered":"<p> Oaxaca entre el relevo generacional y los hijos de papi, as\u00ed entre quienes gobiernan y el Congreso de Oaxaca que obedece e impone.<\/p>\n","protected":false},"author":3,"featured_media":8460,"comment_status":"open","ping_status":"open","sticky":false,"template":"","format":"standard","meta":{"_monsterinsights_skip_tracking":false,"footnotes":""},"categories":[692,96,35,75],"tags":[459],"class_list":["post-41328","post","type-post","status-publish","format-standard","has-post-thumbnail","category-692","category-mujeres-y-politica","category-opinion","category-soledad-jarquin-edgar","tag-opinion"],"_links":{"self":[{"href":"https:\/\/redsemlac.com\/semmexico\/wp-json\/wp\/v2\/posts\/41328","targetHints":{"allow":["GET"]}}],"collection":[{"href":"https:\/\/redsemlac.com\/semmexico\/wp-json\/wp\/v2\/posts"}],"about":[{"href":"https:\/\/redsemlac.com\/semmexico\/wp-json\/wp\/v2\/types\/post"}],"author":[{"embeddable":true,"href":"https:\/\/redsemlac.com\/semmexico\/wp-json\/wp\/v2\/users\/3"}],"replies":[{"embeddable":true,"href":"https:\/\/redsemlac.com\/semmexico\/wp-json\/wp\/v2\/comments?post=41328"}],"version-history":[{"count":0,"href":"https:\/\/redsemlac.com\/semmexico\/wp-json\/wp\/v2\/posts\/41328\/revisions"}],"wp:featuredmedia":[{"embeddable":true,"href":"https:\/\/redsemlac.com\/semmexico\/wp-json\/wp\/v2\/media\/8460"}],"wp:attachment":[{"href":"https:\/\/redsemlac.com\/semmexico\/wp-json\/wp\/v2\/media?parent=41328"}],"wp:term":[{"taxonomy":"category","embeddable":true,"href":"https:\/\/redsemlac.com\/semmexico\/wp-json\/wp\/v2\/categories?post=41328"},{"taxonomy":"post_tag","embeddable":true,"href":"https:\/\/redsemlac.com\/semmexico\/wp-json\/wp\/v2\/tags?post=41328"}],"curies":[{"name":"wp","href":"https:\/\/api.w.org\/{rel}","templated":true}]}}