{"id":41323,"date":"2021-10-25T15:34:25","date_gmt":"2021-10-25T21:34:25","guid":{"rendered":"https:\/\/redsemlac.com\/semmexico\/?p=41323"},"modified":"2023-07-21T17:08:22","modified_gmt":"2023-07-21T22:08:22","slug":"proponen-crear-una-comision-de-monitoreo-de-la-paridad-de-genero","status":"publish","type":"post","link":"https:\/\/redsemlac.com\/semmexico\/proponen-crear-una-comision-de-monitoreo-de-la-paridad-de-genero\/","title":{"rendered":"Proponen crear una Comisi\u00f3n de Monitoreo de la Paridad de G\u00e9nero"},"content":{"rendered":"\n<ul class=\"wp-block-list\"><li><strong><strong>La iniciativa fue presentada por diputado de Movimiento Ciudadano<\/strong><\/strong><\/li><\/ul>\n\n\n\n<ul class=\"wp-block-list\"><li><strong>Busca garantizar los derechos pol\u00edticos de las mujeres<\/strong><\/li><\/ul>\n\n\n\n<p class=\"wp-block-paragraph\"><strong>Redacci\u00f3n &nbsp;<\/strong><\/p>\n\n\n\n<p class=\"wp-block-paragraph\">SemM\u00e9xico, Cd. de M\u00e9xico, 25 de octubre, 2021.- El diputado Jorge \u00c1lvarez M\u00e1ynez, Movimiento Ciudadano, present\u00f3 una iniciativa para crear una Comisi\u00f3n de Monitoreo de la Paridad de G\u00e9nero en la C\u00e1mara de Diputados.&nbsp;<\/p>\n\n\n\n<p class=\"wp-block-paragraph\">Plantea que dicha Comisi\u00f3n se encargue de vigilar que se cumpla el principio de paridad en los nombramientos a cargos de toma de decisiones en los Poderes de la Uni\u00f3n, de todos los \u00f3rdenes de gobierno, as\u00ed como en los organismos aut\u00f3nomos y municipios con poblaci\u00f3n ind\u00edgena.<\/p>\n\n\n\n<p class=\"wp-block-paragraph\">La propuesta, que adiciona el numeral 6 al art\u00edculo 40 de la Ley Org\u00e1nica del Congreso General de los Estados Unidos Mexicanos, suscrita por los integrantes del grupo parlamentario, busca legitimar la aplicaci\u00f3n constitucional y legal en la materia y garantizar los derechos pol\u00edticos de las mujeres para el acceso a cargos de elecci\u00f3n popular.<\/p>\n\n\n\n<p class=\"wp-block-paragraph\">Tambi\u00e9n promover\u00e1 la elaboraci\u00f3n de elementos que sean necesarios para generar condiciones que permitan la consolidaci\u00f3n de la paridad de g\u00e9nero en la vida p\u00fablica institucional.<\/p>\n\n\n\n<p class=\"wp-block-paragraph\">Argumenta que no se puede dejar de atender este tema tan importante, que es logro de muchas mujeres en el transcurso de nuestra historia; por ello, se tiene la obligaci\u00f3n de propiciar y garantizar los derechos pol\u00edticos de las mujeres de cara a la reforma constitucional en materia de Paridad de G\u00e9nero, publicada en el Diario Oficial de la Federaci\u00f3n el 6 de junio de 2019.&nbsp;<\/p>\n\n\n\n<p class=\"wp-block-paragraph\">Considera que como Poder Legislativo debemos dar continuidad a estas acciones, con el fin de subsanar las deficiencias e irregularidades que se presentan en materia de paridad de g\u00e9nero.&nbsp;<\/p>\n\n\n\n<p class=\"wp-block-paragraph\">Por ello, se debe instaurar una Comisi\u00f3n de Monitoreo de la Paridad de G\u00e9nero sustentada bajo la reforma constitucional en esta materia, como \u00f3rgano auxiliar de vigilancia de cargos que requieran legalmente la paridad de g\u00e9nero, para atender posibles cambios a futuro, en los \u00e1mbitos federal o local, que agilicen cualquier acto o hecho tendente a no dar cumplimiento o simulaci\u00f3n al principio rector constitucional de la paridad de g\u00e9nero en todo.<\/p>\n\n\n\n<p class=\"wp-block-paragraph\">&nbsp;Detalla que se propone a la C\u00e1mara de Diputados la formulaci\u00f3n de pol\u00edticas p\u00fablicas en aras de contribuir en el fortalecimiento de la paridad de g\u00e9nero y no discriminaci\u00f3n de sus derechos pol\u00edticos, para configurar la pluralidad pol\u00edtica de las mujeres conforme a las normas jur\u00eddicas que lo establezcan, as\u00ed como mejorar la pr\u00e1ctica diaria de los cargos de la vida p\u00fablica.<\/p>\n\n\n\n<p class=\"wp-block-paragraph\">Agrega que la Comisi\u00f3n de Monitoreo ser\u00e1 auxiliar de los \u00f3rganos de gobierno del Palacio Legislativo de San L\u00e1zaro, para cumplir los preceptos legales en esta materia.&nbsp;<\/p>\n\n\n\n<p class=\"wp-block-paragraph\">Resalta que en el pa\u00eds se deben seguir impulsando acciones para eliminar las brechas de desigualdad y desventajas que siguen enfrentando las mujeres en el \u00e1mbito pol\u00edtico.<\/p>\n\n\n\n<p class=\"wp-block-paragraph\">La iniciativa se turn\u00f3 a la Comisi\u00f3n de R\u00e9gimen, Reglamentos y Pr\u00e1cticas Parlamentarias, para dictamen, y a la Comisi\u00f3n de Igualdad de G\u00e9nero, para opini\u00f3n.<\/p>\n\n\n\n<p class=\"wp-block-paragraph\">SEM\/sj<\/p>\n","protected":false},"excerpt":{"rendered":"<p>La iniciativa fue presentada por diputado de Movimiento Ciudadano<\/p>\n","protected":false},"author":3,"featured_media":39373,"comment_status":"open","ping_status":"open","sticky":false,"template":"","format":"standard","meta":{"_monsterinsights_skip_tracking":false,"footnotes":""},"categories":[692,50],"tags":[],"class_list":["post-41323","post","type-post","status-publish","format-standard","has-post-thumbnail","category-692","category-congreso"],"_links":{"self":[{"href":"https:\/\/redsemlac.com\/semmexico\/wp-json\/wp\/v2\/posts\/41323","targetHints":{"allow":["GET"]}}],"collection":[{"href":"https:\/\/redsemlac.com\/semmexico\/wp-json\/wp\/v2\/posts"}],"about":[{"href":"https:\/\/redsemlac.com\/semmexico\/wp-json\/wp\/v2\/types\/post"}],"author":[{"embeddable":true,"href":"https:\/\/redsemlac.com\/semmexico\/wp-json\/wp\/v2\/users\/3"}],"replies":[{"embeddable":true,"href":"https:\/\/redsemlac.com\/semmexico\/wp-json\/wp\/v2\/comments?post=41323"}],"version-history":[{"count":0,"href":"https:\/\/redsemlac.com\/semmexico\/wp-json\/wp\/v2\/posts\/41323\/revisions"}],"wp:featuredmedia":[{"embeddable":true,"href":"https:\/\/redsemlac.com\/semmexico\/wp-json\/wp\/v2\/media\/39373"}],"wp:attachment":[{"href":"https:\/\/redsemlac.com\/semmexico\/wp-json\/wp\/v2\/media?parent=41323"}],"wp:term":[{"taxonomy":"category","embeddable":true,"href":"https:\/\/redsemlac.com\/semmexico\/wp-json\/wp\/v2\/categories?post=41323"},{"taxonomy":"post_tag","embeddable":true,"href":"https:\/\/redsemlac.com\/semmexico\/wp-json\/wp\/v2\/tags?post=41323"}],"curies":[{"name":"wp","href":"https:\/\/api.w.org\/{rel}","templated":true}]}}