{"id":41321,"date":"2021-10-25T15:33:04","date_gmt":"2021-10-25T21:33:04","guid":{"rendered":"https:\/\/redsemlac.com\/semmexico\/?p=41321"},"modified":"2023-07-21T17:08:22","modified_gmt":"2023-07-21T22:08:22","slug":"entidades-paraestatales-deben-atender-el-principio-de-paridad-de-genero-senado","status":"publish","type":"post","link":"https:\/\/redsemlac.com\/semmexico\/entidades-paraestatales-deben-atender-el-principio-de-paridad-de-genero-senado\/","title":{"rendered":"Entidades paraestatales deben atender el principio de paridad de g\u00e9nero: Senado"},"content":{"rendered":"\n<ul class=\"wp-block-list\"><li><strong>Se trata de garantizar la participaci\u00f3n de las mujeres en igualdad de condiciones<\/strong><\/li><li><strong>Este criterio se aplicar\u00e1 tambi\u00e9n en la integraci\u00f3n de los \u00f3rganos de gobierno de los organismos descentralizados<\/strong><\/li><\/ul>\n\n\n\n<p class=\"wp-block-paragraph\"><strong>Redacci\u00f3n<\/strong><strong><\/strong><\/p>\n\n\n\n<p class=\"wp-block-paragraph\">SemM\u00e9xico, Cd. de M\u00e9xico, 25 de octubre, 2021.- En su sesi\u00f3n del pasado 19 de octubre, el Senado aprob\u00f3 una reforma para que los consejos de administraci\u00f3n, as\u00ed como comit\u00e9s y subcomit\u00e9s de las entidades paraestatales se integren bajo el principio de paridad y de alternancia entre los g\u00e9neros en sus mandos directivos. &nbsp;<\/p>\n\n\n\n<p class=\"wp-block-paragraph\">Las y los senadores destacaron en el dictamen que la necesidad de avanzar hacia la \u201cdemocracia paritaria\u201d ha sido planteada no s\u00f3lo como una propuesta que acelere la participaci\u00f3n de las mujeres en los espacios p\u00fablicos, sino que busca transformarse en una reivindicaci\u00f3n trasversal a todos los \u00e1mbitos de la sociedad. &nbsp;<\/p>\n\n\n\n<p class=\"wp-block-paragraph\">\u201cNo se trata -asentaron-, \u00fanicamente de cubrir una cuota mayor de cargos pol\u00edticos a favor de las mujeres, sino de reconocer, respetar y garantizar la participaci\u00f3n equilibrada de mujeres y hombres en la toma de decisiones y con igualdad de oportunidades\u201d. &nbsp;<\/p>\n\n\n\n<p class=\"wp-block-paragraph\">En este sentido, modificaron el proyecto que envi\u00f3 al Senado la C\u00e1mara de Diputados, pues propon\u00eda que s\u00f3lo un tercio de las personas que integran los consejos de administraci\u00f3n, comit\u00e9s y subcomit\u00e9s de las entidades paraestatales fueran mujeres. &nbsp;<\/p>\n\n\n\n<p class=\"wp-block-paragraph\">Los senadores precisaron en el dictamen que las entidades paraestatales deben atender el principio de paridad de g\u00e9nero, criterio que se aplicar\u00e1 tambi\u00e9n en la integraci\u00f3n de los \u00f3rganos de gobierno de los organismos descentralizados, por lo que la mitad de sus integrantes deber\u00e1n ser mujeres y, cuando esto no sea posible, dicha integraci\u00f3n no podr\u00e1 exceder de la mitad m\u00e1s uno de un mismo g\u00e9nero. &nbsp;<\/p>\n\n\n\n<p class=\"wp-block-paragraph\">El mismo criterio se aplicar\u00eda para los consejos de administraci\u00f3n o sus equivalentes de las entidades de participaci\u00f3n estatal mayoritaria, as\u00ed como comit\u00e9s, subcomit\u00e9s t\u00e9cnicos especializados y comit\u00e9s mixtos de productividad. &nbsp;<\/p>\n\n\n\n<p class=\"wp-block-paragraph\">El proyecto, que&nbsp;reforma diversas disposiciones de la&nbsp;Ley Federal de Entidades Paraestatales, se aprob\u00f3 con 79 votos a favor y una abstenci\u00f3n y fue devuelto a la C\u00e1mara de Diputados. &nbsp;<\/p>\n\n\n\n<p class=\"wp-block-paragraph\">Las entidades paraestatales son aquellos organismos o personas morales que cuentan con personalidad jur\u00eddica y patrimonio propios, que componen la Administraci\u00f3n P\u00fablica Paraestatal y cuyo objetivo es auxiliar al Poder Ejecutivo Federal en el manejo y desarrollo de las \u00e1reas que son consideradas por el Estado como estrat\u00e9gicas o prioritarias.&nbsp;<\/p>\n\n\n\n<p class=\"wp-block-paragraph\">De ah\u00ed que, asent\u00f3 desde la tribuna la senadora Guadalupe Covarrubias Cervantes, de Morena, es fundamental la presencia de las mujeres en estas instancias, a fin de que las necesidades de este sector de la poblaci\u00f3n est\u00e9n incluidas en las decisiones del Estado.&nbsp;<\/p>\n\n\n\n<p class=\"wp-block-paragraph\">Adem\u00e1s, el senador Ricardo Vel\u00e1zquez Meza, del mismo Grupo Parlamentario, dijo que esta reforma tiene el objetivo de romper las barreras y obst\u00e1culos para el acceso de las mujeres a estos espacios ejecutivos.&nbsp;<\/p>\n\n\n\n<p class=\"wp-block-paragraph\">SEM\/sj<\/p>\n","protected":false},"excerpt":{"rendered":"<p>Se trata de garantizar la participaci\u00f3n de las mujeres en igualdad de condiciones<\/p>\n","protected":false},"author":3,"featured_media":34738,"comment_status":"open","ping_status":"open","sticky":false,"template":"","format":"standard","meta":{"_monsterinsights_skip_tracking":false,"footnotes":""},"categories":[692,50],"tags":[],"class_list":["post-41321","post","type-post","status-publish","format-standard","has-post-thumbnail","category-692","category-congreso"],"_links":{"self":[{"href":"https:\/\/redsemlac.com\/semmexico\/wp-json\/wp\/v2\/posts\/41321","targetHints":{"allow":["GET"]}}],"collection":[{"href":"https:\/\/redsemlac.com\/semmexico\/wp-json\/wp\/v2\/posts"}],"about":[{"href":"https:\/\/redsemlac.com\/semmexico\/wp-json\/wp\/v2\/types\/post"}],"author":[{"embeddable":true,"href":"https:\/\/redsemlac.com\/semmexico\/wp-json\/wp\/v2\/users\/3"}],"replies":[{"embeddable":true,"href":"https:\/\/redsemlac.com\/semmexico\/wp-json\/wp\/v2\/comments?post=41321"}],"version-history":[{"count":0,"href":"https:\/\/redsemlac.com\/semmexico\/wp-json\/wp\/v2\/posts\/41321\/revisions"}],"wp:featuredmedia":[{"embeddable":true,"href":"https:\/\/redsemlac.com\/semmexico\/wp-json\/wp\/v2\/media\/34738"}],"wp:attachment":[{"href":"https:\/\/redsemlac.com\/semmexico\/wp-json\/wp\/v2\/media?parent=41321"}],"wp:term":[{"taxonomy":"category","embeddable":true,"href":"https:\/\/redsemlac.com\/semmexico\/wp-json\/wp\/v2\/categories?post=41321"},{"taxonomy":"post_tag","embeddable":true,"href":"https:\/\/redsemlac.com\/semmexico\/wp-json\/wp\/v2\/tags?post=41321"}],"curies":[{"name":"wp","href":"https:\/\/api.w.org\/{rel}","templated":true}]}}