{"id":41312,"date":"2021-10-25T11:01:00","date_gmt":"2021-10-25T17:01:00","guid":{"rendered":"https:\/\/redsemlac.com\/semmexico\/?p=41312"},"modified":"2023-07-21T17:08:23","modified_gmt":"2023-07-21T22:08:23","slug":"vida-y-lectura-las-mujeres-de-la-orquesta-roja","status":"publish","type":"post","link":"https:\/\/redsemlac.com\/semmexico\/vida-y-lectura-las-mujeres-de-la-orquesta-roja\/","title":{"rendered":"Vida y lectura| Las mujeres de la Orquesta Roja"},"content":{"rendered":"\n<p class=\"wp-block-paragraph\"><strong>Marcela Eternod Ar\u00e1mburu<\/strong><\/p>\n\n\n\n<p class=\"wp-block-paragraph\">SemM\u00e9xico, 25 de octubre, 2021.- Desde el feminismo, se ha emprendido un esfuerzo colectivo para hacer visibles a las mujeres en todas las esferas, contextos y sucesos. Uno de estos esfuerzos se encuentra en la novela de Jennifer Chiaverini que se public\u00f3 en 2019 con el t\u00edtulo de \u201cResistance Women\u201d, traducida al espa\u00f1ol en 2021 como \u201cLas mujeres de la orquesta roja\u201d.<\/p>\n\n\n\n<p class=\"wp-block-paragraph\">La novela se promociona como una historia sobre el coraje, entendido como valent\u00eda, de las personas comunes y corrientes, y se enmarca en la denominada narrativa hist\u00f3rica al estar basada en hechos reales, pero novelados con todas las libertades que ello otorga.<\/p>\n\n\n\n<p class=\"wp-block-paragraph\">La temporalidad de la novela abarca de mediados de 1929 a principios de 1946, poco m\u00e1s de tres miserables lustros que marcaron al mundo occidental de una manera innegable e indeleble. La historia narrada complementa otros esfuerzos que han develado la participaci\u00f3n de las mujeres en la resistencia francesa o la contribuci\u00f3n de las brit\u00e1nicas en m\u00faltiples tareas b\u00e9licas; sin olvidar a los cientos de mujeres que protagonizaron haza\u00f1as de resistencia.<\/p>\n\n\n\n<p class=\"wp-block-paragraph\">Las protagonistas, cuatro mujeres que lograron montar una s\u00f3lida red de informaci\u00f3n y diversas c\u00e9lulas pol\u00edtico-sociales de oposici\u00f3n, ante el surgimiento y consolidaci\u00f3n de uno de esos inexplicables embrujos que registra la historia: el nazismo.<\/p>\n\n\n\n<p class=\"wp-block-paragraph\">Mildred, logra coordinar las acciones para informar a los pa\u00edses extranjeros sobre lo que est\u00e1 pasando en Alemania evadiendo los filtros impuestos por los nazis. Greta, establece fuertes lazos con la comunidad cultural y art\u00edstica berlinesa, logra identificar a muchos opositores al r\u00e9gimen para formar parte de esa red, pasar informaci\u00f3n censurada y rescatar a presos pol\u00edticos. Sara, estudiante, jud\u00eda y privilegiada, da cuenta de todo lo que se va perdiendo conforme avanza el nazismo y participa en intrigas inteligentes. Marta, hija del embajador estadounidense en Alemania, inconsciente al inicio, se transforma en una pieza de la resistencia.<\/p>\n\n\n\n<p class=\"wp-block-paragraph\">En las largas descripciones de los aconteceres cotidianos de un Berl\u00edn transformado en la capital ideol\u00f3gica del nazismo, no pueden dejar de verse algunos paralelismos con la situaci\u00f3n actual de nuestro mundo globalizado: el crecimiento de los autoritarismos, el incremento de los partidos radicales de derecha, el populismo como esperanza de transformaci\u00f3n o la obcecaci\u00f3n en la ignorancia.<\/p>\n\n\n\n<p class=\"wp-block-paragraph\">Destaca el hecho de que los contextos novelados en \u201cLas mujeres de la orquesta roja\u201d est\u00e1n ampliamente documentados. La manera como se narran los Juegos Ol\u00edmpicos de 1936 son ver\u00eddicas, las victorias norteamericanas, la exclusi\u00f3n de los corredores jud\u00edos, la humillaci\u00f3n de los atletas alemanes ante un corredor negro y muchos m\u00e1s detalles se hilan con el estupor, la incredulidad o la ceguera ante lo que sucede.<\/p>\n\n\n\n<p class=\"wp-block-paragraph\">La historia sobre la obligatoriedad de leer el libro escrito por Hitler cuando estuvo en prisi\u00f3n, \u201cMi lucha\u201d, es sorprendente; e incre\u00edble el hecho de no ver en las m\u00e1s de 700 p\u00e1ginas de la versi\u00f3n original la virulencia del odio, desprecio, discriminaci\u00f3n, incoherencia, falsedad y locura que clamaban venganza y destrucci\u00f3n.<\/p>\n\n\n\n<p class=\"wp-block-paragraph\">Al estar las cuatro protagonistas inmersas en el ambiente cultural y art\u00edstico, el periodismo, la intelectualidad y los espacios universitarios, a los que se agrega el mundo de la diplomacia, la econom\u00eda y las finanzas, las historias personales muestran las tragedias gremiales producto de las ins\u00f3litas transformaciones que en solo tres a\u00f1os logr\u00f3 el nacionalsocialismo.<\/p>\n\n\n\n<p class=\"wp-block-paragraph\">Lo que sucedi\u00f3 con el sistema educativo alem\u00e1n entre 1933 y 1939 tuvo enormes consecuencias. Al ser la educaci\u00f3n nodal para el Tercer Reich, se modific\u00f3 de ra\u00edz desde el Gymnasium (educaci\u00f3n b\u00e1sica) hasta el Abitur (equivalente a la preparatoria), para a la vez incidir en todas las universidades, polit\u00e9cnicos, tecnol\u00f3gicos e instituciones de educaci\u00f3n superior con la idea de armonizar la educaci\u00f3n con la ideolog\u00eda nazi.<\/p>\n\n\n\n<p class=\"wp-block-paragraph\">En escasos seis a\u00f1os, con tenaz voluntad, se logr\u00f3 una transformaci\u00f3n total eliminando cualquier oposici\u00f3n, erradicando las libertades y aniquilando cualquier idea contraria a la transparencia del nazismo. Literatura, ciencia, periodismo, teatro, m\u00fasica, pintura, arquitectura, cultura, historia, \u00e9tica, est\u00e9tica, sociolog\u00eda, todo deb\u00eda ser profundamente nacionalsocialista.<\/p>\n\n\n\n<p class=\"wp-block-paragraph\">Y aqu\u00ed cabe recordar el ensayo de Steven P. Remy (2016) sobre la tristemente c\u00e9lebre Universidad de Heidelberg que encabez\u00f3 \u2014inmersa en la ideolog\u00eda nazi\u2014 el magno proyecto de depuraci\u00f3n y purificaci\u00f3n racial, y la transformaci\u00f3n cultural de Alemania.<\/p>\n\n\n\n<p class=\"wp-block-paragraph\">Sin ser una novela de claro oscuros, se concluye que millones de mujeres (al igual que de hombres) abrazaron el \u201cglorioso\u201d horizonte nacionalista. Imaginen a las mujeres arias fervorosamente dedicadas a las tres k: <em>kinder<\/em>, <em>kirche,<\/em> <em>k\u00fcche<\/em> (ni\u00f1os, cocina, iglesia).<\/p>\n\n\n\n<p class=\"wp-block-paragraph\">Por eso la novela, no exenta de clich\u00e9s, estereotipos, sensibler\u00edas, cobard\u00edas, ambig\u00fcedades, confusiones, francas estupideces y errores, rescata esa temerosa valent\u00eda, esa voluntad de enfrentar al poder, de oponerse a la irracionalidad, esa necesidad de vencer miedos y temores reales para resistir ante la fuerza bruta y la ceguera e ignorancia colectiva. Y es ah\u00ed donde est\u00e1 el coraz\u00f3n del argumento.<\/p>\n\n\n\n<p class=\"wp-block-paragraph\">Finalmente los a\u00f1os de guerra y sus muchas aristas son el catalizador para correr m\u00e1s riesgos y ampliar las esferas de resistencia. El desenlace, de lo m\u00e1s previsible, es que la red se descubre y la tragedia acecha a las protagonistas y sus c\u00edrculos.<\/p>\n\n\n\n<p class=\"wp-block-paragraph\">Pero como sabemos que fue lo que pas\u00f3 con la gran transformaci\u00f3n hitleriana y el resultado de la guerra, el tr\u00e1nsito por ese oscur\u00edsimo t\u00fanel es necesario para poder, con resiliencia, empezar de nuevo y reconstruir con los escombros, tit\u00e1nica tarea donde las mujeres son indispensables.<\/p>\n\n\n\n<p class=\"wp-block-paragraph\">En suma, un conjunto de lecciones para enfrentar a un poder que se desquicia y a la insensatez colectiva que lo permite o lo tolera con ese perverso silencio c\u00f3mplice y amn\u00e9sico. Por mi raza, hablar\u00e1 el esp\u00edritu.<\/p>\n","protected":false},"excerpt":{"rendered":"<p>Desde el feminismo, se ha emprendido un esfuerzo colectivo para hacer visibles a las mujeres en todas las esferas, contextos y sucesos. <\/p>\n","protected":false},"author":3,"featured_media":38638,"comment_status":"open","ping_status":"open","sticky":false,"template":"","format":"standard","meta":{"_monsterinsights_skip_tracking":false,"footnotes":""},"categories":[692,515,35,514],"tags":[459],"class_list":["post-41312","post","type-post","status-publish","format-standard","has-post-thumbnail","category-692","category-marcela-eternod-aramburu","category-opinion","category-vida-y-lectura","tag-opinion"],"_links":{"self":[{"href":"https:\/\/redsemlac.com\/semmexico\/wp-json\/wp\/v2\/posts\/41312","targetHints":{"allow":["GET"]}}],"collection":[{"href":"https:\/\/redsemlac.com\/semmexico\/wp-json\/wp\/v2\/posts"}],"about":[{"href":"https:\/\/redsemlac.com\/semmexico\/wp-json\/wp\/v2\/types\/post"}],"author":[{"embeddable":true,"href":"https:\/\/redsemlac.com\/semmexico\/wp-json\/wp\/v2\/users\/3"}],"replies":[{"embeddable":true,"href":"https:\/\/redsemlac.com\/semmexico\/wp-json\/wp\/v2\/comments?post=41312"}],"version-history":[{"count":0,"href":"https:\/\/redsemlac.com\/semmexico\/wp-json\/wp\/v2\/posts\/41312\/revisions"}],"wp:featuredmedia":[{"embeddable":true,"href":"https:\/\/redsemlac.com\/semmexico\/wp-json\/wp\/v2\/media\/38638"}],"wp:attachment":[{"href":"https:\/\/redsemlac.com\/semmexico\/wp-json\/wp\/v2\/media?parent=41312"}],"wp:term":[{"taxonomy":"category","embeddable":true,"href":"https:\/\/redsemlac.com\/semmexico\/wp-json\/wp\/v2\/categories?post=41312"},{"taxonomy":"post_tag","embeddable":true,"href":"https:\/\/redsemlac.com\/semmexico\/wp-json\/wp\/v2\/tags?post=41312"}],"curies":[{"name":"wp","href":"https:\/\/api.w.org\/{rel}","templated":true}]}}