{"id":41310,"date":"2021-10-25T10:59:00","date_gmt":"2021-10-25T16:59:00","guid":{"rendered":"https:\/\/redsemlac.com\/semmexico\/?p=41310"},"modified":"2023-07-21T17:08:23","modified_gmt":"2023-07-21T22:08:23","slug":"tras-la-puerta-del-poder-andres-manuel-el-pequeno","status":"publish","type":"post","link":"https:\/\/redsemlac.com\/semmexico\/tras-la-puerta-del-poder-andres-manuel-el-pequeno\/","title":{"rendered":"Tras la puerta del poder| Andr\u00e9s Manuel, el peque\u00f1o"},"content":{"rendered":"\n<p class=\"wp-block-paragraph\"><strong>Roberto Vizca\u00edno<\/strong><\/p>\n\n\n\n<p class=\"wp-block-paragraph\">SemM\u00e9xico,&nbsp;25 de octubre, 2021.- El comentario sin base ni sentido de&nbsp;<strong>Andr\u00e9s Manuel L\u00f3pez Obrador<\/strong>&nbsp;sobre la UNAM gener\u00f3 una de las mayores olas cr\u00edticas sobre el presidente de M\u00e9xico.<\/p>\n\n\n\n<p class=\"wp-block-paragraph\">Las ofensas y diatribas, reclamos y advertencias en su contra surgieron por millones en redes sociales y otros medios, hasta de quienes ni siquiera son parte o egresados de esta instituci\u00f3n.<\/p>\n\n\n\n<p class=\"wp-block-paragraph\">Yo estudi\u00e9 en la Prepa de la UNAM, e inici\u00e9 carrera inconclusa -ya sabe usted, cosas comunes de la vida-, en la Facultad de Derecho de CU, y no me siento ofendido por los dichos de&nbsp;<strong>AMLO<\/strong>. Me hubiera dolido si lo dicho por \u00e9l hubiera salido de uno de los muchos egresados con los m\u00e1s altos grados acad\u00e9micos de esta Universidad.<\/p>\n\n\n\n<p class=\"wp-block-paragraph\">Tres Premios Nobel egresaron de la UNAM hasta hoy.<\/p>\n\n\n\n<p class=\"wp-block-paragraph\">Este peque\u00f1o presidente me da pena. No me ofende. No tiene ni calidad ni valor para hacerlo. Fue el cl\u00e1sico&nbsp;<em>f\u00f3sil<\/em>&nbsp;estudiantil que dur\u00f3 15 o 16 a\u00f1os para cursar una carrera y salir con calificaciones m\u00ednimas. De&nbsp;<em>panzazo<\/em>&nbsp;pues. Un tanto disl\u00e9xico mental, que se ha significado por sus resentimientos y toma de decisiones absurdas.<\/p>\n\n\n\n<p class=\"wp-block-paragraph\">En fin. Creo que le hemos dado una importancia que no merece ni en esto ni en lo dem\u00e1s que dice y hace. Es apenas una brizna -\u00a1vaya, ni siquiera accidente!- en larga y fruct\u00edfera vida de la UNAM. En los pr\u00f3ximos 5, 10 o m\u00e1s a\u00f1os ni quien se acuerde de \u00e9l en la M\u00e1xima Casa de Estudios de M\u00e9xico.<\/p>\n\n\n\n<p class=\"wp-block-paragraph\">Ensoberbecido, lleno de pretensiones, lleg\u00f3 compar\u00e1ndose con <strong>Ju\u00e1rez y C\u00e1rdenas<\/strong>, y anunci\u00e1ndo que as\u00ed ser\u00eda recordado por la historia. Pero va para ser otro&nbsp;<strong>Huerta<\/strong>. Hasta hoy los hechos y datos lo ubican en el desastre y con la carga de la muerte de cientos de miles de mexicanos por sus errores e incapacidades. Terrible el caso de los ni\u00f1os con c\u00e1ncer. La transformaci\u00f3n notificada por \u00e9l es hoy para peor en todo.<\/p>\n\n\n\n<p class=\"wp-block-paragraph\">Insisto: es s\u00f3lo un hombre peque\u00f1o, fallido, lleno de frustraciones y resentimientos.<\/p>\n\n\n\n<p class=\"wp-block-paragraph\"><strong>Hoy ley de ingresos; la el\u00e9ctrica a revisi\u00f3n<\/strong><\/p>\n\n\n\n<p class=\"wp-block-paragraph\">Desde Durango, a donde lleg\u00f3 con una decena de otros senadores para asistir al informe del senador suplente&nbsp;<strong>Jos\u00e9 Ram\u00f3n Enriquez<\/strong>, el zacatecano&nbsp;<strong>Ricardo Monreal<\/strong>&nbsp;afirm\u00f3 que hoy ser\u00e1 aprobanda la minuta de la Ley de Ingresos y ma\u00f1ana tramitada por el Pleno de la C\u00e1mara Alta.<\/p>\n\n\n\n<p class=\"wp-block-paragraph\">Acompa\u00f1ado adem\u00e1s por el gobernador panista&nbsp;<strong>Jos\u00e9 Rosas Aispuro<\/strong>&nbsp;y por&nbsp;<strong>Mario Delgado<\/strong>&nbsp;dirigente nacional de Morena explic\u00f3 que una vez tramitado este presupuesto se iniciar\u00e1 el debate por la Reforma El\u00e9ctrica.<\/p>\n\n\n\n<p class=\"wp-block-paragraph\">El objetivo de esta, indic\u00f3, es recuperar la rector\u00eda del estado sobre recursos fundamentales para el desarrollo de la naci\u00f3n:<\/p>\n\n\n\n<p class=\"wp-block-paragraph\">\u201c\u2026&nbsp;<strong>sin embargo soy de los que piensa que tenemos que escuchar, que tenemos que abrir los Canales de comunicaci\u00f3n con inversionistas con empresarios con el capital y que no hagamos prevalecer una sola visi\u00f3n, sino que escuchemos a todos<\/strong>\u201d.<\/p>\n\n\n\n<p class=\"wp-block-paragraph\">Dijo estar convencido de que se puede alcanzar esta rector\u00eda, pero&nbsp;<strong>sin afectar a terceros:<\/strong><\/p>\n\n\n\n<p class=\"wp-block-paragraph\">\u201c\u2026 podemos lograrlo&nbsp;<strong>sin afectar la confianza de inversionistas, sin da\u00f1ar inversiones que se hayan hecho en base a la ley actual<\/strong>&nbsp;\u2026 estoy convencido porque igual lo hemos hecho en el Senado al aprobar leyes y reformas constitucionales que parec\u00edan insalvables.<\/p>\n\n\n\n<p class=\"wp-block-paragraph\">\u201c\u2026 estaremos el pr\u00f3ximo martes discutiendo la Ley de Ingresos y la Miscel\u00e1nea Fiscal, que contiene la Ley de Derechos, Ley del Impuesto Sobre la Renta, Ley del IVA, C\u00f3digo Fiscal de la Federaci\u00f3n y otras relacionadas con la pol\u00edtica hacendaria\u201d.<\/p>\n\n\n\n<p class=\"wp-block-paragraph\">Igual esta semana \u201ctendremos discusiones de nuevo sobre la regulaci\u00f3n del uso l\u00fadico y recreativo de cannabis, llamado com\u00fanmente como mariguana, as\u00ed como el inicio de la discusi\u00f3n de la econom\u00eda circular y la Ley de Residuos S\u00f3lidos.<\/p>\n\n\n\n<p class=\"wp-block-paragraph\">\u201cY estaremos a la espera de que la C\u00e1mara de Diputados resuelva el Presupuesto de Egresos de la Federaci\u00f3n, que es facultad exclusiva de ellos; para luego iniciar lo que yo he dicho que ser\u00e1 la&nbsp;<strong><em>reina<\/em><\/strong>&nbsp;de las discusiones, la de la reforma constitucional en materia el\u00e9ctrica, en el Sistema El\u00e9ctrico Nacional\u201d, precis\u00f3.<\/p>\n\n\n\n<p class=\"wp-block-paragraph\">Concluy\u00f3 al indicar&nbsp;que:<\/p>\n\n\n\n<p class=\"wp-block-paragraph\">\u201cQueremos profundizar el proceso legislativo que nos propusimos en la Cuarta Transformaci\u00f3n y que, de hecho, hemos logrado ya la primera etapa, en la que tambi\u00e9n contribuy\u00f3, por cierto, el presidente del Partido<strong>, Mario Delgado<\/strong>, quien fue en la primera etapa, el Coordinador del Grupo Parlamentario de Morena y presidente de la Jucopo, en la C\u00e1mara de Diputados\u201d.<\/p>\n\n\n\n<p class=\"wp-block-paragraph\">&#8230;.<a href=\"mailto:rvizcainoa@gmail.com\" target=\"_blank\" rel=\"noreferrer noopener\">rvizcainoa@gmail.com<\/a>&nbsp;\/ Twitter: @_Vizcaino \/ Facebook \/&nbsp;<a href=\"https:\/\/www.facebook.com\/rvizcainoa\" target=\"_blank\" rel=\"noreferrer noopener\">https:\/\/www.facebook.com\/rvizcainoa<\/a><\/p>\n","protected":false},"excerpt":{"rendered":"<p>El comentario sin base ni sentido de\u00a0Andr\u00e9s Manuel L\u00f3pez Obrador\u00a0sobre la UNAM gener\u00f3 una de las mayores olas cr\u00edticas sobre el presidente de M\u00e9xico.<\/p>\n","protected":false},"author":3,"featured_media":39589,"comment_status":"open","ping_status":"open","sticky":false,"template":"","format":"standard","meta":{"_monsterinsights_skip_tracking":false,"footnotes":""},"categories":[692,35,623,622],"tags":[459],"class_list":["post-41310","post","type-post","status-publish","format-standard","has-post-thumbnail","category-692","category-opinion","category-roberto-vizcaino","category-tras-la-puerta-del-poder","tag-opinion"],"_links":{"self":[{"href":"https:\/\/redsemlac.com\/semmexico\/wp-json\/wp\/v2\/posts\/41310","targetHints":{"allow":["GET"]}}],"collection":[{"href":"https:\/\/redsemlac.com\/semmexico\/wp-json\/wp\/v2\/posts"}],"about":[{"href":"https:\/\/redsemlac.com\/semmexico\/wp-json\/wp\/v2\/types\/post"}],"author":[{"embeddable":true,"href":"https:\/\/redsemlac.com\/semmexico\/wp-json\/wp\/v2\/users\/3"}],"replies":[{"embeddable":true,"href":"https:\/\/redsemlac.com\/semmexico\/wp-json\/wp\/v2\/comments?post=41310"}],"version-history":[{"count":0,"href":"https:\/\/redsemlac.com\/semmexico\/wp-json\/wp\/v2\/posts\/41310\/revisions"}],"wp:featuredmedia":[{"embeddable":true,"href":"https:\/\/redsemlac.com\/semmexico\/wp-json\/wp\/v2\/media\/39589"}],"wp:attachment":[{"href":"https:\/\/redsemlac.com\/semmexico\/wp-json\/wp\/v2\/media?parent=41310"}],"wp:term":[{"taxonomy":"category","embeddable":true,"href":"https:\/\/redsemlac.com\/semmexico\/wp-json\/wp\/v2\/categories?post=41310"},{"taxonomy":"post_tag","embeddable":true,"href":"https:\/\/redsemlac.com\/semmexico\/wp-json\/wp\/v2\/tags?post=41310"}],"curies":[{"name":"wp","href":"https:\/\/api.w.org\/{rel}","templated":true}]}}