{"id":41301,"date":"2021-10-25T09:19:37","date_gmt":"2021-10-25T15:19:37","guid":{"rendered":"https:\/\/redsemlac.com\/semmexico\/?p=41301"},"modified":"2023-07-21T17:08:24","modified_gmt":"2023-07-21T22:08:24","slug":"desobediencia-rosario-y-yo","status":"publish","type":"post","link":"https:\/\/redsemlac.com\/semmexico\/desobediencia-rosario-y-yo\/","title":{"rendered":"Desobediencia| Rosario y yo"},"content":{"rendered":"\n<p class=\"wp-block-paragraph\">Olimpia Flores Ortiz<\/p>\n\n\n\n<p class=\"has-text-align-right wp-block-paragraph\"><strong><em>Escribo sobre Rosario Robles desde mi afecto personal.<\/em><\/strong><\/p>\n\n\n\n<p class=\"wp-block-paragraph\">SenM\u00e9xico, 25 de octubre, 2021.- Me refiero al afecto que de ra\u00edz latina es alteraci\u00f3n del alma. Rosario desde siempre, ha afectado mi alma.<\/p>\n\n\n\n<p class=\"wp-block-paragraph\">Tambi\u00e9n es probable que Rosario no haya tenido observadora m\u00e1s cr\u00edtica que yo. Pero cierto que no soy quien, para referirme a sus debilidades, cuando apenas lidio con las m\u00edas.<\/p>\n\n\n\n<p class=\"wp-block-paragraph\">Y no tengo idea de c\u00f3mo ella me concibe en su vida, si es que lo hace.<\/p>\n\n\n\n<p class=\"wp-block-paragraph\">En todo caso, lo que nos vincula es el lazo original cuando compart\u00edamos secta de izquierda en la Facultad de Econom\u00eda, apenas siete a\u00f1os despu\u00e9s del 68.<\/p>\n\n\n\n<p class=\"wp-block-paragraph\">Ten\u00edamos la vida sectaria en torno al dogma, unidas por nuestra profesi\u00f3n de fe; as\u00ed las que entonces \u00e9ramos compart\u00edamos la idea, pero tambi\u00e9n libros, casa, ropa, abalorios, bolsas, zapatos\u2026amigas\u2026hombres.<\/p>\n\n\n\n<figure class=\"wp-block-image size-full\"><a href=\"https:\/\/redsemlac.com\/semmexico\/wp-content\/uploads\/2021\/10\/desobediencia.png\"><img loading=\"lazy\" decoding=\"async\" width=\"800\" height=\"451\" src=\"https:\/\/redsemlac.com\/semmexico\/wp-content\/uploads\/2021\/10\/desobediencia.png\" alt=\"\" class=\"wp-image-41303\"\/><\/a><figcaption> Foto reciente de Movimiento Estudiantil de la Facultad de Econom\u00eda <\/figcaption><\/figure>\n\n\n\n<p class=\"wp-block-paragraph\">El GIR (Grupo de Izquierda Revolucionaria) un grup\u00fasculo muy revolucionario y organizado, \u00e9ramos una joya: estudi\u00e1bamos para argumentar nuestra pol\u00edtica y milit\u00e1bamos. Largas horas dedicadas al matiz de la posici\u00f3n y que seguido coronaban en una larga y compensatoria noche de baile. \u00c9ramos radicales en tanto l\u00ednea de masas y hac\u00edamos la Revoluci\u00f3n desde la posici\u00f3n verdaderamente correcta. Cuando suena por ah\u00ed Paquito el Che, me acuerdo de Rosario.<\/p>\n\n\n\n<p class=\"wp-block-paragraph\">A Rosario y a m\u00ed, parece que nos acompa\u00f1\u00f3 al servicio p\u00fablico la impronta de \u201ctodo el poder al pueblo\u201d de nuestra radicalidad mao\u00edsta que nos ha dado un cierto modo de hacer las cosas. Fue marca indeleble.<\/p>\n\n\n\n<p class=\"wp-block-paragraph\">Y ten\u00edamos un colegiado dirigente en el que la l\u00edder estudiantil sentaba sus reales muy ella con su elocuente contundencia siempre tan enf\u00e1tica y definitiva que me ha gustado siempre. Rosario hablaba en nombre del GIR (que adem\u00e1s ten\u00eda c\u00e9lulas en otras escuelas y CCHs), de la Asamblea de la Facultad, y del Movimiento Estudiantil.<\/p>\n\n\n\n<p class=\"wp-block-paragraph\">&nbsp;A las mujeres de nuestra Revoluci\u00f3n de aquel entonces, no s\u00f3lo se nos remov\u00eda la cabeza, sino que tambi\u00e9n nos conmocionaba el cuerpo. Van junto con pegado: es el cuerpo el que se topa con el feminismo. Y as\u00ed fuimos todas, desafiantes del Estado y de la tradici\u00f3n y la moral del sistema como forma de vida y en carne propia.<\/p>\n\n\n\n<p class=\"wp-block-paragraph\">Rosario y yo, las mujeres de esa generaci\u00f3n de levantiscas, colocamos en el debate nacional a la opresi\u00f3n de las mujeres y a sus demandas libertarias; y las hicimos competencia de Estado. No es poca cosa. &nbsp;<\/p>\n\n\n\n<p class=\"wp-block-paragraph\">Y esas de entonces y todas las del conjunto de feminismos, deber\u00edamos tener presente en esta hora de Rosario en que es v\u00edctima de injusticia, el factor decisivo que fue para la despenalizaci\u00f3n del aborto en la Ciudad de M\u00e9xico.<\/p>\n\n\n\n<p class=\"wp-block-paragraph\"><strong>Feministas: Rosario es de las nuestras. \u00bfPor qu\u00e9 no estamos en las redes? \u00bfPor qu\u00e9 no estamos en los medios? \u00bfPor qu\u00e9 no estamos en las calles?<\/strong><\/p>\n\n\n\n<p class=\"wp-block-paragraph\">El derecho a la justicia limpia debe reclamarse siempre incondicionalmente. La Justicia no puede empa\u00f1arse con la violaci\u00f3n al derecho de una persona imputada a un debido proceso. La Justicia queda bajo sospecha. Reclamemos por la salud social de vivir en un Estado en el que tengamos la certeza de que la Justicia es justa. &nbsp;<\/p>\n\n\n\n<p class=\"wp-block-paragraph\">Parece que a Rosario la han encarcelado antes de juzgarla y que la sa\u00f1a se aplica porque es mujer.<\/p>\n\n\n\n<p class=\"wp-block-paragraph\"><a href=\"https:\/\/www.facebook.com\/OlimpiaFloresMirabilia\">https:\/\/www.facebook.com\/OlimpiaFloresMirabilia<\/a><\/p>\n\n\n\n<p class=\"wp-block-paragraph\">Twitter: @euphrasina (amor por la elocuencia)<\/p>\n","protected":false},"excerpt":{"rendered":"<p>Escribo sobre Rosario Robles desde mi afecto personal.<\/p>\n","protected":false},"author":3,"featured_media":38573,"comment_status":"open","ping_status":"open","sticky":false,"template":"","format":"standard","meta":{"_monsterinsights_skip_tracking":false,"footnotes":""},"categories":[692,133,134,35],"tags":[459],"class_list":["post-41301","post","type-post","status-publish","format-standard","has-post-thumbnail","category-692","category-desobediencia","category-olimpia-flores-ortiz","category-opinion","tag-opinion"],"_links":{"self":[{"href":"https:\/\/redsemlac.com\/semmexico\/wp-json\/wp\/v2\/posts\/41301","targetHints":{"allow":["GET"]}}],"collection":[{"href":"https:\/\/redsemlac.com\/semmexico\/wp-json\/wp\/v2\/posts"}],"about":[{"href":"https:\/\/redsemlac.com\/semmexico\/wp-json\/wp\/v2\/types\/post"}],"author":[{"embeddable":true,"href":"https:\/\/redsemlac.com\/semmexico\/wp-json\/wp\/v2\/users\/3"}],"replies":[{"embeddable":true,"href":"https:\/\/redsemlac.com\/semmexico\/wp-json\/wp\/v2\/comments?post=41301"}],"version-history":[{"count":0,"href":"https:\/\/redsemlac.com\/semmexico\/wp-json\/wp\/v2\/posts\/41301\/revisions"}],"wp:featuredmedia":[{"embeddable":true,"href":"https:\/\/redsemlac.com\/semmexico\/wp-json\/wp\/v2\/media\/38573"}],"wp:attachment":[{"href":"https:\/\/redsemlac.com\/semmexico\/wp-json\/wp\/v2\/media?parent=41301"}],"wp:term":[{"taxonomy":"category","embeddable":true,"href":"https:\/\/redsemlac.com\/semmexico\/wp-json\/wp\/v2\/categories?post=41301"},{"taxonomy":"post_tag","embeddable":true,"href":"https:\/\/redsemlac.com\/semmexico\/wp-json\/wp\/v2\/tags?post=41301"}],"curies":[{"name":"wp","href":"https:\/\/api.w.org\/{rel}","templated":true}]}}