{"id":41293,"date":"2021-10-24T12:20:25","date_gmt":"2021-10-24T18:20:25","guid":{"rendered":"https:\/\/redsemlac.com\/semmexico\/?p=41293"},"modified":"2023-07-21T17:08:24","modified_gmt":"2023-07-21T22:08:24","slug":"sentencia-de-23-anos-y-4-meses-a-violador-de-menor-en-tlahuac-informa-fiscalia-general-de-la-ciudad-de-mexico","status":"publish","type":"post","link":"https:\/\/redsemlac.com\/semmexico\/sentencia-de-23-anos-y-4-meses-a-violador-de-menor-en-tlahuac-informa-fiscalia-general-de-la-ciudad-de-mexico\/","title":{"rendered":"Sentencia de 23 a\u00f1os y 4 meses a violador de menor en Tl\u00e1huac, informa Fiscal\u00eda General de la ciudad de M\u00e9xico"},"content":{"rendered":"\n<p class=\"wp-block-paragraph\"><strong>Elda Montiel<\/strong><\/p>\n\n\n\n<p class=\"wp-block-paragraph\">SemM\u00e9xico, Cd. de M\u00e9xico, 24 de octubre 2021.- &nbsp;Por cometer los delitos de violaci\u00f3n equiparada y abuso sexual agravado fue sentenciado a 23 a\u00f1os y cuatro meses de prisi\u00f3n un hombre por un Tribunal de Enjuiciamiento, informo la Fiscal\u00eda General de Justicia de la Ciudad de M\u00e9xico (FGJCDMX).<\/p>\n\n\n\n<p class=\"wp-block-paragraph\">El sentenciado deber\u00e1 cumplir su condena en el Reclusorio Preventivo Varonil Oriente.<\/p>\n\n\n\n<p class=\"wp-block-paragraph\">El resultado fue obtenido por el agente del Ministerio P\u00fablico de la Subprocuradur\u00eda de Procesos, quien aport\u00f3 elementos de prueba determinantes contra el ahora sentenciado.<\/p>\n\n\n\n<p class=\"wp-block-paragraph\">Las investigaciones se\u00f1alan que el hombre cometi\u00f3 los delitos en agravio de una persona menor de edad, desde 2014 hasta 2020, en un domicilio que se encuentra en la alcald\u00eda Tl\u00e1huac. Una vez que el agente del Ministerio P\u00fablico de la citada fiscal\u00eda reuni\u00f3 los datos de prueba suficientes, solicit\u00f3 y obtuvo una orden de aprehensi\u00f3n contra el individuo, la cual fue cumplimentada en marzo pasado por agentes de la Polic\u00eda de Investigaci\u00f3n (PDI), al localizarlo en calles de dicha alcald\u00eda.<\/p>\n\n\n\n<p class=\"wp-block-paragraph\">Los hechos se denunciaron en enero de este a\u00f1o en la Fiscal\u00eda de Investigaci\u00f3n de Delitos Sexuales, de la Coordinaci\u00f3n General de Investigaci\u00f3n de Delitos de G\u00e9nero y Atenci\u00f3n a V\u00edctimas.<\/p>\n\n\n\n<p class=\"wp-block-paragraph\">La FGJCDMX reitera su prioridad de dar atenci\u00f3n a las v\u00edctimas con enfoque diferencial y especializado y pone a disposici\u00f3n de la ciudadan\u00eda los n\u00fameros telef\u00f3nicos (55) 5200 9000 y 800 745 2369 para orientaci\u00f3n jur\u00eddica gratuita.<\/p>\n","protected":false},"excerpt":{"rendered":"<p>El sentenciado deber\u00e1 cumplir su condena en el Reclusorio Preventivo Varonil Oriente.<\/p>\n","protected":false},"author":3,"featured_media":41294,"comment_status":"open","ping_status":"open","sticky":false,"template":"","format":"standard","meta":{"_monsterinsights_skip_tracking":false,"footnotes":""},"categories":[692,51],"tags":[],"class_list":["post-41293","post","type-post","status-publish","format-standard","has-post-thumbnail","category-692","category-ejecutivo"],"_links":{"self":[{"href":"https:\/\/redsemlac.com\/semmexico\/wp-json\/wp\/v2\/posts\/41293","targetHints":{"allow":["GET"]}}],"collection":[{"href":"https:\/\/redsemlac.com\/semmexico\/wp-json\/wp\/v2\/posts"}],"about":[{"href":"https:\/\/redsemlac.com\/semmexico\/wp-json\/wp\/v2\/types\/post"}],"author":[{"embeddable":true,"href":"https:\/\/redsemlac.com\/semmexico\/wp-json\/wp\/v2\/users\/3"}],"replies":[{"embeddable":true,"href":"https:\/\/redsemlac.com\/semmexico\/wp-json\/wp\/v2\/comments?post=41293"}],"version-history":[{"count":0,"href":"https:\/\/redsemlac.com\/semmexico\/wp-json\/wp\/v2\/posts\/41293\/revisions"}],"wp:featuredmedia":[{"embeddable":true,"href":"https:\/\/redsemlac.com\/semmexico\/wp-json\/wp\/v2\/media\/41294"}],"wp:attachment":[{"href":"https:\/\/redsemlac.com\/semmexico\/wp-json\/wp\/v2\/media?parent=41293"}],"wp:term":[{"taxonomy":"category","embeddable":true,"href":"https:\/\/redsemlac.com\/semmexico\/wp-json\/wp\/v2\/categories?post=41293"},{"taxonomy":"post_tag","embeddable":true,"href":"https:\/\/redsemlac.com\/semmexico\/wp-json\/wp\/v2\/tags?post=41293"}],"curies":[{"name":"wp","href":"https:\/\/api.w.org\/{rel}","templated":true}]}}