{"id":41291,"date":"2021-10-24T12:17:46","date_gmt":"2021-10-24T18:17:46","guid":{"rendered":"https:\/\/redsemlac.com\/semmexico\/?p=41291"},"modified":"2023-07-21T17:08:24","modified_gmt":"2023-07-21T22:08:24","slug":"recomendacion-de-cndh-al-imss-por-mala-practica-preventiva-a-embarazada-en-chihuahua","status":"publish","type":"post","link":"https:\/\/redsemlac.com\/semmexico\/recomendacion-de-cndh-al-imss-por-mala-practica-preventiva-a-embarazada-en-chihuahua\/","title":{"rendered":"Recomendaci\u00f3n de CNDH al IMSS por mala pr\u00e1ctica preventiva a embarazada en Chihuahua"},"content":{"rendered":"\n<ul class=\"wp-block-list\"><li><strong>Pide al director del IMSS programas inmediatos de prevenci\u00f3n de la violencia obst\u00e9trica<\/strong><\/li><\/ul>\n\n\n\n<p class=\"wp-block-paragraph\"><strong>Micaela M\u00e1rquez<\/strong><\/p>\n\n\n\n<p class=\"wp-block-paragraph\">SemM\u00e9xico, Cd. de M\u00e9xico, 24 de octubre 2021.- Por mala atenci\u00f3n prenatal a embarazada que derivo en la muerte del producto en la Unidad de Medicina Familiar No. 2 y el Hospital de Gineco-obstetricia No. 15 en la ciudad de Chihuahua, la Comisi\u00f3n Nacional de los Derechos Humanos (CNDH) dirige Recomendaci\u00f3n 62\/2021 al Instituto Mexicano del Seguro Social (IMSS).<\/p>\n\n\n\n<p class=\"wp-block-paragraph\">La mujer acudi\u00f3 a sus consultas prenatales en los mencionados nosocomios, donde personal m\u00e9dico determin\u00f3 que su embarazo no ten\u00eda complicaciones; sin embargo, al presentar c\u00f3licos y expulsar un tap\u00f3n mucoso, la agraviada acudi\u00f3 al Servicio de Urgencias del HGO-15, donde se detect\u00f3 que el producto se encontraba sin vida, por lo que tuvo que ser intervenida quir\u00fargicamente de urgencia.&nbsp;&nbsp;<\/p>\n\n\n\n<p class=\"wp-block-paragraph\">La CNDH pudo evidenciar violaciones a los derechos humanos, a la protecci\u00f3n de la salud, a la vida, a una vida libre de violencia obst\u00e9trica y al acceso a la informaci\u00f3n en materia de salud.&nbsp;<\/p>\n\n\n\n<p class=\"wp-block-paragraph\">Al no atender en forma integral a la mujer embarazada durante el control prenatal, no se identific\u00f3 la discordancia entre el desarrollo del producto de la concepci\u00f3n y la edad gestacional, por lo que no fue remitida oportunamente a una Unidad de Segundo Nivel de atenci\u00f3n m\u00e9dica para corroborar las condiciones y desarrollo del producto de la concepci\u00f3n, lo que contribuy\u00f3 al deterioro de sus condiciones generales y su posterior fallecimiento.&nbsp;&nbsp;<\/p>\n\n\n\n<p class=\"wp-block-paragraph\">La Comisi\u00f3n Nacional en la Recomendaci\u00f3n 62\/2021 solicit\u00f3 al director general del IMSS que, en coordinaci\u00f3n con la Comisi\u00f3n Ejecutiva de Atenci\u00f3n a V\u00edctimas y en t\u00e9rminos de la Ley General de V\u00edctimas, se brinde la reparaci\u00f3n integral por los da\u00f1os causados a la mujer embarazada, que incluya la compensaci\u00f3n justa y suficiente con motivo de la mala pr\u00e1ctica que deriv\u00f3 en la p\u00e9rdida de vida del producto y se le inscriba en el Registro Nacional de V\u00edctimas.<\/p>\n\n\n\n<p class=\"wp-block-paragraph\">Se le otorgue la atenci\u00f3n m\u00e9dica, psicol\u00f3gica y tanatol\u00f3gica que requiera por las acciones u omisiones que dieron origen a la Recomendaci\u00f3n, la cual deber\u00e1 brindarse por personal profesional especializado, y de forma continua, atendiendo a su edad y necesidades espec\u00edficas, as\u00ed como proveerle de los medicamentos convenientes a su situaci\u00f3n.&nbsp;<\/p>\n\n\n\n<p class=\"wp-block-paragraph\">El IMSS debe efectuar a la v\u00edctima una valoraci\u00f3n psicol\u00f3gica que sirva para detectar y dar seguimiento a las secuelas que pudiera actualmente presentar derivadas de la p\u00e9rdida de la vida de su producto.<\/p>\n\n\n\n<p class=\"wp-block-paragraph\">As\u00ed como dar tr\u00e1mite y seguimiento de la queja y denuncia que la CNDH presente ante el \u00d3rgano Interno de Control en el IMSS y ante la Fiscal\u00eda General de la Rep\u00fablica, respectivamente.&nbsp;&nbsp;<\/p>\n\n\n\n<p class=\"wp-block-paragraph\">A todo el personal m\u00e9dico de la UMF-2 y del HGO-15 se imparta un curso integral sobre capacitaci\u00f3n y formaci\u00f3n en materia de derechos humanos, que considere los principios de accesibilidad, aceptabilidad, disponibilidad y calidad relacionados con el derecho a la protecci\u00f3n a la salud y emitir la circular dirigida al personal de las unidades m\u00e9dicas del IMSS en el estado de Chihuahua, que contenga las medidas adecuadas de prevenci\u00f3n y supervisi\u00f3n, para garantizar que se agoten las instancias pertinentes con la finalidad de satisfacer los tratamientos m\u00e9dicos conforme a lo dispuesto en la legislaci\u00f3n nacional e internacional.&nbsp;<\/p>\n","protected":false},"excerpt":{"rendered":"<p>Pide al director del IMSS programas inmediatos de prevenci\u00f3n de la violencia obst\u00e9trica<\/p>\n","protected":false},"author":3,"featured_media":35480,"comment_status":"open","ping_status":"open","sticky":false,"template":"","format":"standard","meta":{"_monsterinsights_skip_tracking":false,"footnotes":""},"categories":[692,51],"tags":[],"class_list":["post-41291","post","type-post","status-publish","format-standard","has-post-thumbnail","category-692","category-ejecutivo"],"_links":{"self":[{"href":"https:\/\/redsemlac.com\/semmexico\/wp-json\/wp\/v2\/posts\/41291","targetHints":{"allow":["GET"]}}],"collection":[{"href":"https:\/\/redsemlac.com\/semmexico\/wp-json\/wp\/v2\/posts"}],"about":[{"href":"https:\/\/redsemlac.com\/semmexico\/wp-json\/wp\/v2\/types\/post"}],"author":[{"embeddable":true,"href":"https:\/\/redsemlac.com\/semmexico\/wp-json\/wp\/v2\/users\/3"}],"replies":[{"embeddable":true,"href":"https:\/\/redsemlac.com\/semmexico\/wp-json\/wp\/v2\/comments?post=41291"}],"version-history":[{"count":0,"href":"https:\/\/redsemlac.com\/semmexico\/wp-json\/wp\/v2\/posts\/41291\/revisions"}],"wp:featuredmedia":[{"embeddable":true,"href":"https:\/\/redsemlac.com\/semmexico\/wp-json\/wp\/v2\/media\/35480"}],"wp:attachment":[{"href":"https:\/\/redsemlac.com\/semmexico\/wp-json\/wp\/v2\/media?parent=41291"}],"wp:term":[{"taxonomy":"category","embeddable":true,"href":"https:\/\/redsemlac.com\/semmexico\/wp-json\/wp\/v2\/categories?post=41291"},{"taxonomy":"post_tag","embeddable":true,"href":"https:\/\/redsemlac.com\/semmexico\/wp-json\/wp\/v2\/tags?post=41291"}],"curies":[{"name":"wp","href":"https:\/\/api.w.org\/{rel}","templated":true}]}}