{"id":41286,"date":"2021-10-24T10:58:00","date_gmt":"2021-10-24T16:58:00","guid":{"rendered":"https:\/\/redsemlac.com\/semmexico\/?p=41286"},"modified":"2023-07-21T17:08:24","modified_gmt":"2023-07-21T22:08:24","slug":"bancada-naranja-defendera-tasa-cero-a-productos-de-gestion-menstrual","status":"publish","type":"post","link":"https:\/\/redsemlac.com\/semmexico\/bancada-naranja-defendera-tasa-cero-a-productos-de-gestion-menstrual\/","title":{"rendered":"Bancada Naranja defender\u00e1 tasa cero a productos de gesti\u00f3n menstrual"},"content":{"rendered":"\n<ul class=\"wp-block-list\"><li><strong>La menstruaci\u00f3n digna debe de ser un derecho para todas las personas menstruantes<\/strong><\/li><\/ul>\n\n\n\n<ul class=\"wp-block-list\"><li><strong>Reconocen la lucha de organizaciones de la sociedad civil y activistas para que se deje de pagar IVA por menstruar.<\/strong><strong><\/strong><\/li><\/ul>\n\n\n\n<p class=\"wp-block-paragraph\"><strong>Libertad L\u00f3pez<\/strong><\/p>\n\n\n\n<p class=\"wp-block-paragraph\">SemM\u00e9xico, Cd. de M\u00e9xico, 24 de octubre, 2021.- Este lunes, primero en comisiones y luego en la asamblea que discute la Miscel\u00e1nea Fiscal, Movimiento Ciudadano en el Senado votar\u00e1 a favor de que los productos de gesti\u00f3n menstrual no paguen IVA, algo que hasta hoy sucede y que consideramos como un impuesto sexista.<\/p>\n\n\n\n<p class=\"wp-block-paragraph\">Con esta Ley que fue aprobada en la C\u00e1mara de Diputados, las toallas sanitarias, tampones, copas menstruales y otros productos que son considerados de primera necesidad, se da un paso m\u00e1s para&nbsp;cerrar la enorme brecha de desigualdad que hoy existe en nuestro pa\u00eds para ni\u00f1as, mujeres y personas menstruantes.<\/p>\n\n\n\n<p class=\"wp-block-paragraph\">La iniciativa de diputadas de la pasada legislatura, encabezadas por Martha Tagle Mart\u00ednez, de Movimiento Ciudadano, sostuvo que las mexicanas experimentan la menstruaci\u00f3n durante 40 a\u00f1os de su vida, el gasto es alto, consumen productos insustituibles, viven estigmas por su condici\u00f3n de menstruantes. Entonces urgieron a que lo hagan en condiciones de dignidad. Por condici\u00f3n de menstruantes viven una discriminaci\u00f3n directa que atenta contra la igualdad sustantiva de las mujeres.&nbsp;<\/p>\n\n\n\n<p class=\"wp-block-paragraph\">Seg\u00fan datos oficiales el 50 por ciento de todas las mujeres, de m\u00e1s de 15 a\u00f1os, gasta 720 pesos mensuales en productos para su gesti\u00f3n menstrual, la mayor\u00eda pobres. El gasto en toallas sanitarias es equivalente al cinco por ciento del gasto de los hogares del sector m\u00e1s pobre del pa\u00eds.<\/p>\n\n\n\n<p class=\"wp-block-paragraph\">As\u00ed la pol\u00edtica tributaria no es neutral, la reforma al art\u00edculo 2o.-a de la ley del impuesto al valor agregado en materia de productos de gesti\u00f3n menstrual, hoy del 16 por ciento, desaparecer\u00e1. Se trata de sacar a las mexicanas de la pobreza menstrual. Pobres son cuatro de cada 10 mujeres en M\u00e9xico lo que dificulta su acceso a una gesti\u00f3n menstrual digna. Las m\u00e1s pobres gastan dos y medio m\u00e1s veces m\u00e1s en productos de gesti\u00f3n menstrual que el 10 por ciento de las m\u00e1s ricas.<\/p>\n\n\n\n<p class=\"wp-block-paragraph\">Esta propuesta legislativa que pas\u00f3 ya en la C\u00e1mara de Diputados forma parte de una estrategia m\u00e1s amplia impulsada por el colectivo #Menstruaci\u00f3nDignaM\u00e9xico y tiene el prop\u00f3sito de posicionar la gesti\u00f3n menstrual como un tema p\u00fablico que debe ser incorporado a las pol\u00edticas p\u00fablicas.<\/p>\n\n\n\n<p class=\"wp-block-paragraph\">Buscan crear condiciones estructurales que permitan a todas las mujeres, adolescentes y ni\u00f1as, as\u00ed como otras personas menstruantes en M\u00e9xico, vivirla con dignidad.<\/p>\n\n\n\n<p class=\"wp-block-paragraph\">Adem\u00e1s, no atender esta problem\u00e1tica aumenta las probabilidades de ausentismo y deserci\u00f3n escolar y laboral, infecciones y precarizaci\u00f3n econ\u00f3mica, por lo que debe ser atendido desde la pol\u00edtica p\u00fablica. Esto afecta m\u00e1s a las mujeres m\u00e1s pobres.<\/p>\n\n\n\n<p class=\"wp-block-paragraph\">Propone tres ejes de acci\u00f3n: 1) la gratuidad de los productos de gesti\u00f3n menstrual, 2) la eliminaci\u00f3n del IVA a dichos productos, y 3) generar investigaci\u00f3n y datos sobre la gesti\u00f3n menstrual en M\u00e9xico.<\/p>\n\n\n\n<p class=\"wp-block-paragraph\">La vigencia del IVA a productos de gesti\u00f3n menstrual transgrede los derechos humanos de las mujeres a la no discriminaci\u00f3n, el m\u00ednimo vital, la salud, trabajo, educaci\u00f3n, vida digna e igualdad y, por lo tanto, su tratamiento fiscal deber\u00eda equipararse a bienes que son reconocidos como productos de primera necesidad.<\/p>\n\n\n\n<p class=\"wp-block-paragraph\">Por eso, en comunicado oficial, la bancada naranja dijo que \u201creafirmamos nuestro compromiso para, desde el Senado de la Rep\u00fablica, contribuir a la lucha para que la menstruaci\u00f3n digna sea un derecho de todas las personas menstruantes y no un privilegio.<\/p>\n\n\n\n<p class=\"wp-block-paragraph\">En la Bancada Naranja reconocemos que esta ha sido una lucha de diversas organizaciones de la sociedad civil, feministas y activistas con la que nos hemos comprometido desde hace a\u00f1os al presentar diversos instrumentos, entre ellos, que las copas menstruales pudieran venderse y distribuirse en M\u00e9xico e incluir la gesti\u00f3n menstrual en planes educativos.<\/p>\n","protected":false},"excerpt":{"rendered":"<p>La menstruaci\u00f3n digna debe de ser un derecho para todas las personas menstruantes<\/p>\n","protected":false},"author":3,"featured_media":41287,"comment_status":"open","ping_status":"open","sticky":false,"template":"","format":"standard","meta":{"_monsterinsights_skip_tracking":false,"footnotes":""},"categories":[692,50],"tags":[],"class_list":["post-41286","post","type-post","status-publish","format-standard","has-post-thumbnail","category-692","category-congreso"],"_links":{"self":[{"href":"https:\/\/redsemlac.com\/semmexico\/wp-json\/wp\/v2\/posts\/41286","targetHints":{"allow":["GET"]}}],"collection":[{"href":"https:\/\/redsemlac.com\/semmexico\/wp-json\/wp\/v2\/posts"}],"about":[{"href":"https:\/\/redsemlac.com\/semmexico\/wp-json\/wp\/v2\/types\/post"}],"author":[{"embeddable":true,"href":"https:\/\/redsemlac.com\/semmexico\/wp-json\/wp\/v2\/users\/3"}],"replies":[{"embeddable":true,"href":"https:\/\/redsemlac.com\/semmexico\/wp-json\/wp\/v2\/comments?post=41286"}],"version-history":[{"count":0,"href":"https:\/\/redsemlac.com\/semmexico\/wp-json\/wp\/v2\/posts\/41286\/revisions"}],"wp:featuredmedia":[{"embeddable":true,"href":"https:\/\/redsemlac.com\/semmexico\/wp-json\/wp\/v2\/media\/41287"}],"wp:attachment":[{"href":"https:\/\/redsemlac.com\/semmexico\/wp-json\/wp\/v2\/media?parent=41286"}],"wp:term":[{"taxonomy":"category","embeddable":true,"href":"https:\/\/redsemlac.com\/semmexico\/wp-json\/wp\/v2\/categories?post=41286"},{"taxonomy":"post_tag","embeddable":true,"href":"https:\/\/redsemlac.com\/semmexico\/wp-json\/wp\/v2\/tags?post=41286"}],"curies":[{"name":"wp","href":"https:\/\/api.w.org\/{rel}","templated":true}]}}