{"id":41283,"date":"2021-10-24T08:55:00","date_gmt":"2021-10-24T14:55:00","guid":{"rendered":"https:\/\/redsemlac.com\/semmexico\/?p=41283"},"modified":"2023-07-21T17:08:24","modified_gmt":"2023-07-21T22:08:24","slug":"del-2018-al-2020-los-feminicidios-dejaron-395-menores-en-orfandad-en-edomex","status":"publish","type":"post","link":"https:\/\/redsemlac.com\/semmexico\/del-2018-al-2020-los-feminicidios-dejaron-395-menores-en-orfandad-en-edomex\/","title":{"rendered":"Del 2018 al 2020 los feminicidios dejaron 395 menores en orfandad en Edomex"},"content":{"rendered":"\n<ul class=\"wp-block-list\"><li><strong>Diputada Karina Labastida Sotelo, iniciativa para desterrar la violencia contra las mujeres<\/strong><\/li><li><strong>Las ni\u00f1as y los ni\u00f1os da\u00f1o colateral al que nadie quiere voltear y responsabilizase, denuncia<\/strong><\/li><\/ul>\n\n\n\n<p class=\"wp-block-paragraph\"><strong>Violeta Huerta<\/strong><\/p>\n\n\n\n<p class=\"wp-block-paragraph\">SemM\u00e9xico\/El Sol de Toluca, Toluca, Edo. de M\u00e9xico, 24 de octubre, 2021.- En el Estado de M\u00e9xico existen 395 menores en situaci\u00f3n de orfandad, derivado de que las madres de las y los ni\u00f1os fueron v\u00edctimas de feminicidios entre los a\u00f1os 2018 y 2020, afirm\u00f3 la presidenta de la comisi\u00f3n para las declaratorias de Alerta de Violencia de G\u00e9nero contra las Mujeres por Feminicidio y Desaparici\u00f3n, Karina Labastida Sotelo.<\/p>\n\n\n\n<p class=\"wp-block-paragraph\">La diputada local de Morena se\u00f1al\u00f3 que las v\u00edctimas de feminicidio son el da\u00f1o colateral que nadie quiere voltear a ver y las y los \u201chu\u00e9rfanos\u201d del feminicidio y sus familiares no deben enfrentar solos el hecho de quedarse sin padres<\/p>\n\n\n\n<p class=\"wp-block-paragraph\">Por ello, asegur\u00f3 que en la Legislatura mexiquense seguir\u00e1n empujando leyes que sirvan para la erradicaci\u00f3n de los feminicidios, pero tambi\u00e9n dar atenci\u00f3n a las v\u00edctimas del feminicidio y a los \u201chu\u00e9rfanos\u201d.<\/p>\n\n\n\n<p class=\"wp-block-paragraph\">En la entidad, asegur\u00f3 la legisladora, se tiene registro de que hay 395 ni\u00f1os y ni\u00f1as sin familia por feminicidios ocurridos de 2018 a 2020 y en el pa\u00eds suman cinco mil, de acuerdo con el informe del Sistema Nacional DIF (SNDIF).<\/p>\n\n\n\n<p class=\"wp-block-paragraph\">Karina Labastida asegur\u00f3 que no bajar\u00e1n la voz para cubrir todos los detrimentos que han dejado los feminicidios y refiri\u00f3 que el estudio de violencia feminicida en M\u00e9xico realizado por ONU Mujeres revela que se perpetraron 52 mil feminicidios de 1985 al a\u00f1o 2016.<\/p>\n\n\n\n<p class=\"wp-block-paragraph\">La diputada local dijo que en la pasada Legislatura aprobaron programas como \u201cCanasta Alimentaria para V\u00edctimas del Delito de Feminicidio y Desaparici\u00f3n\u201d con un presupuesto de 15 millones de pesos para entregar un apoyo de mil quinientos pesos en una y hasta 12 ocasiones.<\/p>\n\n\n\n<p class=\"wp-block-paragraph\">Tambi\u00e9n el programa \u201cValentina\u201d con un presupuesto de 30 millones de pesos para ofrecer apoyos de dos mil pesos una o dos ocasiones y el programa de \u201cReparaci\u00f3n de Da\u00f1o\u201d con un presupuesto de 47 millones de pesos, con un apoyo de 5 mil unidades de Medida (UMAS).<\/p>\n\n\n\n<p class=\"wp-block-paragraph\">&nbsp;\u201cEstoy consciente que todos estos programas son perfectibles y podemos abonar ideas para que no siga existiendo menores invisibles ante el Estado, ya que las v\u00edctimas de feminicidio son el da\u00f1o colateral que nadie quiere voltear a ver\u201d, se\u00f1al\u00f3.<\/p>\n\n\n\n<p class=\"wp-block-paragraph\">El tema de los menores de edad por orfandad que han dejado los feminicidios, advirti\u00f3, es relevante en nuestra sociedad, pues implica una afectaci\u00f3n emocional y un riesgo potencial de reproducir actitudes violentas en la vida adulta de las ni\u00f1as y ni\u00f1os.<\/p>\n","protected":false},"excerpt":{"rendered":"<p>Las ni\u00f1as y los ni\u00f1os da\u00f1o colateral al que nadie quiere voltear y responsabilizase, denuncia<\/p>\n","protected":false},"author":3,"featured_media":41284,"comment_status":"open","ping_status":"open","sticky":false,"template":"","format":"standard","meta":{"_monsterinsights_skip_tracking":false,"footnotes":""},"categories":[692,50],"tags":[],"class_list":["post-41283","post","type-post","status-publish","format-standard","has-post-thumbnail","category-692","category-congreso"],"_links":{"self":[{"href":"https:\/\/redsemlac.com\/semmexico\/wp-json\/wp\/v2\/posts\/41283","targetHints":{"allow":["GET"]}}],"collection":[{"href":"https:\/\/redsemlac.com\/semmexico\/wp-json\/wp\/v2\/posts"}],"about":[{"href":"https:\/\/redsemlac.com\/semmexico\/wp-json\/wp\/v2\/types\/post"}],"author":[{"embeddable":true,"href":"https:\/\/redsemlac.com\/semmexico\/wp-json\/wp\/v2\/users\/3"}],"replies":[{"embeddable":true,"href":"https:\/\/redsemlac.com\/semmexico\/wp-json\/wp\/v2\/comments?post=41283"}],"version-history":[{"count":0,"href":"https:\/\/redsemlac.com\/semmexico\/wp-json\/wp\/v2\/posts\/41283\/revisions"}],"wp:featuredmedia":[{"embeddable":true,"href":"https:\/\/redsemlac.com\/semmexico\/wp-json\/wp\/v2\/media\/41284"}],"wp:attachment":[{"href":"https:\/\/redsemlac.com\/semmexico\/wp-json\/wp\/v2\/media?parent=41283"}],"wp:term":[{"taxonomy":"category","embeddable":true,"href":"https:\/\/redsemlac.com\/semmexico\/wp-json\/wp\/v2\/categories?post=41283"},{"taxonomy":"post_tag","embeddable":true,"href":"https:\/\/redsemlac.com\/semmexico\/wp-json\/wp\/v2\/tags?post=41283"}],"curies":[{"name":"wp","href":"https:\/\/api.w.org\/{rel}","templated":true}]}}