{"id":41278,"date":"2021-10-23T10:53:19","date_gmt":"2021-10-23T16:53:19","guid":{"rendered":"https:\/\/redsemlac.com\/semmexico\/?p=41278"},"modified":"2023-07-21T17:08:24","modified_gmt":"2023-07-21T22:08:24","slug":"el-signo-del-estado-de-mexico-violencia-contra-las-mujeres-e-impunidad","status":"publish","type":"post","link":"https:\/\/redsemlac.com\/semmexico\/el-signo-del-estado-de-mexico-violencia-contra-las-mujeres-e-impunidad\/","title":{"rendered":"El signo del Estado de M\u00e9xico: violencia contra las mujeres e impunidad"},"content":{"rendered":"\n<ul class=\"wp-block-list\"><li>En todo el pa\u00eds se reacciona, pero no se previene: Patricia Olamendi Torres<\/li><li>Toluca: congreso latinoamericano sobre feminismo, g\u00e9nero y derechos humanos de las mujeres<\/li><\/ul>\n\n\n\n<p class=\"wp-block-paragraph\"><strong>Elizabeth R\u00edos<\/strong><\/p>\n\n\n\n<p class=\"wp-block-paragraph\">SemM\u00e9xico\/El Sol de Toluca, Toluca, Edo. de M\u00e9xico, 23 de octubre, 2021.- M\u00e9xico s\u00f3lo tiene una pol\u00edtica reactiva a la violencia y no de prevenci\u00f3n, dijo Patricia Olamendi Torres, consultora internacional de derechos humanos. Explic\u00f3 que todo tipo de violencia contra las mujeres, incluyendo el&nbsp;<strong>feminicidio,&nbsp;<\/strong>es prevenible.<\/p>\n\n\n\n<p class=\"wp-block-paragraph\">Durante su conferencia magistral \u201c<em>Derechos Humanos de las Mujeres, Avances y Desaf\u00edos<\/em>\u201d, en el primer Congreso Latinoamericano sobre Feminismo, G\u00e9nero y Derechos Humanos de las Mujeres, destac\u00f3 que una acertada pol\u00edtica de prevenci\u00f3n, a trav\u00e9s de un sistema de pol\u00edticas p\u00fablicas que generen empoderamiento de las mujeres, permitir\u00e1 salvarles la vida a miles de v\u00edctimas.<\/p>\n\n\n\n<p class=\"wp-block-paragraph\">\u201c<em>En M\u00e9xico no tenemos una pol\u00edtica de prevenci\u00f3n de la discriminaci\u00f3n y violencia contra las mujeres, tenemos una pol\u00edtica reactiva a la violencia, porque el feminicidio se puede evitar<\/em>\u201d, sentenci\u00f3 la conferencista internacional.<\/p>\n\n\n\n<p class=\"wp-block-paragraph\">Sobre las sentencias condenatorias en contra de los responsables de violencia de g\u00e9nero, \u00e9stas pueden traducirse en prevenci\u00f3n del delito, pero en el caso particular de la entidad mexiquense, el mensaje es de impunidad y ejemplific\u00f3 con el feminicidio de Mariana Lima, que a m\u00e1s de 10 a\u00f1os contin\u00faa sin sentencia.<\/p>\n\n\n\n<p class=\"wp-block-paragraph\">&nbsp;\u201c<em>\u00bfD\u00f3nde est\u00e1 la prevenci\u00f3n?, \u00bfes prevenci\u00f3n o aliciente para que sigan cometiendo delitos los hombres?, si ese caso tan revisado y publicitado no tiene sentencia, \u00bfa m\u00ed qu\u00e9 me van a hacer?<\/em>\u201d, cuestion\u00f3 Patricia Olamendi.<\/p>\n\n\n\n<p class=\"wp-block-paragraph\">Agreg\u00f3 que en la entidad es urgente se legisle para que toda agresi\u00f3n cometida en contra de las mujeres por parte un funcionario o servidor p\u00fablico sea considerada tortura, pues \u00e9stos no deben ser inmunes ante la ley.<\/p>\n\n\n\n<p class=\"wp-block-paragraph\">Por otro lado, lament\u00f3 que en M\u00e9xico no existan \u00e1reas de especialidades dentro de las corporaciones de seguridad p\u00fablica e instituciones de procuraci\u00f3n y administraci\u00f3n de justicia.<\/p>\n\n\n\n<p class=\"wp-block-paragraph\">\u201c<em>Las mujeres no somos consideradas una prioridad en el tema de seguridad, hemos reclamado que el pa\u00eds se declare en alerta de g\u00e9nero, que el tema de violencia contra las mujeres se declare como un asunto de seguridad nacional, porque es una violaci\u00f3n grave y sistem\u00e1tica a los derechos humanos de las mujeres y, sin embargo, no logramos ni comisar\u00edas de las mujeres, ni juzgados especializados\u201d<\/em>, se\u00f1al\u00f3 la consultora internacional de derechos humanos.<\/p>\n\n\n\n<p class=\"wp-block-paragraph\">Agreg\u00f3 que los bandos municipales est\u00e1n construidos sin perspectiva de derechos humanos, situaci\u00f3n que desprotege al sector femenino y, por el contrario, no persiguen a quienes ejercen alg\u00fan tipo de violencia en contra de las mujeres.<\/p>\n\n\n\n<p class=\"wp-block-paragraph\">Finalmente, Patricia Olamendi sostuvo que otras acciones que abonan a la violencia de g\u00e9nero son los comentarios sexistas y hasta las bromas, mismas que fomentan la discriminaci\u00f3n.<\/p>\n\n\n\n<p class=\"wp-block-paragraph\"><strong>Atenci\u00f3n de violencia de g\u00e9nero<\/strong><\/p>\n\n\n\n<p class=\"wp-block-paragraph\">Para atender el tema de violencia de g\u00e9nero en la entidad, especialmente la feminicida, todav\u00eda falta analizar los factores contextuales con los que se relaciona y las \u00e1reas de oportunidad en las formas en las cuales las autoridades atienden este problema, indic\u00f3 Myrna Aracely Garc\u00eda Mor\u00f3n, presidenta de la Comisi\u00f3n de Derechos Humanos del Estado de M\u00e9xico (<strong>Codhem<\/strong>).<\/p>\n\n\n\n<p class=\"wp-block-paragraph\">En el marco de la inauguraci\u00f3n del primer Congreso Latinoamericano sobre Feminismo, G\u00e9nero y Derechos Humanos de las Mujeres, Garc\u00eda Mor\u00f3n destac\u00f3 que los avances en los derechos y cambios institucionales emprendidos en la entidad no compensan el respeto y los derechos de las mujeres, mismos que todav\u00eda no est\u00e1n garantizados.<\/p>\n\n\n\n<p class=\"wp-block-paragraph\"><em>\u201cFalta mucho por hacer y conocer la informaci\u00f3n es claro para detectar las violencias que preceden a toda clase de violencia contra la mujer, y la m\u00e1s extrema que nos ha llevado en el Estado de M\u00e9xico a tener dos alertas de g\u00e9nero, una de ellas en particular por el feminicidio<\/em>\u201d, expuso la responsable de los derechos humanos en la entidad.<\/p>\n\n\n\n<p class=\"wp-block-paragraph\">En su oportunidad, la titular de la Secretar\u00eda de la Mujer en la entidad, Mar\u00eda Isabel S\u00e1nchez Holgu\u00edn, destac\u00f3 que la experiencia de quienes forman parte de instituciones de gobierno y de organizaciones de la sociedad civil permiten detectar y atender los desaf\u00edos que significan atender las violencias, crear proyectos de transversalizaci\u00f3n de la perspectiva de g\u00e9nero, de igualdad sustantiva y de derechos humanos.<\/p>\n\n\n\n<p class=\"wp-block-paragraph\">Resalt\u00f3 que la lucha feminista ha logrado avances en materia de equidad de g\u00e9nero y respecto a los derechos de las mujeres, quienes con antelaci\u00f3n no pod\u00edan ocupar cargos p\u00fablicos a diferencia de ahora.<strong><\/strong><\/p>\n\n\n\n<p class=\"wp-block-paragraph\">Este Congreso Latinoamericano sobre Feminismo, G\u00e9nero y Derechos Humanos de las Mujeres, tiene como objetivo generar espacios de intercambio de experiencias gubernamentales y de la sociedad civil, adem\u00e1s de reflexionar desde un enfoque feminista, se\u00f1al\u00f3 la Secretar\u00eda de la Mujer.<\/p>\n\n\n\n<p class=\"wp-block-paragraph\">Durante la inauguraci\u00f3n, la titular de la Secretar\u00eda de la Mujer, Mar\u00eda Isabel S\u00e1nchez Holgu\u00edn, reiter\u00f3 que, para la administraci\u00f3n de Alfredo Del Mazo Maza, las ni\u00f1as, adolescentes y mujeres son eje central, por ello la importancia de crear espacios con enfoque en perspectiva de g\u00e9nero y derechos humanos que ayuden a mitigar las violencias y desigualdades.<\/p>\n\n\n\n<p class=\"wp-block-paragraph\"><em>El Congreso es la concreci\u00f3n de diversos sue\u00f1os colectivos; es fundamental para nuestra instituci\u00f3n escucharles, aprender de ustedes, trabajar con ustedes, ya que se han dado pasos muy importantes; el gobierno de la entidad siempre ha tenido en el centro de las pol\u00edticas p\u00fablicas a las mexiquenses, muestra de ello es la creaci\u00f3n de la Secretar\u00eda de la Mujer\u201d, se\u00f1al\u00f3 S\u00e1nchez Holgu\u00edn ante personal del servicio p\u00fablico, academia, activistas, personas defensoras de derechos humanos y organizaciones de la sociedad civil.<\/em><\/p>\n\n\n\n<p class=\"wp-block-paragraph\">Puntualiz\u00f3 que resulta indispensable tejer reflexiones, escuchar voces de expertas y expertos, que les permitan, a quienes ya est\u00e1n ocupados en el tema, seguir aprendiendo, y a quienes a\u00fan no identifican su importancia, puedan sensibilizarse sobre el tema de feminismo, g\u00e9nero y derechos humanos de las mujeres.<\/p>\n\n\n\n<p class=\"wp-block-paragraph\">En su oportunidad, Alejandra Del Moral Vela, Diputada local en la LXI Legislatura del Estado de M\u00e9xico, indic\u00f3 que, en la entidad, la equidad de g\u00e9nero es una realidad, ya que, \u201cde 75 diputados totales, 37 somos mujeres.<\/p>\n\n\n\n<p class=\"wp-block-paragraph\"><em>El reto que tenemos por delante es que los discursos sobre la mujer no sean un lugar com\u00fan, que tengan un cauce real, pr\u00e1ctico, es decir, el reto es hacer lo posible deseable, acercar la realidad al ideal y en una palabra lograr lo que tanto hemos peleado\u201d, explic\u00f3.<\/em><\/p>\n\n\n\n<p class=\"wp-block-paragraph\">En su participaci\u00f3n, Myrna Araceli Garc\u00eda Mor\u00f3n, titular de la Comisi\u00f3n de Derechos Humanos del Estado de M\u00e9xico (Codhem), al recordar los eventos hist\u00f3ricos relevantes sobre el feminismo y g\u00e9nero, reconoci\u00f3 la iniciativa del presente Congreso.<\/p>\n\n\n\n<figure class=\"wp-block-image size-large\"><a href=\"https:\/\/redsemlac.com\/semmexico\/wp-content\/uploads\/2021\/10\/PATRICIA-2.jpg\"><img decoding=\"async\" src=\"https:\/\/redsemlac.com\/semmexico\/wp-content\/uploads\/2021\/10\/PATRICIA-2-1024x734.jpg\" alt=\"\" class=\"wp-image-41280\"\/><\/a><\/figure>\n\n\n\n<p class=\"wp-block-paragraph\"><em>Traer\u00e1 a contexto la evoluci\u00f3n social de lo que se ha logrado en el trascurso de la civilizaci\u00f3n de los siglos y de las d\u00e9cadas m\u00e1s recientes y que de manera constante hemos visto ciertos cambios que reivindican y objetivizan normas jur\u00eddicas convencionales y nacionales\u201d, se\u00f1al\u00f3.<\/em><\/p>\n\n\n\n<p class=\"wp-block-paragraph\">Participaron en el congreso representantes de instituciones del sector social, p\u00fablico y privado, como ONU Mujeres, INMUJERES, CONAVIM, Universidad Nacional Aut\u00f3noma de M\u00e9xico, El Colegio de M\u00e9xico, CELIG, World Visi\u00f3n, REDLAMYC, Red por los Derechos de la Infancia, DataC\u00cdVICA, Mujeres en Cadena AC, as\u00ed como representantes de la C\u00e1mara Nacional de Comercio, Servicios y Turismo del Valle de Toluca (Canaco) y el Consejo de C\u00e1maras y Asociaciones Empresariales del Estado de M\u00e9xico (Concaem).<\/p>\n\n\n\n<p class=\"wp-block-paragraph\">Los especialistas expusieron temas de inter\u00e9s com\u00fan en cuatro ejes: Igualdad Sustantiva y Derechos Humanos de las Mujeres que incluye, Derechos humanos de las mujeres, avances y desaf\u00edos y Acciones p\u00fablicas encaminadas a garantizar la igualdad&nbsp;sustantiva en M\u00e9xico.<\/p>\n\n\n\n<p class=\"wp-block-paragraph\">El segundo, tramo Transversalidad de la Perspectiva de G\u00e9nero, que incluye Estrategias para la transversalidad de la perspectiva de g\u00e9nero en las acciones gubernamentales y presupuestos p\u00fablicos, el tercero, Sistema de Protecci\u00f3n Integral de Ni\u00f1as, Ni\u00f1os y Adolescentes del Estado de M\u00e9xico, con el tema, Acceso a la justicia y protecci\u00f3n a la ni\u00f1ez.<\/p>\n\n\n\n<p class=\"wp-block-paragraph\">Por \u00faltimo, el cuarto, Atenci\u00f3n a la Violencia contra las Ni\u00f1as, Adolescentes y Mujeres, incluye los temas, Claves feministas para el poder\u00edo y autonom\u00eda de las mujeres, Dilemas y retos sobre el abordaje p\u00fablico de la prevenci\u00f3n y erradicaci\u00f3n de las violencias contra las mujeres, ni\u00f1as y adolescentes en M\u00e9xico y Masculinidades y relaciones de g\u00e9nero.<\/p>\n","protected":false},"excerpt":{"rendered":"<p>En todo el pa\u00eds se reacciona, pero no se previene: Patricia Olamendi Torres Toluca: congreso latinoamericano sobre feminismo, g\u00e9nero y derechos humanos de las mujeres Elizabeth R\u00edos SemM\u00e9xico\/El Sol de Toluca, Toluca, Edo. de M\u00e9xico, 23 de octubre, 2021.- M\u00e9xico s\u00f3lo tiene una pol\u00edtica reactiva a la violencia y no de prevenci\u00f3n, dijo Patricia Olamendi [&hellip;]<\/p>\n","protected":false},"author":3,"featured_media":41281,"comment_status":"open","ping_status":"open","sticky":false,"template":"","format":"standard","meta":{"_monsterinsights_skip_tracking":false,"footnotes":""},"categories":[692,54],"tags":[149],"class_list":["post-41278","post","type-post","status-publish","format-standard","has-post-thumbnail","category-692","category-mujeres","tag-mujeres"],"_links":{"self":[{"href":"https:\/\/redsemlac.com\/semmexico\/wp-json\/wp\/v2\/posts\/41278","targetHints":{"allow":["GET"]}}],"collection":[{"href":"https:\/\/redsemlac.com\/semmexico\/wp-json\/wp\/v2\/posts"}],"about":[{"href":"https:\/\/redsemlac.com\/semmexico\/wp-json\/wp\/v2\/types\/post"}],"author":[{"embeddable":true,"href":"https:\/\/redsemlac.com\/semmexico\/wp-json\/wp\/v2\/users\/3"}],"replies":[{"embeddable":true,"href":"https:\/\/redsemlac.com\/semmexico\/wp-json\/wp\/v2\/comments?post=41278"}],"version-history":[{"count":0,"href":"https:\/\/redsemlac.com\/semmexico\/wp-json\/wp\/v2\/posts\/41278\/revisions"}],"wp:featuredmedia":[{"embeddable":true,"href":"https:\/\/redsemlac.com\/semmexico\/wp-json\/wp\/v2\/media\/41281"}],"wp:attachment":[{"href":"https:\/\/redsemlac.com\/semmexico\/wp-json\/wp\/v2\/media?parent=41278"}],"wp:term":[{"taxonomy":"category","embeddable":true,"href":"https:\/\/redsemlac.com\/semmexico\/wp-json\/wp\/v2\/categories?post=41278"},{"taxonomy":"post_tag","embeddable":true,"href":"https:\/\/redsemlac.com\/semmexico\/wp-json\/wp\/v2\/tags?post=41278"}],"curies":[{"name":"wp","href":"https:\/\/api.w.org\/{rel}","templated":true}]}}