{"id":41272,"date":"2021-10-23T10:46:43","date_gmt":"2021-10-23T16:46:43","guid":{"rendered":"https:\/\/redsemlac.com\/semmexico\/?p=41272"},"modified":"2023-07-21T17:08:25","modified_gmt":"2023-07-21T22:08:25","slug":"23-de-octubre-dia-de-la-medica-y-el-l-medico-plausible-labor-en-tiempos-de-covid-19-y-frente-al-envejecimiento-de-la-poblacion","status":"publish","type":"post","link":"https:\/\/redsemlac.com\/semmexico\/23-de-octubre-dia-de-la-medica-y-el-l-medico-plausible-labor-en-tiempos-de-covid-19-y-frente-al-envejecimiento-de-la-poblacion\/","title":{"rendered":"23 de octubre, D\u00eda de la M\u00e9dica y el l M\u00e9dico, plausible, labor en tiempos de Covid 19 y frente al envejecimiento de la poblaci\u00f3n"},"content":{"rendered":"\n<ul class=\"wp-block-list\"><li><em>Psiquiatras, geront\u00f3loga\/os, neur\u00f3loga\/os y geriatras, se comprometieron con el bienestar de la salud f\u00edsica y mental de las personas mayores<\/em><\/li><\/ul>\n\n\n\n<p class=\"wp-block-paragraph\"><strong><em>Habla el director de <\/em><\/strong><strong>Asofarma de M\u00e9xico<\/strong><\/p>\n\n\n\n<p class=\"wp-block-paragraph\"><strong>Redacci\u00f3n<\/strong><\/p>\n\n\n\n<p class=\"wp-block-paragraph\">SemM\u00e9xico, Cd. de M\u00e9xico, 23 de octubre, 2021.- Cada 23 de octubre se celebra el D\u00eda que honra la labor de quienes se dedican a la medicina, D\u00eda de la M\u00e9dica y del M\u00e9dico en M\u00e9xico, fecha que nos recuerda el valor de esta profesi\u00f3n para la humanidad. La experiencia y conocimiento m\u00e9dico practicada por las y los profesionales son esenciales para atender y preservar la salud del cuerpo y la mente de la poblaci\u00f3n mexicana.<\/p>\n\n\n\n<p class=\"wp-block-paragraph\">Hoy, m\u00e1s que nunca, es indispensable contar con la atenci\u00f3n m\u00e9dica de diferentes especialidades (psiquiatras, neur\u00f3loga\/os, geriatras, geront\u00f3loga\/os, etc.) por el proceso hist\u00f3rico que estamos viviendo.<\/p>\n\n\n\n<p class=\"wp-block-paragraph\">La emergencia sanitaria mundial, el aislamiento y la constante incertidumbre, ha propiciado el aumento de las enfermedades neurocognitivas, se\u00f1al\u00f3 el doctor Arturo V\u00e1zquez Leduc, director M\u00e9dico de Asofarma de M\u00e9xico.<\/p>\n\n\n\n<p class=\"wp-block-paragraph\">Con el incremento de la longevidad en el pa\u00eds, es necesario brindar la atenci\u00f3n y cuidado correcto que ayude a mantener y prolongar la funcionalidad de las actividades b\u00e1sicas diarias en las personas mayores, particularmente.<\/p>\n\n\n\n<p class=\"wp-block-paragraph\">Con base en la Encuesta Nacional de la Din\u00e1mica Demogr\u00e1fica (ENADID) 2018, en M\u00e9xico, residen 15.4 millones de personas de m\u00e1s de 60 a\u00f1os, de las cuales 1.7 millones viven solas. [i]<\/p>\n\n\n\n<p class=\"wp-block-paragraph\">Por otra parte, el Consejo Mexicano de Neurolog\u00eda A.C., acredita a mil especialistas en el \u00e1rea de neurolog\u00eda, por lo que se calcula que, es necesario diez veces m\u00e1s este n\u00famero de especialistas para atender a los m\u00e1s de 120 millones de habitantes. [ii]<\/p>\n\n\n\n<p class=\"wp-block-paragraph\">Por lo tanto, es prioritario valorar a los profesionales de la salud en estas \u00e1reas. Atienden y ofrecen un trato asertivo en el manejo integral de los trastornos neurocognitivos, que implican alteraciones en las funciones cerebrales y modificaciones en la conducta del paciente mayor, subray\u00f3.<\/p>\n\n\n\n<p class=\"wp-block-paragraph\">La comunidad m\u00e9dica, contribuye en la identificaci\u00f3n e implementaci\u00f3n de estrategias cl\u00ednicas y en los procesos de salud de los adultos mayores. Esto permite un trato y diagn\u00f3stico oportuno, adecuado y correcto en el paciente, hecho que tiene un impacto favorable no solo en el proceso de envejecimiento del adulto mayor, sino tambi\u00e9n, se ve reflejado en la relaci\u00f3n con la familia y su entorno, apunt\u00f3 el director M\u00e9dico de Asofarma de M\u00e9xico.<\/p>\n\n\n\n<figure class=\"wp-block-image size-large\"><a href=\"https:\/\/redsemlac.com\/semmexico\/wp-content\/uploads\/2021\/10\/medica-1.jpg\"><img decoding=\"async\" src=\"https:\/\/redsemlac.com\/semmexico\/wp-content\/uploads\/2021\/10\/medica-1-1024x576.jpg\" alt=\"\" class=\"wp-image-41273\"\/><\/a><\/figure>\n\n\n\n<p class=\"wp-block-paragraph\">Cabe destacar que la tarea realizada por el gremio de la medicina a lo largo de esta pandemia ha sido plausible, su dedicaci\u00f3n y empe\u00f1o permitieron que los alcances no fueran mayores, tanto en la lucha directa contra el virus de Covid-19, como en las acciones de prevenci\u00f3n y vacunaci\u00f3n implementadas. Por ello, se ha reforzado la protecci\u00f3n en todos los \u00e1mbitos m\u00e9dicos para las personas de edad, con la finalidad de evitar riesgos debido a la vulnerabilidad que tienen de padecer enfermedades que tambi\u00e9n afectan su salud mental.<\/p>\n\n\n\n<p class=\"wp-block-paragraph\">De acuerdo con Arturo V\u00e1zquez Leduc, en M\u00e9xico existe una fuerte preocupaci\u00f3n por el ascenso de los padecimientos cognitivos en las y los adultos mayores.<\/p>\n\n\n\n<p class=\"wp-block-paragraph\">La vejez es una etapa de la vida en la que se debe ofrecer informaci\u00f3n especializada y confiable de manera accesible, por lo que, en&nbsp;&nbsp;la Unidad de Neurociencias de Asofarma de M\u00e9xico,&nbsp;&nbsp;tenemos campa\u00f1as permanentes como \u201cMi Vida, mis recuerdos\u201d y \u201cMente sana, envejecimiento pleno\u201d, con el fin de que se informe a la sociedad mexicana sobre los padecimientos neurocognitivos y, a su vez, crear conciencia en el manejo y control de los trastornos mentales, por lo tanto, se fortalece tambi\u00e9n la cultura del&nbsp;&nbsp;cuidado del adulto mayor, en pro de su calidad de vida.<\/p>\n\n\n\n<p class=\"wp-block-paragraph\">Subray\u00f3, \u201cno olvidemos, que cuando se pierde la salud, se pierde todo. El cuerpo y la mente est\u00e1n estrechamente vinculados y la mejor forma de llevar una vida m\u00e1s sana y productiva, es apoy\u00e1ndose en un equipo multidisciplinario de especialistas en el manejo integral del adulto mayor para fortalecer la autonom\u00eda y gozar de una vejez digna, activa y con bienestar f\u00edsico, mental y social\u201d.<\/p>\n\n\n\n<p class=\"wp-block-paragraph\">En Asofarma de M\u00e9xico, celebramos a la comunidad m\u00e9dica y extendemos una felicitaci\u00f3n en su d\u00eda, con cari\u00f1o y gratitud reconocemos su compromiso y responsabilidad, que aun en estos tiempos tan complejos, contin\u00faan atendiendo a sus pacientes, hombres y mujeres.<\/p>\n\n\n\n<p class=\"wp-block-paragraph\">Tenemos la seguridad de que esta comunidad indispensable seguir\u00e1 dando lo mejor de s\u00ed para todas y todos los mexicanos, concluy\u00f3 el Arturo V\u00e1zquez Leduc, director M\u00e9dico de Asofarma de M\u00e9xico.<\/p>\n\n\n\n<p class=\"wp-block-paragraph\">__________________________________________________________________<\/p>\n\n\n\n<p class=\"wp-block-paragraph\">[i] Encuesta Nacional de la Din\u00e1mica Demogr\u00e1fica (ENADID) 2018.&nbsp;<a href=\"https:\/\/www.inegi.org.mx\/contenidos\/programas\/enadid\/2018\/doc\/resultados_enadid18.pdf\" target=\"_blank\" rel=\"noreferrer noopener\">https:\/\/www.inegi.org.mx\/contenidos\/programas\/enadid\/2018\/doc\/resultados_enadid18.pdf<\/a><\/p>\n\n\n\n<p class=\"wp-block-paragraph\">[ii]&nbsp;<a href=\"https:\/\/www.consejomexicanodeneurologia.org\/certificacion\/\" target=\"_blank\" rel=\"noreferrer noopener\">https:\/\/www.consejomexicanodeneurologia.org\/certificacion\/<\/a><\/p>\n","protected":false},"excerpt":{"rendered":"<p>Psiquiatras, geront\u00f3loga\/os, neur\u00f3loga\/os y geriatras, se comprometieron con el bienestar de la salud f\u00edsica y mental de las personas mayores<\/p>\n","protected":false},"author":3,"featured_media":41274,"comment_status":"open","ping_status":"open","sticky":false,"template":"","format":"standard","meta":{"_monsterinsights_skip_tracking":false,"footnotes":""},"categories":[692,54],"tags":[],"class_list":["post-41272","post","type-post","status-publish","format-standard","has-post-thumbnail","category-692","category-mujeres"],"_links":{"self":[{"href":"https:\/\/redsemlac.com\/semmexico\/wp-json\/wp\/v2\/posts\/41272","targetHints":{"allow":["GET"]}}],"collection":[{"href":"https:\/\/redsemlac.com\/semmexico\/wp-json\/wp\/v2\/posts"}],"about":[{"href":"https:\/\/redsemlac.com\/semmexico\/wp-json\/wp\/v2\/types\/post"}],"author":[{"embeddable":true,"href":"https:\/\/redsemlac.com\/semmexico\/wp-json\/wp\/v2\/users\/3"}],"replies":[{"embeddable":true,"href":"https:\/\/redsemlac.com\/semmexico\/wp-json\/wp\/v2\/comments?post=41272"}],"version-history":[{"count":0,"href":"https:\/\/redsemlac.com\/semmexico\/wp-json\/wp\/v2\/posts\/41272\/revisions"}],"wp:featuredmedia":[{"embeddable":true,"href":"https:\/\/redsemlac.com\/semmexico\/wp-json\/wp\/v2\/media\/41274"}],"wp:attachment":[{"href":"https:\/\/redsemlac.com\/semmexico\/wp-json\/wp\/v2\/media?parent=41272"}],"wp:term":[{"taxonomy":"category","embeddable":true,"href":"https:\/\/redsemlac.com\/semmexico\/wp-json\/wp\/v2\/categories?post=41272"},{"taxonomy":"post_tag","embeddable":true,"href":"https:\/\/redsemlac.com\/semmexico\/wp-json\/wp\/v2\/tags?post=41272"}],"curies":[{"name":"wp","href":"https:\/\/api.w.org\/{rel}","templated":true}]}}