{"id":41253,"date":"2021-10-22T12:10:29","date_gmt":"2021-10-22T18:10:29","guid":{"rendered":"https:\/\/redsemlac.com\/semmexico\/?p=41253"},"modified":"2023-07-21T17:08:25","modified_gmt":"2023-07-21T22:08:25","slug":"urgente-investigar-suicidios-para-descartar-que-encubran-feminicidios-gesmujer","status":"publish","type":"post","link":"https:\/\/redsemlac.com\/semmexico\/urgente-investigar-suicidios-para-descartar-que-encubran-feminicidios-gesmujer\/","title":{"rendered":"Urgente investigar suicidios para descartar que encubran feminicidios: GESMujer"},"content":{"rendered":"\n<ul class=\"wp-block-list\"><li><strong>Inaplazable atender la resoluci\u00f3n de la Suprema Corte de Justicia de la Naci\u00f3n, que obliga a investigar como feminicidio las muertes violentas de ni\u00f1as y mujeres<\/strong><\/li><\/ul>\n\n\n\n<p class=\"wp-block-paragraph\"><strong>Patricia Brise\u00f1o<\/strong><\/p>\n\n\n\n<p class=\"wp-block-paragraph\">SemM\u00e9xico, Oaxaca, Oax. 22 de octubre, 2021.- Adem\u00e1s de ser un hecho profundamente indignante, el presunto suicidio de Sinachi y Zoe, dos ni\u00f1as de 11 y 9 a\u00f1os, cuyos cuerpos fueron encontrados sin vida la madrugada de este mi\u00e9rcoles en la agencia de San Mart\u00edn Mexicapam, del municipio de Oaxaca de Ju\u00e1rez, representa un llamado de atenci\u00f3n urgente ante el riesgo de que las personas agresoras intenten simular un suicidio para encubrir actos de feminicidio.<\/p>\n\n\n\n<p class=\"wp-block-paragraph\">Por ello como Grupo de estudios sobre la mujer Rosario Castellanos, hacemos un llamado a la Fiscal\u00eda General del Estado de Oaxaca para que atienda la resoluci\u00f3n de la Suprema Corte de Justicia de la Naci\u00f3n, sentencia 554\/2013, donde indica que absolutamente \u00abtodas las muertes violentas de ni\u00f1as y mujeres deben investigarse como feminicidio con perspectiva de g\u00e9nero\u00bb.<\/p>\n\n\n\n<p class=\"wp-block-paragraph\">Desde el movimiento feminista, del cual somos parte, hemos posicionado la gravedad de la violencia de g\u00e9nero que existe en Oaxaca. una violencia que se expresa en todas sus formas, tanto f\u00edsica, psicol\u00f3gica, sexual y econ\u00f3mica, como en todos los \u00e1mbitos, desde el familiar, escolar, laboral comunitario y social, siendo la m\u00e1s extrema la violencia feminicida.<\/p>\n\n\n\n<p class=\"wp-block-paragraph\">Es importante mencionar que de acuerdo con nuestro monitoreo de violencia feminicida, en este a\u00f1o han ocurrido otros dos presuntos suicidios de menores de 18 a\u00f1os. Hablamos de cuatro ni\u00f1as y adolescentes que han perdido la vida de manera violenta, adem\u00e1s de cinco mujeres entre 19 y 44 a\u00f1os. En total hay nueve casos que deben ser investigados bajo el protocolo de feminicidio.<\/p>\n\n\n\n<p class=\"wp-block-paragraph\">Sin considerar los casos registrados como suicidio, en este 2021 suman 72 mujeres, adolescentes, ni\u00f1as y una beb\u00e9 que han sido asesinadas de manera violenta, por lo que es sumamente preocupante que actos de violencia extrema pudieran estar ocultos.<\/p>\n\n\n\n<p class=\"wp-block-paragraph\">Corresponde a la Fiscal\u00eda General del Estado de Oaxaca investigar cada uno de esos casos, porque desafortunadamente existen antecedentes como el de Fany, ocurrido en septiembre pasado en la agencia El Porvenir del municipio istme\u00f1o de Juchit\u00e1n de Zaragoza, el cual tambi\u00e9n se registr\u00f3 inicialmente como suicidio, cuando en realidad se trat\u00f3 de un feminicidio.<\/p>\n","protected":false},"excerpt":{"rendered":"<p>Inaplazable atender la resoluci\u00f3n de la Suprema Corte de Justicia de la Naci\u00f3n, que obliga a investigar como feminicidio las muertes violentas de ni\u00f1as y mujeres<\/p>\n","protected":false},"author":3,"featured_media":29613,"comment_status":"open","ping_status":"open","sticky":false,"template":"","format":"standard","meta":{"_monsterinsights_skip_tracking":false,"footnotes":""},"categories":[692,54],"tags":[149,146,142],"class_list":["post-41253","post","type-post","status-publish","format-standard","has-post-thumbnail","category-692","category-mujeres","tag-mujeres","tag-oaxaca","tag-violencia"],"_links":{"self":[{"href":"https:\/\/redsemlac.com\/semmexico\/wp-json\/wp\/v2\/posts\/41253","targetHints":{"allow":["GET"]}}],"collection":[{"href":"https:\/\/redsemlac.com\/semmexico\/wp-json\/wp\/v2\/posts"}],"about":[{"href":"https:\/\/redsemlac.com\/semmexico\/wp-json\/wp\/v2\/types\/post"}],"author":[{"embeddable":true,"href":"https:\/\/redsemlac.com\/semmexico\/wp-json\/wp\/v2\/users\/3"}],"replies":[{"embeddable":true,"href":"https:\/\/redsemlac.com\/semmexico\/wp-json\/wp\/v2\/comments?post=41253"}],"version-history":[{"count":0,"href":"https:\/\/redsemlac.com\/semmexico\/wp-json\/wp\/v2\/posts\/41253\/revisions"}],"wp:featuredmedia":[{"embeddable":true,"href":"https:\/\/redsemlac.com\/semmexico\/wp-json\/wp\/v2\/media\/29613"}],"wp:attachment":[{"href":"https:\/\/redsemlac.com\/semmexico\/wp-json\/wp\/v2\/media?parent=41253"}],"wp:term":[{"taxonomy":"category","embeddable":true,"href":"https:\/\/redsemlac.com\/semmexico\/wp-json\/wp\/v2\/categories?post=41253"},{"taxonomy":"post_tag","embeddable":true,"href":"https:\/\/redsemlac.com\/semmexico\/wp-json\/wp\/v2\/tags?post=41253"}],"curies":[{"name":"wp","href":"https:\/\/api.w.org\/{rel}","templated":true}]}}