{"id":4125,"date":"2018-09-27T18:51:50","date_gmt":"2018-09-27T18:51:50","guid":{"rendered":"https:\/\/redsemlac.com\/semmexico\/?p=4125"},"modified":"2023-07-21T14:33:51","modified_gmt":"2023-07-21T19:33:51","slug":"mujeres-y-politica-13","status":"publish","type":"post","link":"https:\/\/redsemlac.com\/semmexico\/mujeres-y-politica-13\/","title":{"rendered":"Mujeres y Pol\u00edtica"},"content":{"rendered":"\n<p class=\"wp-block-paragraph\">El senador proxeneta<\/p>\n\n\n\n<h5 class=\"wp-block-heading\"> \u2022 La impunidad latente<\/h5>\n\n\n\n<p class=\"wp-block-paragraph\"><a href=\"https:\/\/semmexico.com\/gallery-post.php?id=5959#\">Soledad Jarqu\u00edn Edgar<\/a><\/p>\n\n\n\n<p class=\"wp-block-paragraph\">SemM\u00e9xico, 27 septiembre 2018.- Si lo realizado por el senador panista Ismael Cabeza de Vaca con su grupo de amigos de WhatsApp no es trata sino una broma que solo merece una \u201cdisculpa\u201d sus redes sociales \u00bfEntonces qu\u00e9 es? \u00bfNo es la trata uno de los cr\u00edmenes m\u00e1s terribles que se cometen hoy en contra de las mujeres? \u00bfYa se nos olvid\u00f3 su vinculaci\u00f3n con la desaparici\u00f3n de mujeres en Am\u00e9rica Latina, \u00c1frica, Asia y Europa del Este?<\/p>\n\n\n\n<p class=\"wp-block-paragraph\">Me refiero a la fotograf\u00eda tomada al panista Ismael Cabeza de Vaca, hermano del gobernador de Tamaulipas, Alejandro Cabeza de Vaca, por el fotoperiodista del Financiero, Nicol\u00e1s Tavira, y otros fotoreporteros, cuando el senador fue sorprendido compartiendo la fotograf\u00eda de una joven \u2013que hoy sabemos es estudiante de medicina- y comentarios propios de un grupo de machos en celo, que ven en las mujeres \u2013todas, sin excepci\u00f3n de ninguna- un objeto sexual, una mercanc\u00eda, que como tal, se puede vender y comprar.<\/p>\n\n\n\n<p class=\"wp-block-paragraph\">Sin duda el comportamiento cavern\u00edcola del \u201cflamante\u201d senador debe ser motivo de indignaci\u00f3n del 49.2 por ciento de mujeres que integran el Senado de Rep\u00fablica y no por otra cosa, no porque sean feministas o tengan que serlo, sino como un acto de sororidad con las mujeres y claro con ellas mismas, porque estamos frente a la acci\u00f3n cometida por un senador en tiempos dif\u00edciles y sumamente violentos para las mujeres, cuyo mensaje, si queda en la impunidad, se ir\u00e1 como hilo de media, ser\u00e1 un elemento m\u00e1s para la ya exuberante permisidad que existe en M\u00e9xico para que se cometan toda clase de actos violentos contra las mujeres, lo que incluye el feminicidio. Y s\u00ed, si tiene que ver una cosa con la otra.<\/p>\n\n\n\n<p class=\"wp-block-paragraph\">El rosto de Ismael Cabeza de Vaca es la cara del Partido Acci\u00f3n Nacional (PAN) ese que pregona y se asume velador de las buenas costumbres y, m\u00e1s a\u00fan, del dogma religioso a ultranza, esa que limita y cuestiona los derechos humanos de las mujeres, como el derecho a decir, por ejemplo, pero cuyos integrantes como el ahora mencionado y otros que han sido sorprendidos acompa\u00f1ados de scort o prostitutas en pachangas y hasta en tareas del Senado. S\u00ed, esto no es la primera vez que pasa, pero la casi omnipotencia de los se\u00f1ores del Senado \u2013oh, lugar sagrado de pol\u00edticos proxenetas- se queda en el morbo y en la impunidad total y si acaso el cuestionamiento social medi\u00e1tico que les hace cosquillas.<\/p>\n\n\n\n<p class=\"wp-block-paragraph\">La prostituci\u00f3n y la trata van de la mano. Las mujeres cosificadas y vueltas mercanc\u00edas, el neoliberalismo sexual a todas luces, donde algunos plantean y se la creen otros, que hay un tipo de prostituci\u00f3n \u201cvoluntaria\u201d, que no es m\u00e1s que un enga\u00f1o. Como lo dice la antropol\u00f3ga francesa Fran\u00e7oise H\u00e9ritier, quien a trav\u00e9s de sus investigaciones constata que la violencia de g\u00e9nero no responde a ninguna l\u00f3gica natural, sino a un exceso de cultura patriarcal. \u201cDecir que las mujeres tienen derecho a venderse es ocultar que los hombres tienen derecho a comprarlas\u201d (El Pa\u00eds 26\/09\/2018).<\/p>\n\n\n\n<p class=\"wp-block-paragraph\">En su tuitter @IGCabezadeVaca, se \u201cdisculpa\u201d:<\/p>\n\n\n\n<p class=\"wp-block-paragraph\">\u201cOfrezco una sincera disculpa por la forma ofensiva en la que me expres\u00e9 en una comunicaci\u00f3n privada durante la sesi\u00f3n del Senado No deb\u00ed participar en una conversaci\u00f3n claramente mis\u00f3gina, mucho menos con esas palabras M\u00e1s all\u00e1 de una broma inapropiada, nunca tuve otra intenci\u00f3n\u201d.<\/p>\n\n\n\n<p class=\"wp-block-paragraph\">Qu\u00e9 pena, de verdad, que las expresiones, pero ante todo la actitud machista de un senador \u2013con min\u00fasculas- quede en una disculpa.<\/p>\n\n\n\n<p class=\"wp-block-paragraph\">No, sinceramente para detener el delito de la trata que irremediablemente, en el caso de las mujeres y las ni\u00f1as, lleva a la explotaci\u00f3n sexual forzada, un delito que de acuerdo con cifras de la Procuradur\u00eda General de la Rep\u00fablica, en un bolet\u00edn publicado en la p\u00e1gina del gobierno de M\u00e9xico, el pasado 25 de julio, se\u00f1ala que en 2016 hubo 4.8 millones fueron v\u00edctimas de prostituci\u00f3n, datos que obtuvo de la Organizaci\u00f3n Internacional del Trabajo.<\/p>\n\n\n\n<p class=\"wp-block-paragraph\">La trata de personas, agrega el comunicado, es una forma de violencia de g\u00e9nero, que afecta principalmente a las mujeres y ni\u00f1as, las cuales constituyen el 99 por ciento de las v\u00edctimas en la industria sexual comercial y el 58 por ciento de las personas tratadas en otros sectores.<\/p>\n\n\n\n<p class=\"wp-block-paragraph\"><strong>El senador proxeneta<\/strong><\/p>\n\n\n\n<p class=\"wp-block-paragraph\">En su doble moral (si es que la tiene) Ismael Cabeza de Vaca es, de acuerdo con diversos medios de comunicaci\u00f3n, un militante del PAN desde 2003. Fue regidor en su natal Reynosa y es el hermano \u201cchiquito\u201d del actual gobernador de Tamaulipas. Pertenece a una de esas \u201cbonitas familias\u201d de pol\u00edticos mexicanos donde, como dice la prensa de Tamaulipas, ellos pueden andar campantes en veh\u00edculos blindados, una opci\u00f3n que la mayor\u00eda de las personas no tienen y que viven su d\u00eda a d\u00eda con miedo.<\/p>\n\n\n\n<p class=\"wp-block-paragraph\">Los privilegios del poder para el m\u00e1s peque\u00f1o de los Cabeza de Vaca, hoy senador proxeneta que recientemente prometi\u00f3 a las tamaulipecas \u201cgarantizar el bienestar de las mujeres\u201d y claro, como se\u00f1ala la prensa en aquella entidad del 14 de junio pasado: El candidato de la coalici\u00f3n \u201cPor M\u00e9xico al Frente\u201d manifest\u00f3 que ahora es importante que las mujeres, como base de la familia, tengan las oportunidades necesarias para su desarrollo y crecimiento personal&#8230;y puedan sacar adelante a sus hijos.<\/p>\n\n\n\n<p class=\"wp-block-paragraph\">Las mujeres son, para el senador cavern\u00edcola, solo madres y no mujeres por s\u00ed mismas con derechos, as\u00ed lo demostr\u00f3 en su conversaci\u00f3n con el \u201cGero\u201d y \u201cManito\u201d, en su grupo de Whats App \u201cThree Amigos\u201d.<\/p>\n\n\n\n<p class=\"wp-block-paragraph\">Si este \u201cincidente\u201d que solo mereci\u00f3 una disculpa en tuiter por parte del senador tamaulipeco, no llega a m\u00e1s, no se castiga, incluso solicitando que se separe del cargo y que sea sustituido por su suplente, esperando que sea alguien mejor que \u00e9l, se patentizar\u00e1 la idea y realidad de la impunidad que rodea a la violencia de g\u00e9nero contra las mujeres en M\u00e9xico. Sin duda esta petici\u00f3n est\u00e1 en manos de las 63 senadoras.<\/p>\n\n\n\n<p class=\"wp-block-paragraph\"><strong>La ignorancia supina de V\u00e1squez Colmenares<\/strong><\/p>\n\n\n\n<p class=\"wp-block-paragraph\">Hace unos d\u00edas en una entrevista, Periodistas Oaxaca le pregunt\u00f3 a la titular de la Secretar\u00eda de la Mujer de Oaxaca, Ana Mar\u00eda V\u00e1squez Colmenares:<\/p>\n\n\n\n<ul class=\"wp-block-list\"><li>(PO) \u00bfCu\u00e1ntas mujeres han sido asesinadas violentamente?<\/li><li>(AVC) La verdad es que el dato no lo tengo porque hay n\u00fameros diversos en medios, ese es un dato que lo tendr\u00eda que dar la Fiscal\u00eda.<\/li><li>(PO) \u00bfQu\u00e9 ustedes no llevan un recuento?<\/li><li>No, es la Fiscal\u00eda porque nosotros no recibimos las denuncias y lo que aparece en prensa no necesariamente (\u00bf?) a veces hemos visto que la prensa reporta que sucede en territorio oaxaque\u00f1o y es en territorio chiapaneco.<\/li><\/ul>\n\n\n\n<p class=\"wp-block-paragraph\">El cinismo en voraz e insultante. Sin duda, a la se\u00f1ora secretaria de la Mujer Oaxaque\u00f1a, se le olvida que el pueblo y espec\u00edfico las mujeres, sabemos que no recibe las denuncias, pero deber\u00eda estar al tanto. Claro si le interesara la igualdad y s\u00ed, adem\u00e1s estar\u00eda obligada, considerando que la violencia de g\u00e9nero es resultado de la desigualdad entre hombres y mujeres. El problema es que cree, y lo vocifera, que a ella no le toca el \u201casunto de la violencia\u201d, que a ella le toca trabajar por la igualdad, donde por cierto deber\u00eda saberlo tambi\u00e9n esto se construye con el \u201cenfoque de g\u00e9nero\u201d mediante algo que es elemental: demostrar con datos desagregados \u2013estad\u00edsticas, cifras, n\u00fameros- que la desigualdad existe.<\/p>\n\n\n\n<p class=\"wp-block-paragraph\">Su ignorancia supina ha sido manifiesta y ha sido expresada por las parias, como ella considera a las militantes del feminismo que \u201cla atacan\u201d \u2013dice-, porque ella s\u00ed es inteligente, rica, bonita y, adem\u00e1s, la titular de la tan \u201cpeleada\u201d Secretar\u00eda de la Mujer Oaxaque\u00f1a.<\/p>\n\n\n\n<p class=\"wp-block-paragraph\">En poco tiempo el gobernador Alejandro Murat Hinojosa cumplir\u00e1 dos a\u00f1os de gobierno. Dos a\u00f1os de desaciertos para las oaxaque\u00f1as con esa cadena de funcionarias al frente de lo que deber\u00eda ser una real pol\u00edtica p\u00fablica para al menos disminuir la desigualdad, o que no se notara tanto el chipote que cada vez es m\u00e1s grande frente a la ineficiencia de quienes han estado absurdamente al frente de la Secretar\u00eda: Miriam Hern\u00e1ndez Liborio, Munira Vadillo Bravo y la actual y V\u00e1squez Colmenares. Ninguna de ellas consideradas con el perfil adecuado. Otra vez, las instituciones de las mujeres usadas como moneda de cambio.<\/p>\n\n\n\n<p class=\"wp-block-paragraph\">Pero todo se le sale de control a la Secretaria, no s\u00f3lo su falta de informaci\u00f3n a pesar de la existencia del Consejo bla-bla-bla creado ex profeso para desatender la Alerta de Violencia de G\u00e9nero contra las Mujeres, de la cual, cabe se\u00f1alar, es secretaria.<\/p>\n\n\n\n<p class=\"wp-block-paragraph\">Y la inconformidad crece en esa secretar\u00eda de marras. Esta semana circul\u00f3 en redes sociales una especie de organigrama \u2013y sin duda sali\u00f3 de la propia dependencia- donde se describe a cada una de las titulares, es decir, a la Secretaria V\u00e1squez Colmenares, quien se ocup\u00f3 m\u00e1s de la organizaci\u00f3n de la Guelaguetza pese a la ola de asesinatos contra mujeres; a la subsecretaria Ang\u00e9lica Avil\u00e9s, quien ocupa el cargo como pago a un favor pol\u00edtico a su hermano, operador pol\u00edtico y ex diputado, quien fue premiado como delegado de la Sedesol; y la subsecretaria Edna Liliana S\u00e1nchez Cort\u00e9s, quien fue una opositora a Murat Hinojosa como candidato a gobernador de Oaxaca y quien renunci\u00f3 muy r\u00e1pido a la Fiscal\u00eda Especializada para la Atenci\u00f3n de Delitos contra la Mujer por Raz\u00f3n de G\u00e9nero, sin resultado alguno.<\/p>\n\n\n\n<p class=\"wp-block-paragraph\">Esto ha provocado un enojo desmedido entre las funcionarias, que auguran que no se detendr\u00e1n hasta dar con la o el responsable de la publicaci\u00f3n. \u00a1Qu\u00e9 miedo! Gastando la p\u00f3lvora en infiernitos cuando tienen enfrente el drama de la desigualdad que provoca violencia de g\u00e9nero contra las mujeres y que contabiliza 223 casos, seg\u00fan el recuento hemerogr\u00e1fico de Consorcio Oaxaca. L\u00e1stima que la titular no lo sepa o se niega a saberlo.<\/p>\n","protected":false},"excerpt":{"rendered":"<p>El senador proxeneta \u2022 La impunidad latente Soledad Jarqu\u00edn Edgar SemM\u00e9xico, 27 septiembre 2018.- Si lo realizado por el senador panista Ismael Cabeza de Vaca con su grupo de amigos de WhatsApp no es trata sino una broma que solo merece una \u201cdisculpa\u201d sus redes sociales \u00bfEntonces qu\u00e9 es? \u00bfNo es la trata uno de [&hellip;]<\/p>\n","protected":false},"author":3,"featured_media":4108,"comment_status":"open","ping_status":"open","sticky":false,"template":"","format":"standard","meta":{"_monsterinsights_skip_tracking":false,"footnotes":""},"categories":[689,75,1],"tags":[],"class_list":["post-4125","post","type-post","status-publish","format-standard","has-post-thumbnail","category-689","category-soledad-jarquin-edgar","category-uncategorized"],"_links":{"self":[{"href":"https:\/\/redsemlac.com\/semmexico\/wp-json\/wp\/v2\/posts\/4125","targetHints":{"allow":["GET"]}}],"collection":[{"href":"https:\/\/redsemlac.com\/semmexico\/wp-json\/wp\/v2\/posts"}],"about":[{"href":"https:\/\/redsemlac.com\/semmexico\/wp-json\/wp\/v2\/types\/post"}],"author":[{"embeddable":true,"href":"https:\/\/redsemlac.com\/semmexico\/wp-json\/wp\/v2\/users\/3"}],"replies":[{"embeddable":true,"href":"https:\/\/redsemlac.com\/semmexico\/wp-json\/wp\/v2\/comments?post=4125"}],"version-history":[{"count":0,"href":"https:\/\/redsemlac.com\/semmexico\/wp-json\/wp\/v2\/posts\/4125\/revisions"}],"wp:featuredmedia":[{"embeddable":true,"href":"https:\/\/redsemlac.com\/semmexico\/wp-json\/wp\/v2\/media\/4108"}],"wp:attachment":[{"href":"https:\/\/redsemlac.com\/semmexico\/wp-json\/wp\/v2\/media?parent=4125"}],"wp:term":[{"taxonomy":"category","embeddable":true,"href":"https:\/\/redsemlac.com\/semmexico\/wp-json\/wp\/v2\/categories?post=4125"},{"taxonomy":"post_tag","embeddable":true,"href":"https:\/\/redsemlac.com\/semmexico\/wp-json\/wp\/v2\/tags?post=4125"}],"curies":[{"name":"wp","href":"https:\/\/api.w.org\/{rel}","templated":true}]}}