{"id":41247,"date":"2021-10-22T11:38:08","date_gmt":"2021-10-22T17:38:08","guid":{"rendered":"https:\/\/redsemlac.com\/semmexico\/?p=41247"},"modified":"2023-07-21T17:08:26","modified_gmt":"2023-07-21T22:08:26","slug":"proponen-a-elizabeth-sanchez-gonzalez-como-consejera-presidenta-del-ieepco","status":"publish","type":"post","link":"https:\/\/redsemlac.com\/semmexico\/proponen-a-elizabeth-sanchez-gonzalez-como-consejera-presidenta-del-ieepco\/","title":{"rendered":"Proponen a Elizabeth S\u00e1nchez Gonz\u00e1lez como consejera presidenta del IEEPCO"},"content":{"rendered":"\n<ul class=\"wp-block-list\"><li><strong>Colectivo por la Ciudadan\u00eda de las Mujeres reconoce su labor<\/strong><\/li><\/ul>\n\n\n\n<ul class=\"wp-block-list\"><li><strong>La alternancia en ese \u00f3rgano electoral fue determinada por el TEPJF<\/strong><\/li><\/ul>\n\n\n\n<p class=\"wp-block-paragraph\"><strong>Redacci\u00f3n<\/strong><\/p>\n\n\n\n<p class=\"wp-block-paragraph\">SemM\u00e9xico, Oaxaca, 22 de octubre, 2021.- El Colectivo por la Ciudadan\u00eda de las Mujeres (CCM) saluda que por primera vez una mujer ser\u00e1 nombrada como Consejera Presidenta del Instituto Estatal Electoral y de Participaci\u00f3n Ciudadana de Oaxaca (IEEPCO).<\/p>\n\n\n\n<p class=\"wp-block-paragraph\">En un comunicado de prensa, la organizaci\u00f3n de la sociedad civil que desde 2014 defiende y promueve los derechos de las mujeres, particularmente su derecho a la participaci\u00f3n pol\u00edtica, propone a la abogada feminista Elizabeth S\u00e1nchez Gonz\u00e1lez para ocupar el cargo de presidenta del IEEPCO.<\/p>\n\n\n\n<p class=\"wp-block-paragraph\">Con el nombramiento de una presidenta consejera se materializar\u00e1 la sentencia emitida por el Tribunal Electoral del Poder Judicial de la Federaci\u00f3n (TEPJF) dictada en mayo de este a\u00f1o, y que ordena la alternancia en el \u00f3rgano electoral.<\/p>\n\n\n\n<p class=\"wp-block-paragraph\">Si bien inicialmente el INE emiti\u00f3 una primera convocatoria, esta fue impugnada en mayo de 2021 a trav\u00e9s de un juicio promovido por las ciudadanas: Karla Gabriela Jim\u00e9nez Carrasco, Mar\u00eda Luisa Matus Pineda, Patricia P\u00e9rez S\u00e1nchez y Dagnia Luis Roa, quienes por propio derecho promovieron el juicio para la protecci\u00f3n de los derechos pol\u00edtico electorales del ciudadano ante la Junta Local Ejecutiva del INE en Oaxaca, a fin de revertir el acuerdo INE\/CG420\/2021, en espec\u00edfico lo que se refiere al estado y a la convocatoria respectiva.<\/p>\n\n\n\n<p class=\"wp-block-paragraph\">Elizabeth S\u00e1nchez Gonz\u00e1lezes zapoteca, originaria de Tlacolula de Matamoros, Abogada feminista, especialista en Derecho Electoral, Derechos humanos de las mujeres, Pluralismo Jur\u00eddico, Sistemas Normativos Ind\u00edgenas, Acceso a las mujeres a la tierra y a los cargos agrarios. Desde el Colectivo por la Ciudadan\u00eda de las Mujeres, reconocemos su trayectoria y compromiso con las mujeres y los pueblos y comunidades ind\u00edgenas y confiamos en que har\u00e1 un buen papel en beneficio de la ciudadan\u00eda oaxaque\u00f1a.<\/p>\n\n\n\n<p class=\"wp-block-paragraph\">SEM\/sj<\/p>\n","protected":false},"excerpt":{"rendered":"<p>La alternancia en ese \u00f3rgano electoral fue determinada por el TEPJF<\/p>\n","protected":false},"author":3,"featured_media":41248,"comment_status":"open","ping_status":"open","sticky":false,"template":"","format":"standard","meta":{"_monsterinsights_skip_tracking":false,"footnotes":""},"categories":[692,54],"tags":[146],"class_list":["post-41247","post","type-post","status-publish","format-standard","has-post-thumbnail","category-692","category-mujeres","tag-oaxaca"],"_links":{"self":[{"href":"https:\/\/redsemlac.com\/semmexico\/wp-json\/wp\/v2\/posts\/41247","targetHints":{"allow":["GET"]}}],"collection":[{"href":"https:\/\/redsemlac.com\/semmexico\/wp-json\/wp\/v2\/posts"}],"about":[{"href":"https:\/\/redsemlac.com\/semmexico\/wp-json\/wp\/v2\/types\/post"}],"author":[{"embeddable":true,"href":"https:\/\/redsemlac.com\/semmexico\/wp-json\/wp\/v2\/users\/3"}],"replies":[{"embeddable":true,"href":"https:\/\/redsemlac.com\/semmexico\/wp-json\/wp\/v2\/comments?post=41247"}],"version-history":[{"count":0,"href":"https:\/\/redsemlac.com\/semmexico\/wp-json\/wp\/v2\/posts\/41247\/revisions"}],"wp:featuredmedia":[{"embeddable":true,"href":"https:\/\/redsemlac.com\/semmexico\/wp-json\/wp\/v2\/media\/41248"}],"wp:attachment":[{"href":"https:\/\/redsemlac.com\/semmexico\/wp-json\/wp\/v2\/media?parent=41247"}],"wp:term":[{"taxonomy":"category","embeddable":true,"href":"https:\/\/redsemlac.com\/semmexico\/wp-json\/wp\/v2\/categories?post=41247"},{"taxonomy":"post_tag","embeddable":true,"href":"https:\/\/redsemlac.com\/semmexico\/wp-json\/wp\/v2\/tags?post=41247"}],"curies":[{"name":"wp","href":"https:\/\/api.w.org\/{rel}","templated":true}]}}