{"id":41207,"date":"2021-10-21T09:40:00","date_gmt":"2021-10-21T15:40:00","guid":{"rendered":"https:\/\/redsemlac.com\/semmexico\/?p=41207"},"modified":"2023-07-21T17:08:27","modified_gmt":"2023-07-21T22:08:27","slug":"por-fin-se-abre-la-puerta-para-la-interrupcion-legal-del-embarazo-en-todo-mexico","status":"publish","type":"post","link":"https:\/\/redsemlac.com\/semmexico\/por-fin-se-abre-la-puerta-para-la-interrupcion-legal-del-embarazo-en-todo-mexico\/","title":{"rendered":"Por fin, se abre la puerta para la Interrupci\u00f3n Legal del Embarazo en todo M\u00e9xico"},"content":{"rendered":"\n<ul class=\"wp-block-list\"><li><strong>Breve cronolog\u00eda del aborto en M\u00e9xico 2000-2021<\/strong><\/li><\/ul>\n\n\n\n<p class=\"wp-block-paragraph\"><strong>Alicia Mendoza Guerra*<\/strong><\/p>\n\n\n\n<p class=\"wp-block-paragraph\">SemM\u00e9xico, 21 de octubre, 2021.- En dos d\u00e9cadas de lucha, propuestas, movilizaciones en M\u00e9xico est\u00e1 abierta la puerta legal para que las mujeres accedan, sin ser criminalizadas a su derecho a una interrupci\u00f3n legal, segura y sana interrupci\u00f3n de un embarazo no deseado.<\/p>\n\n\n\n<p class=\"wp-block-paragraph\">Para beneficio de nuestras lectoras, extraemos del m\u00e1s reciente n\u00famero de Cuadernos Feministas n\u00famero 28.<\/p>\n\n\n\n<p class=\"wp-block-paragraph\">&#8211; 2000. Caso Paulina. GIRE y el grupo Ala\u00edde Foppa impulsaron una campa\u00f1a por la reparaci\u00f3n del da\u00f1o a Paulina, adolescente de 13 a\u00f1os violada en Baja California en 1999, que fue obligada a seguir el embarazo. Seis a\u00f1os despu\u00e9s el Gobierno Federal y Paulina firmaron un \u201cacuerdo de soluci\u00f3n amistosa\u201d ante la Comisi\u00f3n Interamericana de Derechos Humanos (CIDH), el gobierno de Baja California hizo un reconocimiento p\u00fablico de responsabilidad por haber obstaculizado el derecho de Paulina, y ella pidi\u00f3 como reparaci\u00f3n del da\u00f1o \u201cpol\u00edticas p\u00fablicas y leyes para que nunca otra mujer pase por lo que ella pas\u00f3\u201d.1<\/p>\n\n\n\n<p class=\"wp-block-paragraph\">&#8211; 13 agosto 2000. En Guanajuato, legisladores del PAN eliminaron el aborto por violaci\u00f3n del C\u00f3digo Penal y castigar hasta con 8 a\u00f1os a las mujeres que lo practicaran. La presi\u00f3n local e internacional feminista logr\u00f3 que el 29 de agosto de 2000, el gobernador de Guanajuato vetara la reforma.2<\/p>\n\n\n\n<p class=\"wp-block-paragraph\">&#8211; 18 agosto 2000. Ley Robles. La Asamblea Legislativa del Distrito Federal (ALDF) aprueba la reforma al C\u00f3digo Penal del Distrito Federal que incluy\u00f3 3 causales: grave riesgo a la salud de la mujer, malformaciones del producto e invalidez de un embarazo por una inseminaci\u00f3n artificial no consentida.3<\/p>\n\n\n\n<p class=\"wp-block-paragraph\">&#8211; 25 septiembre 2000. 17 diputados del PAN y cinco del PVEM interpusieron un juicio de inconstitucionalidad contra la Ley Robles. El 29 enero 2002. La Suprema Corte de Justicia de la Naci\u00f3n (SCJN) resolvi\u00f3 la no inconstitucionalidad, la reforma fue ratificada y la Ley Robles entr\u00f3 en vigor.<\/p>\n\n\n\n<p class=\"wp-block-paragraph\">&#8211; 26 diciembre 2003. La ALDF vot\u00f3 nuevas reformas e increment\u00f3 el castigo para quien hiciera abortar a una mujer sin su consentimiento, la objeci\u00f3n de conciencia y la supresi\u00f3n del delito del aborto en ciertas causales legales \u201cse excluye la responsabilidad penal en el delito de aborto\u201d. La ley entr\u00f3 en vigor el 27 de enero del 2004.4<\/p>\n\n\n\n<p class=\"wp-block-paragraph\">&#8211; 24 abril 2007. La ALDF aprob\u00f3 la Interrupci\u00f3n Legal del Embarazo (ILE) hasta la semana 12 de gestaci\u00f3n e incluye mecanismos para la impartici\u00f3n de servicios de salud adecuados. La reforma consisti\u00f3 en la modificaci\u00f3n de los art\u00edculos 144, 145, 146, 147 y 148 del C\u00f3digo Penal del Distrito Federal, as\u00ed como los art\u00edculos 16 bis 6, y tercer p\u00e1rrafo, y 16 bis 8 de la Ley de Salud del DF.<\/p>\n\n\n\n<p class=\"wp-block-paragraph\">&#8211; 24 y 25 mayo 2007. La Comisi\u00f3n Nacional de los Derechos Humanos (CNDH) y la Procuradur\u00eda General de la Rep\u00fablica (PGR) interpusieron acciones de inconstitucionalidad ante la Suprema Corte de Justicia de la Naci\u00f3n, 146\/2007 y 147\/2007.<\/p>\n\n\n\n<p class=\"wp-block-paragraph\">&#8211; 28 agosto 2008. El pleno de la SCJN resolvi\u00f3 las acciones de inconstitucionalidad 146\/2007 y 147\/2007, y por mayor\u00eda de ocho votos determinaron que son constitucionales los art\u00edculos impugnados sobre la ILE en el Distrito Federal (ahora Ciudad de M\u00e9xico).<\/p>\n\n\n\n<p class=\"wp-block-paragraph\">&#8211; 2008. En respuesta a la despenalizaci\u00f3n del aborto en la Ciudad de M\u00e9xico, grupos conservadores (PAN) comenzaron una oleada de contrarreformas a las constituciones locales de los estados para \u201cproteger la vida desde la concepci\u00f3n hasta la muerte natural\u201d. Morelos y Baja California en 2008. Colima, Sonora, Quintana Roo, Guanajuato, Durango, Puebla, Nayarit, Jalisco, Yucat\u00e1n, San Luis Potos\u00ed, Oaxaca y Quer\u00e9taro en 2009. Chiapas y Tamaulipas en 2010. Veracruz en 2017. Sinaloa en 2018. Nuevo Le\u00f3n en 2019.5<\/p>\n\n\n\n<p class=\"wp-block-paragraph\">&#8211; 27 mayo 2010. La SCJN resolvi\u00f3 que la anticoncepci\u00f3n de emergencia es un m\u00e9todo anticonceptivo y que s\u00ed es constitucional que se establezca su suministro en una Norma Oficial Mexicana de cumplimiento obligatorio para las instancias federales, estatales y municipales, por lo tanto, obligatoria para las autoridades del estado de Jalisco, pues no se trata de un \u201caborto qu\u00edmico\u201d.6<\/p>\n\n\n\n<p class=\"wp-block-paragraph\">&#8211; 7 septiembre 2010. Entr\u00f3 en vigor una reforma al C\u00f3digo Penal de Guanajuato, para el delito de homicidio en raz\u00f3n de parentesco, que redujo de 35 a ocho a\u00f1os de c\u00e1rcel. Con esta reforma fueron liberadas una por una las campesinas Mar\u00eda Araceli Camargo Ju\u00e1rez, Ofelia Segura Fr\u00edas, Yolanda Mart\u00ednez Montoya, Liliana Morales Moreno, Ana Rosa Padr\u00f3n Alarc\u00f3n, Bonifacia Andrade y Susana Due\u00f1as Rocha.7<\/p>\n\n\n\n<p class=\"wp-block-paragraph\">&#8211; 28 septiembre 2011. La SCJN resolvi\u00f3 la validez de las reformas a las constituciones de los estados de Baja California y San Luis Potos\u00ed que protegen la vida desde el momento de la concepci\u00f3n, pero se argument\u00f3 que dicha protecci\u00f3n tiene que ser compatible con los derechos de las mujeres.8<\/p>\n\n\n\n<p class=\"wp-block-paragraph\">&#8211; septiembre 2014. La SCJN orden\u00f3 la libertad inmediata de Adriana, una mujer ind\u00edgena denunciada por su propia familia tras haber tenido un aborto y sentenciada a 22 a\u00f1os de prisi\u00f3n por el delito de homicidio calificado, pues la Corte resolvi\u00f3 la violaci\u00f3n a los derechos a la defensa adecuada y a la presunci\u00f3n de inocencia.9<\/p>\n\n\n\n<p class=\"wp-block-paragraph\">&#8211; 18 abril 2018. La SCJN reconoci\u00f3 que negar el servicio m\u00e9dico de interrupci\u00f3n del embarazo producto de una violaci\u00f3n sexual, constituye una violaci\u00f3n a sus derechos reproductivos. Adem\u00e1s, resalt\u00f3 la obligaci\u00f3n, de acuerdo con la Ley General de V\u00edctimas, de reparar las violaciones de derechos humanos que sufrieron Marimar y su familia, de manera oportuna, integral y efectiva.1<sup>0<\/sup><\/p>\n\n\n\n<p class=\"wp-block-paragraph\">&#8211; Abril 2019. La SCJN reafirm\u00f3 que negar el servicio m\u00e9dico de interrupci\u00f3n del embarazo producto de una violaci\u00f3n sexual, constituye una violaci\u00f3n a sus derechos humanos. Asimismo, se orden\u00f3 a la Comisi\u00f3n Ejecutiva de Atenci\u00f3n a V\u00edctimas que individualice la reparaci\u00f3n de acuerdo con las necesidades espec\u00edficas del caso.1<sup>1<\/sup><\/p>\n\n\n\n<p class=\"wp-block-paragraph\">&#8211; Mayo 2019. La SCJN otorg\u00f3 el amparo a Margarita, una mujer derechohabiente del ISSSTE a quien el Centro M\u00e9dico Nacional 20 de noviembre le neg\u00f3 el acceso a la interrupci\u00f3n del embarazo a pesar de que \u00e9ste le pod\u00eda causar complicaciones en su salud, incluso la muerte. La Corte afirm\u00f3 que, con esa negativa, se viol\u00f3 su derecho a la salud, vinculado con su derecho a la vida, a la integridad personal, a la no discriminaci\u00f3n y a la autonom\u00eda reproductiva.1<sup>2<\/sup><\/p>\n\n\n\n<p class=\"wp-block-paragraph\">&#8211; 25 septiembre 2019. El Congreso del estado de Oaxaca despenaliz\u00f3 el aborto en la entidad hasta la 12 semana de gestaci\u00f3n. Es el segundo estado del pa\u00eds en despenalizar el aborto.1<sup>3<\/sup><\/p>\n\n\n\n<p class=\"wp-block-paragraph\">&#8211; 30 junio 2021. El Congreso del estado de Hidalgo aprueba la ILE hasta las 12 semanas de gestaci\u00f3n. Es la tercera entidad en despenalizar el aborto voluntario en el pa\u00eds.1<sup>4<\/sup><\/p>\n\n\n\n<p class=\"wp-block-paragraph\">&#8211;&nbsp; 20 julio 2021. El Congreso del Estado de Veracruz aprob\u00f3 que no hay delito de aborto antes de las 12 semanas de gestaci\u00f3n. Es el cuarto estado en despenalizar el aborto.1<sup>5<\/sup><\/p>\n\n\n\n<p class=\"wp-block-paragraph\">&#8211; 7 septiembre 2021. El Pleno de la SCJN resolvi\u00f3 por unanimidad que es inconstitucional criminalizar el aborto de manera absoluta. Y se pronunci\u00f3 por primera vez a favor de garantizar el derecho de las mujeres y personas gestantes a decidir, sin enfrentar consecuencias penales. Declar\u00f3 la invalidez del art\u00edculo 196 del C\u00f3digo Penal de Coahuila que establec\u00eda una pena de prisi\u00f3n a la mujer que voluntariamente practicara su aborto.1<sup>6<\/sup><\/p>\n\n\n\n<p class=\"wp-block-paragraph\">&#8211; 9 septiembre 2021. La SCJN invalid\u00f3 la protecci\u00f3n del derecho a la vida \u201cdesde el momento en que un individuo es concebido\u201d de la constituci\u00f3n de Sinaloa. Tambi\u00e9n consider\u00f3 que las entidades federativas carecen de competencia para definir el origen de la vida humana, el concepto de \u201cpersona\u201d y la titularidad de los derechos humanos, pues ello corresponde en exclusiva a la Constituci\u00f3n General.1<sup>7<\/sup><\/p>\n\n\n\n<p class=\"wp-block-paragraph\">&#8211; 20 septiembre 2021. La Suprema Corte invalid\u00f3 el art\u00edculo 10 Bis de la Ley General de Salud que establec\u00eda de forma amplia la objeci\u00f3n de conciencia del personal m\u00e9dico y de enfermer\u00eda que forme parte del Sistema Nacional de Salud.1<sup>8<\/sup><\/p>\n\n\n\n<p class=\"wp-block-paragraph\">Notas a pie:<\/p>\n\n\n\n<p class=\"wp-block-paragraph\">1 Lourdes Enr\u00edquez y Claudia de Alba, <em>Despenalizaci\u00f3n del aborto en la ciudad de M\u00e9xico. <\/em>UNAM, M\u00e9xico, 2008, p. 18.<\/p>\n\n\n\n<p class=\"wp-block-paragraph\">2 Susana Lerner, Agn\u00e9s Guillaume y Luc\u00eda Melgar, <em>Realidades y falacias en torno al aborto<\/em>, El Colmex, M\u00e9xico, 2016, p. 71.<\/p>\n\n\n\n<p class=\"wp-block-paragraph\">3 Lourdes Enr\u00edquez y Claudia de Alba, <em>Despenalizaci\u00f3n del aborto\u2026, op. cit. <\/em>p. 19.<\/p>\n\n\n\n<p class=\"wp-block-paragraph\">4<em> Ibidem<\/em>.<\/p>\n\n\n\n<p class=\"wp-block-paragraph\">5 GIRE, Constituciones que protegen la vida desde la concepci\u00f3n. <a href=\"https:\/\/gire.org.mx\/plataforma\/constituciones-que-protegen-la-vida-desde-la-concepcion\/\">https:\/\/gire.org.mx\/plataforma\/constituciones-que-protegen-la-vida-desde-la-concepcion\/<\/a><\/p>\n\n\n\n<p class=\"wp-block-paragraph\">6 GIRE, Aborto y la SCJN: l\u00ednea del tiempo. <a href=\"https:\/\/gire.org.mx\/plataforma\/linea-del-tiempo-aborto-y-la-scjn\/\">https:\/\/gire.org.mx\/plataforma\/linea-del-tiempo-aborto-y-la-scjn\/<\/a><\/p>\n\n\n\n<p class=\"wp-block-paragraph\">7 Carlos Garc\u00eda, \u201cLiberan a siete guanajuatenses encarceladas por haber abortado\u201d, <em>La Jornada, <\/em>8 de septiembre 2010. <a href=\"https:\/\/www.jornada.com.mx\/2010\/09\/08\/estados\/031n1est\">https:\/\/www.jornada.com.mx\/2010\/09\/08\/estados\/031n1est<\/a><\/p>\n\n\n\n<p class=\"wp-block-paragraph\">8 GIRE, Aborto y la SCJN: l\u00ednea del tiempo. <a href=\"https:\/\/gire.org.mx\/plataforma\/linea-del-tiempo-aborto-y-la-scjn\/\">https:\/\/gire.org.mx\/plataforma\/linea-del-tiempo-aborto-y-la-scjn\/<\/a><\/p>\n\n\n\n<p class=\"wp-block-paragraph\">9 GIRE, Aborto y la SCJN: l\u00ednea del tiempo&#8230;, <em>op. cit.<\/em><\/p>\n\n\n\n<p class=\"wp-block-paragraph\">10 <em>Ibid.<\/em><\/p>\n\n\n\n<p class=\"wp-block-paragraph\">11 <em>Ibid.<\/em><\/p>\n\n\n\n<p class=\"wp-block-paragraph\">12 <em>Ibid<\/em>.<\/p>\n\n\n\n<p class=\"wp-block-paragraph\">13 Patricia Brice\u00f1o, \u201cOaxaca hace historia; se convierte en el segundo estado del pa\u00eds en despenalizar el aborto\u201d, <em>SEMM\u00c9XICO<\/em>, 25 de septiembre 2019. <a href=\"https:\/\/redsemlac.com\/semmexico\/oaxaca-57\/\">https:\/\/redsemlac.com\/semmexico\/oaxaca-57\/<\/a><\/p>\n\n\n\n<p class=\"wp-block-paragraph\">14 Elda Montiel, \u201cEs Ley, la despenalizaci\u00f3n del aborto en Hidalgo\u201d, <em>SEMM\u00c9XICO<\/em>, 1 de julio de 2019.<\/p>\n\n\n\n<p class=\"wp-block-paragraph\">15 Ana Alicia Osorio, \u201cAborto legal hasta las 12 semanas, aprueba el Congreso de Veracruz\u201d, <em>SEMM\u00c9XICO<\/em>, 20 de julio 2021.<\/p>\n\n\n\n<p class=\"wp-block-paragraph\">16 SCJN, \u201cSuprema Corte declara inconstitucional la criminalizaci\u00f3n total del aborto\u201d, 7 de septiembre 2021. <a href=\"https:\/\/www.internet2.scjn.gob.mx\/red2\/comunicados\/noticia.asp?id=6579\">https:\/\/www.internet2.scjn.gob.mx\/red2\/comunicados\/noticia.asp?id=6579<\/a><\/p>\n\n\n\n<p class=\"wp-block-paragraph\">17 SCJN, \u201cSCJN invalida disposici\u00f3n de la constituci\u00f3n de Sinaloa que tutelaba el derecho a la vida desde la concepci\u00f3n y limitaba el derecho de las mujeres a la autonom\u00eda reproductiva\u201d, 9 de septiembre 2021. <a href=\"https:\/\/www.internet2.scjn.gob.mx\/red2\/comunicados\/noticia.asp?id=6581\">https:\/\/www.internet2.scjn.gob.mx\/red2\/comunicados\/noticia.asp?id=6581<\/a><\/p>\n\n\n\n<p class=\"wp-block-paragraph\">18 SCJN, \u201cLa SCJN invalida precepto de la ley general de salud que preve\u00eda la objeci\u00f3n de conciencia del personal m\u00e9dico y de enfermer\u00eda sin establecer las salvaguardas necesarias para garantizar el derecho a la salud\u201d, 20 de septiembre 2021.<\/p>\n\n\n\n<p class=\"wp-block-paragraph\">*Reportera feminista, colabor\u00f3 en SemM\u00e9xico y est\u00e1 elaborando un largo ensayo sobre el aborto en M\u00e9xico.<\/p>\n\n\n\n<p class=\"wp-block-paragraph\">** Texto publicado en el n\u00famero 28 de Cuadernos Feministas, 19 de octubre 2021.<\/p>\n","protected":false},"excerpt":{"rendered":"<p>Breve cronolog\u00eda del aborto en M\u00e9xico 2000-2021<\/p>\n","protected":false},"author":3,"featured_media":40396,"comment_status":"open","ping_status":"open","sticky":false,"template":"","format":"standard","meta":{"_monsterinsights_skip_tracking":false,"footnotes":""},"categories":[692,54],"tags":[149],"class_list":["post-41207","post","type-post","status-publish","format-standard","has-post-thumbnail","category-692","category-mujeres","tag-mujeres"],"_links":{"self":[{"href":"https:\/\/redsemlac.com\/semmexico\/wp-json\/wp\/v2\/posts\/41207","targetHints":{"allow":["GET"]}}],"collection":[{"href":"https:\/\/redsemlac.com\/semmexico\/wp-json\/wp\/v2\/posts"}],"about":[{"href":"https:\/\/redsemlac.com\/semmexico\/wp-json\/wp\/v2\/types\/post"}],"author":[{"embeddable":true,"href":"https:\/\/redsemlac.com\/semmexico\/wp-json\/wp\/v2\/users\/3"}],"replies":[{"embeddable":true,"href":"https:\/\/redsemlac.com\/semmexico\/wp-json\/wp\/v2\/comments?post=41207"}],"version-history":[{"count":0,"href":"https:\/\/redsemlac.com\/semmexico\/wp-json\/wp\/v2\/posts\/41207\/revisions"}],"wp:featuredmedia":[{"embeddable":true,"href":"https:\/\/redsemlac.com\/semmexico\/wp-json\/wp\/v2\/media\/40396"}],"wp:attachment":[{"href":"https:\/\/redsemlac.com\/semmexico\/wp-json\/wp\/v2\/media?parent=41207"}],"wp:term":[{"taxonomy":"category","embeddable":true,"href":"https:\/\/redsemlac.com\/semmexico\/wp-json\/wp\/v2\/categories?post=41207"},{"taxonomy":"post_tag","embeddable":true,"href":"https:\/\/redsemlac.com\/semmexico\/wp-json\/wp\/v2\/tags?post=41207"}],"curies":[{"name":"wp","href":"https:\/\/api.w.org\/{rel}","templated":true}]}}