{"id":41195,"date":"2021-10-20T14:12:40","date_gmt":"2021-10-20T20:12:40","guid":{"rendered":"https:\/\/redsemlac.com\/semmexico\/?p=41195"},"modified":"2023-07-21T17:08:28","modified_gmt":"2023-07-21T22:08:28","slug":"aparente-suicidio-de-dos-ninas-en-oaxaca","status":"publish","type":"post","link":"https:\/\/redsemlac.com\/semmexico\/aparente-suicidio-de-dos-ninas-en-oaxaca\/","title":{"rendered":"Aparente suicidio de dos ni\u00f1as en Oaxaca"},"content":{"rendered":"\n<ul class=\"wp-block-list\"><li><strong>La tragedia podr\u00eda estar vincula un reto viral<\/strong><\/li><\/ul>\n\n\n\n<p class=\"wp-block-paragraph\"><strong>Patricia Brise\u00f1o<\/strong><\/p>\n\n\n\n<p class=\"wp-block-paragraph\">SemM\u00e9xico, Oaxaca, 20 de octubre, 2021.- Elementos de la Agencia Estatal de Investigaciones y peritos de la Fiscal\u00eda General del Estado (FGEO) realizaron esta ma\u00f1ana el levantamiento de los cuerpos de dos ni\u00f1as, de 9 y 11 a\u00f1os de edad, quienes aparentemente se quitaron la vida al interior de su domicilio.<\/p>\n\n\n\n<p class=\"wp-block-paragraph\">De acuerdo con los primeros reportes las dos menores ten\u00edan una cuerda sujeta en el cuello y pend\u00edan del barandal de las escaleras en su vivienda, en la colonia Monte Alb\u00e1n, al poniente de la ciudad de Oaxaca.<\/p>\n\n\n\n<p class=\"wp-block-paragraph\">Seg\u00fan versiones estos hechos podr\u00edan estar vinculados al reto viral &#8216;blackout challenge&#8217; (desaf\u00edo de desmayo), un supuesto juego que consiste en sujetar una cuerda en el cuello hasta perder el conocimiento, que se ha popularizado en distintas partes del mundo, a trav\u00e9s de la red social Tik Tok.<\/p>\n\n\n\n<p class=\"wp-block-paragraph\">La Fiscal\u00eda habr\u00e1 de valorar la pr\u00e1ctica de la necropsia, en caso de que se compruebe suicidio se dispensa y turna a los Servicios de Salud de Oaxaca.<\/p>\n\n\n\n<p class=\"wp-block-paragraph\">SEM\/pb\/sj<\/p>\n","protected":false},"excerpt":{"rendered":"<p>La tragedia podr\u00eda estar vincula un reto viral<\/p>\n","protected":false},"author":3,"featured_media":41196,"comment_status":"open","ping_status":"open","sticky":false,"template":"","format":"standard","meta":{"_monsterinsights_skip_tracking":false,"footnotes":""},"categories":[692,54],"tags":[146],"class_list":["post-41195","post","type-post","status-publish","format-standard","has-post-thumbnail","category-692","category-mujeres","tag-oaxaca"],"_links":{"self":[{"href":"https:\/\/redsemlac.com\/semmexico\/wp-json\/wp\/v2\/posts\/41195","targetHints":{"allow":["GET"]}}],"collection":[{"href":"https:\/\/redsemlac.com\/semmexico\/wp-json\/wp\/v2\/posts"}],"about":[{"href":"https:\/\/redsemlac.com\/semmexico\/wp-json\/wp\/v2\/types\/post"}],"author":[{"embeddable":true,"href":"https:\/\/redsemlac.com\/semmexico\/wp-json\/wp\/v2\/users\/3"}],"replies":[{"embeddable":true,"href":"https:\/\/redsemlac.com\/semmexico\/wp-json\/wp\/v2\/comments?post=41195"}],"version-history":[{"count":0,"href":"https:\/\/redsemlac.com\/semmexico\/wp-json\/wp\/v2\/posts\/41195\/revisions"}],"wp:featuredmedia":[{"embeddable":true,"href":"https:\/\/redsemlac.com\/semmexico\/wp-json\/wp\/v2\/media\/41196"}],"wp:attachment":[{"href":"https:\/\/redsemlac.com\/semmexico\/wp-json\/wp\/v2\/media?parent=41195"}],"wp:term":[{"taxonomy":"category","embeddable":true,"href":"https:\/\/redsemlac.com\/semmexico\/wp-json\/wp\/v2\/categories?post=41195"},{"taxonomy":"post_tag","embeddable":true,"href":"https:\/\/redsemlac.com\/semmexico\/wp-json\/wp\/v2\/tags?post=41195"}],"curies":[{"name":"wp","href":"https:\/\/api.w.org\/{rel}","templated":true}]}}