{"id":41192,"date":"2021-10-20T14:04:10","date_gmt":"2021-10-20T20:04:10","guid":{"rendered":"https:\/\/redsemlac.com\/semmexico\/?p=41192"},"modified":"2023-07-21T17:08:28","modified_gmt":"2023-07-21T22:08:28","slug":"politica-de-genero-feminicidio-aborto-y-accion-feminista-en-el-numero-28-de-cuadernos-feministas","status":"publish","type":"post","link":"https:\/\/redsemlac.com\/semmexico\/politica-de-genero-feminicidio-aborto-y-accion-feminista-en-el-numero-28-de-cuadernos-feministas\/","title":{"rendered":"Pol\u00edtica de g\u00e9nero, feminicidio, aborto y acci\u00f3n feminista en el n\u00famero 28 de Cuadernos Feministas"},"content":{"rendered":"\n<ul class=\"wp-block-list\"><li><strong>La nueva entrega podr\u00e1 leerse y disfrutarse digitalmente en este portal<\/strong><\/li><\/ul>\n\n\n\n<p class=\"wp-block-paragraph\"><strong>Sara Lovera<\/strong><\/p>\n\n\n\n<p class=\"wp-block-paragraph\">SemM\u00e9xico, Cd. de M\u00e9xico, 20 de octubre, 2021.- Los acontecimientos m\u00e1s significativos de la movilizaci\u00f3n feminista en M\u00e9xico, con cr\u00edtica, informaci\u00f3n y reflexi\u00f3n aparecen hoy en el n\u00famero 28 de Cuadernos Feministas que dirige Josefina Ch\u00e1vez Rodr\u00edguez, hace 24 a\u00f1os.<\/p>\n\n\n\n<p class=\"wp-block-paragraph\">Una publicaci\u00f3n de debate y discusi\u00f3n feminista este a\u00f1o presenta la versi\u00f3n sobre las tres trascendentes e hist\u00f3ricas resoluciones de la Suprema Corte sobre el derecho al aborto con una cronolog\u00eda pedag\u00f3gica.<\/p>\n\n\n\n<p class=\"wp-block-paragraph\">Contiene la cr\u00f3nica sobre la pol\u00edtica confrontativa de la actual administraci\u00f3n en el caminar de la acci\u00f3n feminista y los derechos econ\u00f3micos y laborales para las mujeres urbanas, rurales e ind\u00edgenas desde varios puntos de vista; la resignificaci\u00f3n del feminicidio imparable; los atisbos de las madres en busca de sus hijos y la permanente simulaci\u00f3n desde los gobiernos sobre la pol\u00edtica feminista.<\/p>\n\n\n\n<p class=\"wp-block-paragraph\">En este n\u00famero adem\u00e1s se analiza c\u00f3mo ha impactado la pandemia del Covid 19, lo que sucede en Chiapas y un par de an\u00e1lisis profundos de la reaparici\u00f3n de la derecha, su oportunismo en M\u00e9xico y Estados Unidos y por supuesto temas de sexualidad y qu\u00e9 leer.<\/p>\n\n\n\n<p class=\"wp-block-paragraph\">Los textos elaborados por un cumulo de acad\u00e9micas, activistas, historiadoras y periodistas en los ya 24 a\u00f1os de esta mirada editorial y de debate. &nbsp;Importante la mirada del feminismo transfronterizo y no deja de verse a Europa en pleno siglo 21.<\/p>\n\n\n\n<p class=\"wp-block-paragraph\">Escriben ahora en la revista que ya est\u00e1 en circulaci\u00f3n: Alicia Mendoza Guerra, Sylvia Marcos Josefina Ch\u00e1vez Rodr\u00edguez, Susana Vidales, Ver\u00f3nica Cruz S\u00e1nchez, Rosal\u00eda Cruz S\u00e1nchez, Paola Fern\u00e1ndez Lozano, Lucely Cervantes P\u00e9rez, Sara Lovera L\u00f3pez, Ma. Elisa Villaescusa Valencia, Guadalupe L\u00f3pez Garc\u00eda, Aim\u00e9e Vega Montiel, Iv\u00e1n Rubinstein, Julia P\u00e9rez, Elizabeth Maier, Roc\u00edo Duque y Eugenia Vigil Escalera. Textos excelentemente editados por Ana Mar\u00eda Hern\u00e1ndez L\u00f3pez.<\/p>\n\n\n\n<p class=\"wp-block-paragraph\">Esta nueva entrega de <em>Cuadernos Feministas n\u00famero 28<\/em>, es de indispensable lectura &#8211; aqu\u00ed en este portal puede leerse completa- y tiene la relevancia de aportar desde diferentes enfoques te\u00f3ricos y pol\u00edticos, reflexiones de una variedad de tem\u00e1ticas y debates, recuperaci\u00f3n hist\u00f3rica necesaria para quienes militan en el feminismo o realizan tareas acad\u00e9micas y para el p\u00fablico en general.<\/p>\n\n\n\n<p class=\"wp-block-paragraph\">La directora de Cuadernos Feministas se\u00f1ala que estas aportaciones contribuyen con nuevas rutas y cuestionamientos cr\u00edticos, que al mismo tiempo que motivan a di\u00e1logos abiertos en el horizonte de riqueza del pensamiento y la pr\u00e1ctica del feminismo.<\/p>\n\n\n\n<p class=\"wp-block-paragraph\">Destaca que al cierre de la presente edici\u00f3n ocurri\u00f3 un acontecimiento hist\u00f3rico que ameritar\u00eda un n\u00famero completo. Las sentencias de la Suprema Corte de Justicia de la Naci\u00f3n (SCJN), aprobadas en los primeros d\u00edas de septiembre, mismas que son un gran logro, despu\u00e9s de d\u00e9cadas de lucha del movimiento feminista. Entre la sorpresa y el j\u00fabilo, feministas de todos los estados difundieron la noticia, se organizaron foros de informaci\u00f3n, an\u00e1lisis e interpretaciones de dichas sentencias.<\/p>\n\n\n\n<p class=\"wp-block-paragraph\">El bloque de sentencias aprobadas, es un avance pues est\u00e1n reconociendo, con rango constitucional, la libertad y la autonom\u00eda reproductiva de las mujeres y personas gestantes, el derecho a la interrupci\u00f3n del embarazo y la eliminaci\u00f3n de los obst\u00e1culos que impidan el ejercicio de este derecho en el caso de la objeci\u00f3n de conciencia.<\/p>\n\n\n\n<p class=\"wp-block-paragraph\">Lo que hoy urge es la eliminaci\u00f3n de las constituciones estatales del \u201cderecho a la vida desde la concepci\u00f3n\u201d, que han sido promovidas en los \u00faltimos a\u00f1os por los grupos de la ultraderecha con la complicidad de diputados del PAN y el PRI y diputados de algunas de las \u201cizquierdas\u201d como estrategias legislativas que han propiciado ambientes intimidatorios y en contra de los derechos sexuales y reproductivos de las mujeres.<\/p>\n\n\n\n<p class=\"wp-block-paragraph\">Se hace notar que este triunfo, de impacto nacional, se suma a la despenalizaci\u00f3n en los estados de Oaxaca (2019), Veracruz e Hidalgo (2021).<\/p>\n\n\n\n<p class=\"wp-block-paragraph\">Cuadernos Feministas ha sido un esfuerzo continuado de un grupo de activistas que reaccionaron el primero de enero de 1994, con las mujeres el Ej\u00e9rcito Zapatista de Liberaci\u00f3n Nacional, al comienzo de una nueva etapa para el feminismo mexicano, revista que a lo largo de m\u00e1s de dos d\u00e9cadas, ha documentado los cambios m\u00e1s significativos del accionar de las mujeres, en todos los \u00e1mbitos, aportando miradas comprometidas que \u00a0ya de lectura obligada para entender las contribuciones sistem\u00e1ticas de un movimiento, como el feminista, sus historias y sus avances y retrocesos. El movimiento feminista es el \u00fanico internacional y actuante para los cambios sociales y democr\u00e1ticos en todo el mundo, desde sus diferentes expresiones, enfoques y estrategias. Es quiz\u00e1 el movimiento que est\u00e1 encabezando las transformaciones sociales del presente y el futuro.<\/p>\n\n\n\n<h2 class=\"wp-block-heading\"><a href=\"https:\/\/redsemlac.com\/semmexico\/wp-content\/uploads\/2021\/10\/CUADERNFEMINIS-38_DIG.pdf\" target=\"_blank\" rel=\"noreferrer noopener\">Desc\u00e1rgala aqu\u00ed<\/a><\/h2>\n","protected":false},"excerpt":{"rendered":"<p>La nueva entrega podr\u00e1 leerse y disfrutarse digitalmente en este portal<\/p>\n","protected":false},"author":3,"featured_media":41193,"comment_status":"open","ping_status":"open","sticky":false,"template":"","format":"standard","meta":{"_monsterinsights_skip_tracking":false,"footnotes":""},"categories":[692,54],"tags":[149],"class_list":["post-41192","post","type-post","status-publish","format-standard","has-post-thumbnail","category-692","category-mujeres","tag-mujeres"],"_links":{"self":[{"href":"https:\/\/redsemlac.com\/semmexico\/wp-json\/wp\/v2\/posts\/41192","targetHints":{"allow":["GET"]}}],"collection":[{"href":"https:\/\/redsemlac.com\/semmexico\/wp-json\/wp\/v2\/posts"}],"about":[{"href":"https:\/\/redsemlac.com\/semmexico\/wp-json\/wp\/v2\/types\/post"}],"author":[{"embeddable":true,"href":"https:\/\/redsemlac.com\/semmexico\/wp-json\/wp\/v2\/users\/3"}],"replies":[{"embeddable":true,"href":"https:\/\/redsemlac.com\/semmexico\/wp-json\/wp\/v2\/comments?post=41192"}],"version-history":[{"count":0,"href":"https:\/\/redsemlac.com\/semmexico\/wp-json\/wp\/v2\/posts\/41192\/revisions"}],"wp:featuredmedia":[{"embeddable":true,"href":"https:\/\/redsemlac.com\/semmexico\/wp-json\/wp\/v2\/media\/41193"}],"wp:attachment":[{"href":"https:\/\/redsemlac.com\/semmexico\/wp-json\/wp\/v2\/media?parent=41192"}],"wp:term":[{"taxonomy":"category","embeddable":true,"href":"https:\/\/redsemlac.com\/semmexico\/wp-json\/wp\/v2\/categories?post=41192"},{"taxonomy":"post_tag","embeddable":true,"href":"https:\/\/redsemlac.com\/semmexico\/wp-json\/wp\/v2\/tags?post=41192"}],"curies":[{"name":"wp","href":"https:\/\/api.w.org\/{rel}","templated":true}]}}