{"id":41183,"date":"2021-10-20T14:01:00","date_gmt":"2021-10-20T20:01:00","guid":{"rendered":"https:\/\/redsemlac.com\/semmexico\/?p=41183"},"modified":"2023-07-21T17:08:28","modified_gmt":"2023-07-21T22:08:28","slug":"elevar-a-rango-de-ley-el-violentometro-creado-por-el-instituto-politecnico-nacional-en-2009","status":"publish","type":"post","link":"https:\/\/redsemlac.com\/semmexico\/elevar-a-rango-de-ley-el-violentometro-creado-por-el-instituto-politecnico-nacional-en-2009\/","title":{"rendered":"Elevar a rango de ley el \u201cviolent\u00f3metro\u201d creado por el Instituto Polit\u00e9cnico Nacional en 2009"},"content":{"rendered":"\n<ul class=\"wp-block-list\"><li><em><strong>Es una herramienta que ya han adoptado muchas instituciones y tiene variaciones seg\u00fan la violencia de que se trata<\/strong><\/em><\/li><li><em><strong>Fue en la administraci\u00f3n de Felipe Calder\u00f3n y bajo la iniciativa de Martha Tronco<\/strong><\/em><\/li><\/ul>\n\n\n\n<p class=\"wp-block-paragraph\"><strong>Libertad L\u00f3pez<\/strong><\/p>\n\n\n\n<p class=\"wp-block-paragraph\">SemM\u00e9xico, Cd. de M\u00e9xico, 20 de octubre. -Para elevar a rango de Ley el \u201cviolent\u00f3metro\u201d, creado por el Instituto Polit\u00e9cnico Nacional IPN, como herramienta de prevenci\u00f3n de la violencia contra las mujeres, propuso la diputada de Morena, Juanita Guerra Mena en una iniciativa que reforma y adiciona diversas disposiciones de la Ley General de Acceso de las Mujeres a una Vida Libre de Violencia.&nbsp;<\/p>\n\n\n\n<p class=\"wp-block-paragraph\">Seg\u00fan la informaci\u00f3n de la C\u00e1mara de Diputados, Guerra Mena refiri\u00f3 que esto permitir\u00e1 hacer visibles y clasificar nuevas violencias contra las mujeres que pueden escalar a situaciones como el asesinato, los golpes, y ahondar en la violencia f\u00edsica, psicol\u00f3gica, sexual, econ\u00f3mica y patrimonial. La iniciativa fue turnada a la Comisi\u00f3n de Igualdad de G\u00e9nero.<\/p>\n\n\n\n<p class=\"wp-block-paragraph\">El Violent\u00f3metro es un material gr\u00e1fico y did\u00e1ctico en forma de regla desarrollado originalmente por la Unidad Polit\u00e9cnica de Gesti\u00f3n con Perspectiva de G\u00e9nero del Instituto Polit\u00e9cnico Nacional (M\u00e9xico), que dirig\u00eda Martha Tronco y naci\u00f3 a partir de una investigaci\u00f3n que puso en marcha en 2009 con el objeto de conocer la din\u00e1mica en las relaciones entre hombres y mujeres.<\/p>\n\n\n\n<p class=\"wp-block-paragraph\">El Violent\u00f3metro permite identificar si se est\u00e1 viviendo una relaci\u00f3n donde se comenten abusos emocionales o f\u00edsicos por parte de la pareja, adem\u00e1s de alertar sobre las medidas que se deben seguir.<\/p>\n\n\n\n<p class=\"wp-block-paragraph\">Este instrumento fue emulado por muchas instancias oficiales y privadas. Se han hecho variaciones a la propuesta original que propici\u00f3 la creaci\u00f3n de Redes de G\u00e9nero al interior el IPN, que son un conjunto de personas interrelacionadas entre s\u00ed que pertenecen a centros y unidades del IPN de diversas zonas geogr\u00e1ficas de la Rep\u00fablica Mexicana y desempe\u00f1an diversas acciones con la finalidad de contribuir en la integraci\u00f3n del enfoque de g\u00e9nero en el quehacer institucional.<\/p>\n\n\n\n<h2 class=\"wp-block-heading\"><strong>\u00bfC\u00f3mo funciona el Violent\u00f3metro?<\/strong><\/h2>\n\n\n\n<p class=\"wp-block-paragraph\">Se trata de un material gr\u00e1fico en forma de regla que para su medici\u00f3n cuenta con tres niveles diferentes colores que son la escala de violencia y a cada uno se le atribuye una situaci\u00f3n de alerta o foco rojo. Sin embargo, las manifestaciones que se muestran pueden ser experimentadas de manera intercalada.<\/p>\n\n\n\n<p class=\"wp-block-paragraph\">Creado por la Unidad Polit\u00e9cnica de Gesti\u00f3n con Perspectiva de G\u00e9nero (UPGPG) promovi\u00f3 la conformaci\u00f3n y coordinaci\u00f3n de 70 Redes de G\u00e9nero en 2015, las cuales tienen como objetivo llevar a cabo diversas acciones que favorezcan los procesos de transversalizaci\u00f3n de la perspectiva de g\u00e9nero en el Instituto.<\/p>\n\n\n\n<p class=\"wp-block-paragraph\">El Violent\u00f3metro es una herramienta de gran utilidad la cual permite a hombres y mujeres estar alerta, capacitadas (os) y\/o atentas (os) para detectar y atender la violencia en cualquiera de sus tipos y modalidades a trav\u00e9s de diferentes manifestaciones, resultando no solo ben\u00e9fico para las instituciones educativas.<\/p>\n\n\n\n<h2 class=\"wp-block-heading\"><strong>Servicios de salud a las personas LGBTIQ+<\/strong><\/h2>\n\n\n\n<p class=\"wp-block-paragraph\">Para garantizar el acceso efectivo y sin discriminaci\u00f3n a los servicios de salud a las personas LGBTIQ+ y establecer programas de atenci\u00f3n especializada a la salud de las personas trans, intersexuales y otras identidades, la diputada Salma Lu\u00e9vano Luna (Morena) plante\u00f3 reformar diversas disposiciones de la Ley General de Salud, en la misma sesi\u00f3n que Guerra.&nbsp;<\/p>\n\n\n\n<p class=\"wp-block-paragraph\">Con el documento, enviado a la Comisi\u00f3n de Salud para dictamen, y a la Comisi\u00f3n de Diversidad para opini\u00f3n, tambi\u00e9n se busca promover e impulsar que las instituciones del Sistema Nacional de Salud, implementen programas para brindar atenci\u00f3n m\u00e9dica integral a personas LGBTIQ+.<\/p>\n","protected":false},"excerpt":{"rendered":"<p>Es una herramienta que ya han adoptado muchas instituciones y tiene variaciones seg\u00fan la violencia de que se trata<\/p>\n","protected":false},"author":3,"featured_media":41184,"comment_status":"open","ping_status":"open","sticky":false,"template":"","format":"standard","meta":{"_monsterinsights_skip_tracking":false,"footnotes":""},"categories":[692,50],"tags":[149,142],"class_list":["post-41183","post","type-post","status-publish","format-standard","has-post-thumbnail","category-692","category-congreso","tag-mujeres","tag-violencia"],"_links":{"self":[{"href":"https:\/\/redsemlac.com\/semmexico\/wp-json\/wp\/v2\/posts\/41183","targetHints":{"allow":["GET"]}}],"collection":[{"href":"https:\/\/redsemlac.com\/semmexico\/wp-json\/wp\/v2\/posts"}],"about":[{"href":"https:\/\/redsemlac.com\/semmexico\/wp-json\/wp\/v2\/types\/post"}],"author":[{"embeddable":true,"href":"https:\/\/redsemlac.com\/semmexico\/wp-json\/wp\/v2\/users\/3"}],"replies":[{"embeddable":true,"href":"https:\/\/redsemlac.com\/semmexico\/wp-json\/wp\/v2\/comments?post=41183"}],"version-history":[{"count":0,"href":"https:\/\/redsemlac.com\/semmexico\/wp-json\/wp\/v2\/posts\/41183\/revisions"}],"wp:featuredmedia":[{"embeddable":true,"href":"https:\/\/redsemlac.com\/semmexico\/wp-json\/wp\/v2\/media\/41184"}],"wp:attachment":[{"href":"https:\/\/redsemlac.com\/semmexico\/wp-json\/wp\/v2\/media?parent=41183"}],"wp:term":[{"taxonomy":"category","embeddable":true,"href":"https:\/\/redsemlac.com\/semmexico\/wp-json\/wp\/v2\/categories?post=41183"},{"taxonomy":"post_tag","embeddable":true,"href":"https:\/\/redsemlac.com\/semmexico\/wp-json\/wp\/v2\/tags?post=41183"}],"curies":[{"name":"wp","href":"https:\/\/api.w.org\/{rel}","templated":true}]}}