{"id":4117,"date":"2018-11-22T18:46:53","date_gmt":"2018-11-22T18:46:53","guid":{"rendered":"https:\/\/redsemlac.com\/semmexico\/?p=4117"},"modified":"2023-07-21T14:34:13","modified_gmt":"2023-07-21T19:34:13","slug":"mujeres-y-politica-10","status":"publish","type":"post","link":"https:\/\/redsemlac.com\/semmexico\/mujeres-y-politica-10\/","title":{"rendered":"Mujeres y Pol\u00edtica"},"content":{"rendered":"\n<p class=\"wp-block-paragraph\">\u2022 Estad\u00edsticas que no mienten<\/p>\n\n\n\n<h5 class=\"wp-block-heading\"> \u2022 Aceptaciones que por la percepci\u00f3n ciudadana ya conoc\u00edamos<\/h5>\n\n\n\n<p class=\"wp-block-paragraph\"><a href=\"https:\/\/semmexico.com\/gallery-post.php?id=6437#\">Soledad Jarqu\u00edn Edgar<\/a><\/p>\n\n\n\n<p class=\"wp-block-paragraph\">SemM\u00e9xico, 22 noviembre 2018.- Los hechos son fundamentales, las estad\u00edsticas, que dicho sea de paso no mienten: la violencia aumenta y cuesta, y un dicho concreto que es un hecho: las acciones que, evaluadas en boca de un organismo ejecutor y senadoras de la Rep\u00fablica, llegan a la conclusi\u00f3n que ya sab\u00edan las mujeres \u201cde a pie\u201d: nulos resultados, simulaci\u00f3n discursiva y omisi\u00f3n de los gobiernos de los tres niveles.<\/p>\n\n\n\n<p class=\"wp-block-paragraph\">A pesar de las noticias que hace unos d\u00edas inform\u00f3 el gobernador Alejandro Murat y que en cosa de nada le llenaron algunas redes sociales con datos estad\u00edsticos de la cotidiana realidad contradiciendo al gobernante, Oaxaca est\u00e1 en esos detestables primeros lugares de violencia feminicida y feminicidio. Es una de las primeras cinco entidades que se ubican por encima de la media nacional, seg\u00fan la instituci\u00f3n m\u00e1s confiable del gobierno federal, el INEGI.<\/p>\n\n\n\n<p class=\"wp-block-paragraph\">\u201cA nivel de entidad federativa, 12 entidades se encuentran por encima de la media nacional. Sobresalen el estado de M\u00e9xico, Ciudad de M\u00e9xico, Aguascalientes, Jalisco, Oaxaca y Michoac\u00e1n\u201d, cito parte del bolet\u00edn de prensa emitido por esa instituci\u00f3n a prop\u00f3sito del D\u00eda Internacional de la Eliminaci\u00f3n de la Violencia contra las Mujeres, que se conmemorar\u00e1 el pr\u00f3ximo domingo 25, en ese recordatorio del asesinato de las hermanas Patria, Minerva y Mar\u00eda Teresa, asesinadas en Rep\u00fablica Dominicana por el dictador Rafael Le\u00f3nidas Trujillo, el 25 de noviembre de 1960.<\/p>\n\n\n\n<p class=\"wp-block-paragraph\">Sin duda la soluci\u00f3n pasa por la respuesta de las instituciones de gobierno. Cerrar el paso a la impunidad es una tarea de quienes gobiernan. Hace a\u00f1os, quiz\u00e1 poco m\u00e1s de una d\u00e9cada, buena parte de las mujeres hemos ido ganando en conciencia ciudadana y hemos crecido al rechazar la violencia, pero el gran ator\u00f3n sigue estando en quienes deber\u00edan prevenir, sancionar y erradicar la violencia.<\/p>\n\n\n\n<p class=\"wp-block-paragraph\">Por eso, como se ha anunciado, feministas de la entidad saldr\u00e1n nuevamente a reclamar ese derecho a la justicia el pr\u00f3ximo domingo, est\u00e1 ser\u00e1 una jornada mundial, que tambi\u00e9n se reflejar\u00e1 en Oaxaca, donde la protesta incluye las clausuras, simb\u00f3licas s\u00ed, de la Fiscal\u00eda General de Justicia y todas sus fiscal\u00edas \u201cespecializadas\u201d y claro el elefante blanco m\u00e1s grande de la entidad: la Secretar\u00eda de la Mujer Oaxaque\u00f1a, creada hace poco casi dos a\u00f1os cuando inici\u00f3 su gesti\u00f3n el actual (des) gobernante.<\/p>\n\n\n\n<p class=\"wp-block-paragraph\">Como ocurre en todo el pa\u00eds, la violencia es m\u00e1s severa y muy severa entre quienes han tenido esposo o novios. De cada 100 mujeres en esa condici\u00f3n al menos 63 han sufrido ataques graves. La violencia f\u00edsica es la m\u00e1s alta en Oaxaca.<\/p>\n\n\n\n<p class=\"wp-block-paragraph\">Aqu\u00ed algunos datos:<\/p>\n\n\n\n<ul class=\"wp-block-list\"><li>El 42.5% padeci\u00f3 violencia severa. En este conjunto se ubican las mujeres con violencia f\u00edsica y\/o sexual de manera eventual, con da\u00f1os f\u00edsicos y\/o emocionales severos (cortadas, quemaduras o p\u00e9rdida de dientes, hemorragias o sangrado problemas nerviosos, angustia o miedo, tristeza, aflicci\u00f3n o depresi\u00f3n e insomnio).<\/li><\/ul>\n\n\n\n<ul class=\"wp-block-list\"><li>El restante 20.1% de las mujeres vivi\u00f3 violencia muy severa. \u00c9sta considera a quienes reportaron violencia m\u00faltiple de manera reiterada, con da\u00f1os f\u00edsicos y emocionales que atentan contra su integridad f\u00edsica, tales como fracturas, abortos o partos prematuros, alguna enfermedad de transmisi\u00f3n sexual, p\u00e9rdida de capacidades motrices, los pensamientos suicidas y el intento de suicidio.<\/li><\/ul>\n\n\n\n<p class=\"wp-block-paragraph\">En cuanto a los d\u00edas perdidos de trabajo por las oaxaque\u00f1as como resultado de la violencia, \u00e9sta es m\u00e1s alta que el promedio nacional. As\u00ed vemos que. en el pa\u00eds las agresiones imposibilitaron la asistencia de las mujeres en un promedio de 27 d\u00edas, problema que en Oaxaca es de nueve d\u00edas m\u00e1s, pues alcanza los 36 d\u00edas en promedio de no ir a trabajar durante el a\u00f1o por las repetidas agresiones.<\/p>\n\n\n\n<p class=\"wp-block-paragraph\">Y claro tambi\u00e9n representa p\u00e9rdidas para la econom\u00eda familiar y por ende local. Esto es porque casi 100 millones de pesos represent\u00f3 en p\u00e9rdidas para ellas, fundamentalmente, el no ir a trabajar gracias a la violencia de su pareja, datos de una medici\u00f3n hecha por INEGI entre octubre de 2015 y octubre de 2016.<\/p>\n\n\n\n<p class=\"wp-block-paragraph\">Por otro lado, este jueves en el Senado de la Rep\u00fablica, en la v\u00edspera del final del fat\u00eddico sexenio Enrique Pe\u00f1a Nieto, hubo una \u201cdevelaci\u00f3n\u201d muy extra\u00f1a por parte de la titular de la Comisi\u00f3n Nacional para Prevenir y Erradicar la Violencia contra las Mujeres (Conavim), \u00c1ngela Quiroga Quiroga, quien asegur\u00f3 que los sistemas estatales y municipales para erradicar la violencia contra las mujeres no est\u00e1n funcionando.<\/p>\n\n\n\n<p class=\"wp-block-paragraph\">Esa noticia ya la sab\u00edamos. Y la sab\u00edamos porque no hay acciones concretas para el acceso a la justicia de las mujeres, de ah\u00ed que la senadora Mal\u00fa Micher Camarena completara la noticia al se\u00f1alar que los gobiernos municipales, estatales y federales se han destacado por una gran \u201csimulaci\u00f3n discursiva, much\u00edsimas omisiones y un gran agravio a las organizaciones de la sociedad civil\u201d.<\/p>\n\n\n\n<p class=\"wp-block-paragraph\">No es para menos, es escalofriante la cifra de mujeres asesinadas en M\u00e9xico, que de acuerdo a la ONU son nueve y no ocho como se hab\u00eda dicho las mujeres asesinadas cada d\u00eda. En Oaxaca, la cifra en los dos \u00faltimos a\u00f1os es escandalosa, 232 mujeres de todas las edades. M\u00e1s de 10 cada mes, cantidad que se duplic\u00f3 con respecto a los dos sexenios gubernamentales anteriores.<\/p>\n\n\n\n<p class=\"wp-block-paragraph\">De ah\u00ed que, sin duda habr\u00e1 que replantear qu\u00e9 hacer frente a la violencia y eso que Micher Camarena llama \u201csimulaci\u00f3n discursiva\u201d y que en tanto tambi\u00e9n admite la todav\u00eda titular de la Conavim, quien en septiembre pasado le dio palmaditas de agradecimiento al gobernador de Oaxaca por aceptar la Alerta de Violencia de G\u00e9nero contra las Mujeres en Oaxaca.<\/p>\n\n\n\n<p class=\"wp-block-paragraph\">Sin duda, la peor pesadilla para las familias de mujeres v\u00edctimas de un asesinato es la lenta y tortuosa aplicaci\u00f3n de la justicia, lo que permite a los perpetradores de ella a seguir asumiendo que apesar de los avances en materia legislativa en M\u00e9xico, como en Oaxaca, la impunidad es un manto que los protege y este se extiende desde el funcionariado que sigue haciendo como que hace, aunque no haga nada.<\/p>\n","protected":false},"excerpt":{"rendered":"<p>\u2022 Estad\u00edsticas que no mienten \u2022 Aceptaciones que por la percepci\u00f3n ciudadana ya conoc\u00edamos Soledad Jarqu\u00edn Edgar SemM\u00e9xico, 22 noviembre 2018.- Los hechos son fundamentales, las estad\u00edsticas, que dicho sea de paso no mienten: la violencia aumenta y cuesta, y un dicho concreto que es un hecho: las acciones que, evaluadas en boca de un [&hellip;]<\/p>\n","protected":false},"author":3,"featured_media":4108,"comment_status":"open","ping_status":"open","sticky":false,"template":"","format":"standard","meta":{"_monsterinsights_skip_tracking":false,"footnotes":""},"categories":[689,75,1],"tags":[],"class_list":["post-4117","post","type-post","status-publish","format-standard","has-post-thumbnail","category-689","category-soledad-jarquin-edgar","category-uncategorized"],"_links":{"self":[{"href":"https:\/\/redsemlac.com\/semmexico\/wp-json\/wp\/v2\/posts\/4117","targetHints":{"allow":["GET"]}}],"collection":[{"href":"https:\/\/redsemlac.com\/semmexico\/wp-json\/wp\/v2\/posts"}],"about":[{"href":"https:\/\/redsemlac.com\/semmexico\/wp-json\/wp\/v2\/types\/post"}],"author":[{"embeddable":true,"href":"https:\/\/redsemlac.com\/semmexico\/wp-json\/wp\/v2\/users\/3"}],"replies":[{"embeddable":true,"href":"https:\/\/redsemlac.com\/semmexico\/wp-json\/wp\/v2\/comments?post=4117"}],"version-history":[{"count":0,"href":"https:\/\/redsemlac.com\/semmexico\/wp-json\/wp\/v2\/posts\/4117\/revisions"}],"wp:featuredmedia":[{"embeddable":true,"href":"https:\/\/redsemlac.com\/semmexico\/wp-json\/wp\/v2\/media\/4108"}],"wp:attachment":[{"href":"https:\/\/redsemlac.com\/semmexico\/wp-json\/wp\/v2\/media?parent=4117"}],"wp:term":[{"taxonomy":"category","embeddable":true,"href":"https:\/\/redsemlac.com\/semmexico\/wp-json\/wp\/v2\/categories?post=4117"},{"taxonomy":"post_tag","embeddable":true,"href":"https:\/\/redsemlac.com\/semmexico\/wp-json\/wp\/v2\/tags?post=4117"}],"curies":[{"name":"wp","href":"https:\/\/api.w.org\/{rel}","templated":true}]}}