{"id":4112,"date":"2018-12-10T18:43:51","date_gmt":"2018-12-10T18:43:51","guid":{"rendered":"https:\/\/redsemlac.com\/semmexico\/?p=4112"},"modified":"2023-07-21T14:34:42","modified_gmt":"2023-07-21T19:34:42","slug":"mujeres-y-politica-8","status":"publish","type":"post","link":"https:\/\/redsemlac.com\/semmexico\/mujeres-y-politica-8\/","title":{"rendered":"Mujeres y Pol\u00edtica"},"content":{"rendered":"\n<p class=\"wp-block-paragraph\">La emergencia nacional sin respuesta.<\/p>\n\n\n\n<p class=\"wp-block-paragraph\"> Instituciones omisas y sociedad indolente<\/p>\n\n\n\n<p class=\"wp-block-paragraph\"><a href=\"https:\/\/semmexico.com\/gallery-post.php?id=6608#\">Soledad Jarqu\u00edn Edgar<\/a><\/p>\n\n\n\n<p class=\"wp-block-paragraph\">SemM\u00e9xico, 10 diciembre 2018.- Una vez m\u00e1s se conmemora en el mundo el D\u00eda Internacional de los Derechos Humanos, unos que a pesar de su proclamaci\u00f3n despu\u00e9s de la segunda guerra mundial, a\u00fan no acaban de consolidarse entre las naciones, donde siguen exacerbadas las violaciones a esos derechos por pertenecer a un grupo determinado, como sucede con las mujeres.<\/p>\n\n\n\n<p class=\"wp-block-paragraph\">Son muchas las expresiones de violaci\u00f3n a los derechos de las mujeres, pero la m\u00e1s dram\u00e1tica por sus implicaciones son todas las formas de violencia emocional, f\u00edsica, sexual, ginecol\u00f3gica, en el noviazgo y que en buena parte terminan con la vida por el hecho de nacer mujeres, crecer como mujeres y tratar de vivir como mujeres, es decir, a lo largo de cada uno de nuestros d\u00edas. Y no es exagerado ni siquiera pensarlo, son excepcionales los casos de mujeres que han quedado al margen de la violencia y muchas otras lo niegan porque no logran identificar esa violencia.<\/p>\n\n\n\n<p class=\"wp-block-paragraph\">Todos los d\u00edas y a cada momento, los medios de comunicaci\u00f3n, as\u00ed como las redes sociales, informan sobre esta bien llamada \u201cemergencia nacional\u201d que no ha tenido la respuesta necesaria ni de las instituciones de gobierno ni de la sociedad, porque seguimos pensando \u2013reitero- que esas violencias no nos van a tocar y menos el feminicidio, pero si volvemos la mirada nos daremos cuenta que s\u00ed que est\u00e1 a nuestro alrededor.<\/p>\n\n\n\n<p class=\"wp-block-paragraph\">Recientemente, la regidora de Igualdad de G\u00e9nero y de Derechos Humanos del gobierno de la Cd. de Oaxaca, B\u00e1rbara Garc\u00eda Ch\u00e1vez, present\u00f3 los resultados del programa C\u00f3rtale a la Violencia contra las Mujeres, un programa que se aplic\u00f3 a trav\u00e9s de talleres a poco m\u00e1s de 12 mil personas, la mayor\u00eda estudiantes, seguido de un grupo importante de padres y madres de familias, personal directivo y profesorado de las escuelas secundarias de la capital oaxaque\u00f1a, sobre las razones de la desigualdad entre mujeres y hombres y la violencia como una consecuencia de la violaci\u00f3n a los derechos humanos de las mujeres.<\/p>\n\n\n\n<p class=\"wp-block-paragraph\">Este taller inclu\u00eda un ejercicio que permiti\u00f3 conocer la percepci\u00f3n que sobre la violencia de g\u00e9nero contra las mujeres tienen las y los adolescentes, es decir, c\u00f3mo viven la violencia a trav\u00e9s de ellas y ellos mismos o a trav\u00e9s de otras personas, el resultado no es nada alentador o no deber\u00eda serlo para las autoridades.<\/p>\n\n\n\n<p class=\"wp-block-paragraph\">Primero, la violencia de g\u00e9nero contra las mujeres no result\u00f3 un hecho desconocido para las estudiantes de secundaria, lo ven, lo han vivido en carne propia y para ellos tampoco porque conocen de casos cercanos a ellos, quiz\u00e1 vivido por alguna mujer de su familia, conocida o compa\u00f1era de la escuela.<\/p>\n\n\n\n<p class=\"wp-block-paragraph\">Y dec\u00eda antes, la violencia contra las mujeres, una violaci\u00f3n a sus derechos humanos, es un hecho generalizado que no logra movilizar a la sociedad en esa exigencia de, por ejemplo, #NiUnaMenos. Tan solo en la ciudad de Oaxaca, hubo 821 respuestas positivas al caso de conocer de manera cercana a una mujer asesinada por un hombre en su entorno. Esto muestra que esa violencia estuvo cerca de las y los adolescentes por alguna raz\u00f3n, pero ni as\u00ed hay una exigencia multitudinaria de la sociedad para poner un alto, ya no solo en una protesta multitudinaria, sino en la vida cotidiana.<\/p>\n\n\n\n<p class=\"wp-block-paragraph\">En cambio, todav\u00eda hay muchas mujeres y hombres, j\u00f3venes y no tan j\u00f3venes, pidiendo y cantando canciones que hacen apolog\u00eda de la violencia de g\u00e9nero; observando sin inmutarse, esa violencia en las calles cuando una mujer es agredida, acosada u hostigada. Y no se diga en el caso de Oaxaca sobre la respuesta de las autoridades frente a la violencia de g\u00e9nero.<\/p>\n\n\n\n<p class=\"wp-block-paragraph\">La semana pasada dos hechos marcaron ese penoso camino. Por un lado el asesinato en una poblaci\u00f3n de la mixteca oaxaque\u00f1a de una estudiante de secundaria de 14 a\u00f1os y otro la negaci\u00f3n de atenci\u00f3n a una mujer en la Fiscal\u00eda Especializada para la Atenci\u00f3n a Delitos contra la Mujer por Raz\u00f3n de G\u00e9nero, a cargo de Mar\u00eda del Carmen Chi\u00f1as Salinas.<\/p>\n\n\n\n<p class=\"wp-block-paragraph\">La ni\u00f1a fue brutalmente asesinada, como se dice para explicar la violencia sexual y feminicidio cometido en su contra. Hoy suman 240 o quiz\u00e1 un poco m\u00e1s el n\u00famero de mujeres asesinadas en Oaxaca. 26 mujeres asesinadas desde que en Oaxaca se declar\u00f3 la tan llevada y tra\u00edda Alerta de Violencia de G\u00e9nero contra las Mujeres, seg\u00fan organizaciones como Consorcio Oaxaca.<\/p>\n\n\n\n<p class=\"wp-block-paragraph\">Por otra parte, trav\u00e9s del buz\u00f3n ciudadano de Metr\u00f3poli, un programa conducido por Sof\u00eda Valdivia, una ciudadana dispuesta a denunciar a su pareja por violencia f\u00edsica, no fue atendida por la guardia de turno, en manos de una trabajadora del lugar, acusando que estaban de vacaciones que tendr\u00eda que ir a Ciudad Judicial para su denuncia y valoraci\u00f3n. Ciudad Judicial, donde se encuentra parte de la Fiscal\u00eda General del Estado de Oaxaca, se ubica a 14 kil\u00f3metros de la ciudad de Oaxaca, a lo que hay que sumar el p\u00e9simo transporte p\u00fablico que existe aqu\u00ed.<\/p>\n\n\n\n<p class=\"wp-block-paragraph\">Pero nada, la protesta es medi\u00e1tica. No hay m\u00e1s. Y si usted cree que hay una respuesta del responsable de la pol\u00edtica p\u00fablica del estado, es decir, de Alejandro Murat Hinojosa, pues d\u00e9jeme decirle que no. C\u00f3mo tampoco hay una respuesta p\u00fablica del Fiscal general, Rub\u00e9n Vasconcelos Beltr\u00e1n, quien adem\u00e1s sigue sin informar sobre otros feminicidios que tiene pendientes; no hay un solo pronunciamiento de la titular de la Secretar\u00eda de la Mujer, Ana Mar\u00eda V\u00e1squez Colmenares, quien sigue nadando de a muertito, mientras afuera en las calles la violencia sigue cobrando la vida de las oaxaque\u00f1as.<\/p>\n\n\n\n<p class=\"wp-block-paragraph\"><strong>Algo de furor y aclaraciones en el TSJ<\/strong><\/p>\n\n\n\n<p class=\"wp-block-paragraph\">Sin mayor explicaci\u00f3n renunci\u00f3 al cargo el presidente del Tribunal Superior de Justicia del Estado, Ra\u00fal Bola\u00f1os Cacho, padre del verde senador del mismo nombre, y asumi\u00f3 ese cargo la magistrada Mar\u00eda Eugenia Villanueva Abraj\u00e1m, rompi\u00e9ndose as\u00ed, por primera vez en la historia de ese Poder, la hegemon\u00eda varonil. S\u00ed, no hay duda que es para congratularse, ahora la nueva titular del Poder Judicial tiene en sus manos provocar que algo camine, como dictar condenas a varios feminicidas que est\u00e1n por ah\u00ed y otros asuntos que tienen pendientes y con ello le deben mucho a las v\u00edctimas de la violencia contra las mujeres, hacer efectivo que se juzgue desde una perspectiva de g\u00e9nero, porque hay infinidad de historia donde las v\u00edctimas resultan hiperviolentadas por los jueces y juezas.<\/p>\n\n\n\n<p class=\"wp-block-paragraph\">En fin trabajo hay para Mar\u00eda Eugenia Villanueva Abraj\u00e1m en materia de justicia desde la perspectiva de g\u00e9nero, lo otro que tendr\u00e1 que revisar la autonom\u00eda del poder judicial y la injerencia de Murat papa y Murat hijo, que m\u00e1s que bien le hacen mucho mal a la impartici\u00f3n de la justicia en Oaxaca.<\/p>\n\n\n\n<p class=\"wp-block-paragraph\">As\u00ed como transparentar la intentona de desaparici\u00f3n del Consejo de la Judicatura de Oaxaca y la creaci\u00f3n de un \u00f3rgano carente de autonom\u00eda llamado Junta de Administraci\u00f3n, Vigilancia y Disciplina del Poder Judicial que se pretendi\u00f3 hacer \u201cmediante la reforma vendida y mal hecha por el Congreso de Oaxaca que se neg\u00f3 al p\u00fablico mediante el ocultamiento de ejemplares del Peri\u00f3dico Oficial\u201d, como explica, el abogado Eduardo Castillo Cruz, en su columna \u201cEl d\u00eda del palo final al magistrado Bola\u00f1os\u201d.<\/p>\n\n\n\n<p class=\"wp-block-paragraph\">Casualmente la renuncia de Bola\u00f1os Cacho coincide con la sentencia del 6 de diciembre pasado del juez federal, Jos\u00e9 Luis Evaristo Villegas, sentencia que invalida la reforma judicial que desaparec\u00eda al Consejo de la Judicatura de Oaxaca. Por cierto, dice el abogado Castillo, incluso pretendieron hacer que corrieran al juez federal.<\/p>\n","protected":false},"excerpt":{"rendered":"<p>La emergencia nacional sin respuesta. Instituciones omisas y sociedad indolente Soledad Jarqu\u00edn Edgar SemM\u00e9xico, 10 diciembre 2018.- Una vez m\u00e1s se conmemora en el mundo el D\u00eda Internacional de los Derechos Humanos, unos que a pesar de su proclamaci\u00f3n despu\u00e9s de la segunda guerra mundial, a\u00fan no acaban de consolidarse entre las naciones, donde siguen [&hellip;]<\/p>\n","protected":false},"author":3,"featured_media":4108,"comment_status":"open","ping_status":"open","sticky":false,"template":"","format":"standard","meta":{"_monsterinsights_skip_tracking":false,"footnotes":""},"categories":[689,96,75],"tags":[],"class_list":["post-4112","post","type-post","status-publish","format-standard","has-post-thumbnail","category-689","category-mujeres-y-politica","category-soledad-jarquin-edgar"],"_links":{"self":[{"href":"https:\/\/redsemlac.com\/semmexico\/wp-json\/wp\/v2\/posts\/4112","targetHints":{"allow":["GET"]}}],"collection":[{"href":"https:\/\/redsemlac.com\/semmexico\/wp-json\/wp\/v2\/posts"}],"about":[{"href":"https:\/\/redsemlac.com\/semmexico\/wp-json\/wp\/v2\/types\/post"}],"author":[{"embeddable":true,"href":"https:\/\/redsemlac.com\/semmexico\/wp-json\/wp\/v2\/users\/3"}],"replies":[{"embeddable":true,"href":"https:\/\/redsemlac.com\/semmexico\/wp-json\/wp\/v2\/comments?post=4112"}],"version-history":[{"count":0,"href":"https:\/\/redsemlac.com\/semmexico\/wp-json\/wp\/v2\/posts\/4112\/revisions"}],"wp:featuredmedia":[{"embeddable":true,"href":"https:\/\/redsemlac.com\/semmexico\/wp-json\/wp\/v2\/media\/4108"}],"wp:attachment":[{"href":"https:\/\/redsemlac.com\/semmexico\/wp-json\/wp\/v2\/media?parent=4112"}],"wp:term":[{"taxonomy":"category","embeddable":true,"href":"https:\/\/redsemlac.com\/semmexico\/wp-json\/wp\/v2\/categories?post=4112"},{"taxonomy":"post_tag","embeddable":true,"href":"https:\/\/redsemlac.com\/semmexico\/wp-json\/wp\/v2\/tags?post=4112"}],"curies":[{"name":"wp","href":"https:\/\/api.w.org\/{rel}","templated":true}]}}