{"id":41119,"date":"2021-10-19T12:15:22","date_gmt":"2021-10-19T18:15:22","guid":{"rendered":"https:\/\/redsemlac.com\/semmexico\/?p=41119"},"modified":"2023-07-21T17:08:31","modified_gmt":"2023-07-21T22:08:31","slug":"denuncian-nulas-acciones-de-la-fiscalia-de-guerrero-en-asesinato-de-menor","status":"publish","type":"post","link":"https:\/\/redsemlac.com\/semmexico\/denuncian-nulas-acciones-de-la-fiscalia-de-guerrero-en-asesinato-de-menor\/","title":{"rendered":"Denuncian nulas acciones de la Fiscal\u00eda de Guerrero en asesinato de menor"},"content":{"rendered":"\n<ul class=\"wp-block-list\"><li><strong>Suspenden conferencia de prensa por amenazas e intimidaciones<\/strong><\/li><\/ul>\n\n\n\n<ul class=\"wp-block-list\"><li><strong> La madre de Ayelin acusa a las autoridades<\/strong><\/li><\/ul>\n\n\n\n<p class=\"wp-block-paragraph\"><strong>Redacci\u00f3n<\/strong><\/p>\n\n\n\n<p class=\"wp-block-paragraph\">SemM\u00e9xico\/Ceprovysa, Chilpancingo, Gro., 19 de octubre, 2021.- Flora Marcelo denunci\u00f3 que la Fiscal\u00eda General del Estado de Guerrero no le ha dado el debido seguimiento al proceso judicial por el feminicidio de su hija Ayelin Iczae Guti\u00e9rrez Marcelo y por el contrario ha sido objeto de amenazas.<\/p>\n\n\n\n<p class=\"wp-block-paragraph\">Luego de suspender una conferencia de prensa, en la v\u00edspera del aniversario del feminicido, programada para ayer lunes, la madre de la v\u00edctima relat\u00f3 que decidieron suspender debido a que la comitiva que ven\u00eda en representaci\u00f3n de su madre, Flora Marcelo, fueron intimidadas por personas de las cuales se desconoce su identidad, se vieron orilladas a resguardar integridad f\u00edsica y seguridad.<\/p>\n\n\n\n<p class=\"wp-block-paragraph\">Cabe recordar que la ni\u00f1a de 13 a\u00f1os fue asesinada y su cuerpo fue localizado el 19 de octubre de hace un a\u00f1o, a un lado de un arroyo en la barranca Chichipico. La ni\u00f1a pudo ser identificada por la ropa en Tixtla, municipio tambi\u00e9n guerrerense.<\/p>\n\n\n\n<p class=\"wp-block-paragraph\">El 26 de octubre fueron detenidos y vinculados a proceso cuatro sujetos: Aurelio \u201cN\u201d al\u00edas \u201cLa Curia\u201d, Juan Pablo \u201cN\u201d al\u00edas \u201cEl Tribil\u00edn\u201d, Hugo \u201cN\u201d al\u00edas \u201cLa Zoe\u201d y Eliecer \u201cN\u201d, quienes fueron internados en el Centro de Reinserci\u00f3n social.<\/p>\n\n\n\n<p class=\"wp-block-paragraph\">SEM\/sj<\/p>\n","protected":false},"excerpt":{"rendered":"<p> La madre de Ayelin acusa a las autoridades<\/p>\n","protected":false},"author":3,"featured_media":41120,"comment_status":"open","ping_status":"open","sticky":false,"template":"","format":"standard","meta":{"_monsterinsights_skip_tracking":false,"footnotes":""},"categories":[692,47,48],"tags":[142],"class_list":["post-41119","post","type-post","status-publish","format-standard","has-post-thumbnail","category-692","category-no-mas-impunidad","category-no-mas-impunidad-no-mas-impunidad","tag-violencia"],"_links":{"self":[{"href":"https:\/\/redsemlac.com\/semmexico\/wp-json\/wp\/v2\/posts\/41119","targetHints":{"allow":["GET"]}}],"collection":[{"href":"https:\/\/redsemlac.com\/semmexico\/wp-json\/wp\/v2\/posts"}],"about":[{"href":"https:\/\/redsemlac.com\/semmexico\/wp-json\/wp\/v2\/types\/post"}],"author":[{"embeddable":true,"href":"https:\/\/redsemlac.com\/semmexico\/wp-json\/wp\/v2\/users\/3"}],"replies":[{"embeddable":true,"href":"https:\/\/redsemlac.com\/semmexico\/wp-json\/wp\/v2\/comments?post=41119"}],"version-history":[{"count":0,"href":"https:\/\/redsemlac.com\/semmexico\/wp-json\/wp\/v2\/posts\/41119\/revisions"}],"wp:featuredmedia":[{"embeddable":true,"href":"https:\/\/redsemlac.com\/semmexico\/wp-json\/wp\/v2\/media\/41120"}],"wp:attachment":[{"href":"https:\/\/redsemlac.com\/semmexico\/wp-json\/wp\/v2\/media?parent=41119"}],"wp:term":[{"taxonomy":"category","embeddable":true,"href":"https:\/\/redsemlac.com\/semmexico\/wp-json\/wp\/v2\/categories?post=41119"},{"taxonomy":"post_tag","embeddable":true,"href":"https:\/\/redsemlac.com\/semmexico\/wp-json\/wp\/v2\/tags?post=41119"}],"curies":[{"name":"wp","href":"https:\/\/api.w.org\/{rel}","templated":true}]}}