{"id":4107,"date":"2018-12-17T18:41:28","date_gmt":"2018-12-17T18:41:28","guid":{"rendered":"https:\/\/redsemlac.com\/semmexico\/?p=4107"},"modified":"2023-07-21T14:34:40","modified_gmt":"2023-07-21T19:34:40","slug":"mujeres-y-politica-7","status":"publish","type":"post","link":"https:\/\/redsemlac.com\/semmexico\/mujeres-y-politica-7\/","title":{"rendered":"Mujeres y Pol\u00edtica"},"content":{"rendered":"\n<p class=\"wp-block-paragraph\">Violencia debilita a las mujeres.<\/p>\n\n\n\n<h5 class=\"wp-block-heading\"> Erradicarla demanda recursos no reducir ni desaparecer programas.<\/h5>\n\n\n\n<p class=\"wp-block-paragraph\"><a href=\"https:\/\/semmexico.com\/gallery-post.php?id=6681#\">Soledad Jarqu\u00edn Edgar<\/a><\/p>\n\n\n\n<p class=\"wp-block-paragraph\">SemM\u00e9xico, 17 diciembre 2018.- La informaci\u00f3n trascendente, sin duda alguna, es el recorte al presupuesto de programas y la eliminaci\u00f3n de otros que est\u00e1n relacionados con la violencia de g\u00e9nero contra las mujeres y programas significativos para alcanzar la igualdad, ambos proyectos que parecer\u00edan inalcanzables, aunque pese a todo pesimismo tendr\u00edamos que creer que algo se ha movido. Muchos de esos programas propuestos por el movimiento feminista tras a\u00f1os de lucha, que institucionalizados, siguen bajo la mirada y la concreci\u00f3n de la sociedad civil organizada.<\/p>\n\n\n\n<p class=\"wp-block-paragraph\">Expertas en la materia han planteado que lo que se tiene que hacer es mejorar los programas y eso requiere necesariamente de m\u00e1s recursos, no c\u00f3mo se ha propuesto ya en el Presupuesto de Egresos de la Federaci\u00f3n 2019 y que tendr\u00e1 que estudiar, analizar y aprobar o rechazar el Congreso federal.<\/p>\n\n\n\n<p class=\"wp-block-paragraph\">La visibilizaci\u00f3n de la violencia contra las mujeres en M\u00e9xico nos plantea cifras escalofriantes y demoledoras que impactan directamente en la vida de las mujeres, de sus familias y de sus comunidades. As\u00ed lo vemos, as\u00ed es. La violencia contra las mujeres tiene precios muy altos para la sociedad, que pierde en cada mujer violentada y, en el caso m\u00e1s extremo como lo es el feminicidio, la experiencia, productividad, ideas, conocimiento, avances\u2026 y esa es una realidad que ya lacera al pa\u00eds entero.<\/p>\n\n\n\n<p class=\"wp-block-paragraph\">Marcela Lagarde y de los R\u00edos, antrop\u00f3loga feminista cuya contribuci\u00f3n en la materia ha dado lugar a pasos importantes en nuevos procesos legislativos, ha dicho con verdad que vivimos una era donde uno de los discursos m\u00e1s importantes para mantener expropiadas a las mujeres es la violencia.<\/p>\n\n\n\n<p class=\"wp-block-paragraph\">Lo dijo en Oaxaca, durante la conferencia magistral durante la inauguraci\u00f3n de la C\u00e1tedra Internacional que lleva su nombre, organizado por la Universidad Aut\u00f3noma Benito Ju\u00e1rez de Oaxaca en coordinaci\u00f3n con el Centro de Investigaciones y Estudios Superiores en Antropolog\u00eda Social, Unidad Pac\u00edfico Sur, donde sostuvo, entre otras muchas cosas, que la violencia patriarcal busca da\u00f1ar, debilitar a las mujeres, de forma individual y colectiva, ponerlas en situaci\u00f3n de fragilidad.<\/p>\n\n\n\n<p class=\"wp-block-paragraph\">Reducir los presupuestos nos llevar\u00e1 a una fragilidad mayor. Es cierto, se necesita m\u00e1s para erradicar la violencia y se requiere re-direccionar las formas, porque coincidimos en que el objetivo es el mismo: vivir libres de violencia machista y lo que hasta ahora han otorgado los gobiernos para alcanzar ese objetivo, repartido en cientos de programas no ha sido suficiente, as\u00ed lo demuestra la gravedad de los hechos cotidianos con violencias faminicidas de todos los tipos y en todos los \u00e1mbitos.<\/p>\n\n\n\n<p class=\"wp-block-paragraph\">Y, por otro lado, queda claro que muchas mujeres a trav\u00e9s de la concientizaci\u00f3n han logrado cambiar sus vidas, se deshacen de sus depredadores, pero a otras no les alcanza porque tambi\u00e9n es necesario, como dijo Lagarde, despatriarcalizar el sistema en el que vivimos, es muy profundo el sentido de lo que plantea, pero no puede considerarse como imposible, dice ella misma, no si consideramos que existen mecanismos para lograrlo y uno de ellos es lograr que las mujeres tomen consciencia de vivir libres de agresiones por su condici\u00f3n de mujeres y, por otro lado, indispensablemente es que haya instituciones que respondan a cabalidad. Porque s\u00ed con algo de dinero estamos como estamos, ya sabr\u00e1n ustedes como podr\u00edamos estar sin esos programas que algo han hecho en la vida de muchas mujeres.<\/p>\n\n\n\n<p class=\"wp-block-paragraph\">Por otro lado, esta determinaci\u00f3n, ahora en manos de 500 diputados y diputadas federales, ha creado una oleada de manifestaciones a favor y en contra, porque es cierto, no todas han tenido en sus manos los programas y son unas las que se han \u201cbeneficiado de ellos\u201d, en todo caso, como opinan algunas feministas habr\u00eda que transparentar el uso de esos recursos, ponerlos en blanco y negro, y tambi\u00e9n sancionar a quienes no cumplieron los objetivos planteados. La sensaci\u00f3n de los \u00faltimos dos d\u00edas, por los dimes y diretes, es como bien dicen \u201cnos echaron a pelear por unas cuantas migajas de dinero\u201d que pulverizado no ha resuelto el problema y que visto desde la propuesta feminista tiene mucho mar de fondo, porque implica pensar y concebir una sociedad distinta, un reto del que parecen ajenos quienes deciden con presupuestos y pol\u00edticas p\u00fablicas rabonas ante la gravedad del problema.<\/p>\n\n\n\n<p class=\"wp-block-paragraph\">No es entre las mujeres, a favor o en contra de los programa recortados, rebanados o desaparecidos, entre quienes se debe centrar la discusi\u00f3n por el presupuesto, s\u00ed hay que cuestionar la efectividad y muchas veces los \u201cm\u00e9todos cargados de estereotipos\u201d que utilizan algunas instancias de las mujeres, pr\u00e1ctica que es abominable y que se tiene que erradicar. En este momento el enemigo, si quiere llamarse de alg\u00fan modo, est\u00e1 en otro lugar, se llama patriarcado. Es ese el que decide, a pesar de la paridad que est\u00e1 dando sus primeros pasos, el que determina la vida de la sociedad mexicana, de la mitad de la poblaci\u00f3n, donde las cifras hablan de \u00edndices terribles de violencia de g\u00e9nero en contra de ellas.<\/p>\n\n\n\n<p class=\"wp-block-paragraph\">Ya veremos si esa mitad de diputadas federales, muchas de ellas \u2013hay que decirlo lamentablemente sin la m\u00ednima idea de la importancia de incrementar los dineros para programa espec\u00edficos para las mujeres, crear nuevas alternativas basadas en las experiencias acumuladas durante casi dos d\u00e9cadas de las instituciones de g\u00e9nero-, pueden detener la propuesta de reducir los recursos p\u00fablicos para prevenir (y erradicar) la violencia, para hacer que la justicia llegue a muchas mujeres. Veremos si pueden detener ese sunami en el que se ahogar\u00eda el sue\u00f1o de un mundo diferente o al menos con una consciencia sobre la importancia de rechazar la violencia y que esa violencia es un delito.<\/p>\n","protected":false},"excerpt":{"rendered":"<p>Violencia debilita a las mujeres. Erradicarla demanda recursos no reducir ni desaparecer programas. Soledad Jarqu\u00edn Edgar SemM\u00e9xico, 17 diciembre 2018.- La informaci\u00f3n trascendente, sin duda alguna, es el recorte al presupuesto de programas y la eliminaci\u00f3n de otros que est\u00e1n relacionados con la violencia de g\u00e9nero contra las mujeres y programas significativos para alcanzar la [&hellip;]<\/p>\n","protected":false},"author":3,"featured_media":4108,"comment_status":"open","ping_status":"open","sticky":false,"template":"","format":"standard","meta":{"_monsterinsights_skip_tracking":false,"footnotes":""},"categories":[689,75,1],"tags":[],"class_list":["post-4107","post","type-post","status-publish","format-standard","has-post-thumbnail","category-689","category-soledad-jarquin-edgar","category-uncategorized"],"_links":{"self":[{"href":"https:\/\/redsemlac.com\/semmexico\/wp-json\/wp\/v2\/posts\/4107","targetHints":{"allow":["GET"]}}],"collection":[{"href":"https:\/\/redsemlac.com\/semmexico\/wp-json\/wp\/v2\/posts"}],"about":[{"href":"https:\/\/redsemlac.com\/semmexico\/wp-json\/wp\/v2\/types\/post"}],"author":[{"embeddable":true,"href":"https:\/\/redsemlac.com\/semmexico\/wp-json\/wp\/v2\/users\/3"}],"replies":[{"embeddable":true,"href":"https:\/\/redsemlac.com\/semmexico\/wp-json\/wp\/v2\/comments?post=4107"}],"version-history":[{"count":0,"href":"https:\/\/redsemlac.com\/semmexico\/wp-json\/wp\/v2\/posts\/4107\/revisions"}],"wp:featuredmedia":[{"embeddable":true,"href":"https:\/\/redsemlac.com\/semmexico\/wp-json\/wp\/v2\/media\/4108"}],"wp:attachment":[{"href":"https:\/\/redsemlac.com\/semmexico\/wp-json\/wp\/v2\/media?parent=4107"}],"wp:term":[{"taxonomy":"category","embeddable":true,"href":"https:\/\/redsemlac.com\/semmexico\/wp-json\/wp\/v2\/categories?post=4107"},{"taxonomy":"post_tag","embeddable":true,"href":"https:\/\/redsemlac.com\/semmexico\/wp-json\/wp\/v2\/tags?post=4107"}],"curies":[{"name":"wp","href":"https:\/\/api.w.org\/{rel}","templated":true}]}}