{"id":4104,"date":"2019-01-07T18:34:32","date_gmt":"2019-01-07T18:34:32","guid":{"rendered":"https:\/\/redsemlac.com\/semmexico\/?p=4104"},"modified":"2023-07-21T14:43:50","modified_gmt":"2023-07-21T19:43:50","slug":"mujeres-y-politica-6","status":"publish","type":"post","link":"https:\/\/redsemlac.com\/semmexico\/mujeres-y-politica-6\/","title":{"rendered":"Mujeres y Pol\u00edtica"},"content":{"rendered":"\n<p class=\"wp-block-paragraph\">\u2022 \u00bfUna descabellada idea?<\/p>\n\n\n\n<h5 class=\"wp-block-heading\"> Ni paridad ni presupuesto en Oaxaca<\/h5>\n\n\n\n<p class=\"wp-block-paragraph\"><a href=\"https:\/\/semmexico.com\/gallery-post.php?id=6778#\">Soledad Jarqu\u00edn Edgar<\/a><\/p>\n\n\n\n<p class=\"wp-block-paragraph\">SemM\u00e9xico, 7 enero 2019.- Sin duda hay mecanismos legales que hoy existen para que las renuncias de las presidentas municipales de Santiago Tamazola (PRI), San Miguel Ahuehuetitl\u00e1n (PRI) y de San Juan Colorado (PRD) no terminen quit\u00e1ndole un lugar a las mujeres que fueron electas democr\u00e1ticamente en las pasadas elecciones de 2018, aunque pareciera lo contrario.<\/p>\n\n\n\n<p class=\"wp-block-paragraph\">Todo lo cual depende de las instancias gubernamentales correspondientes para evitar lo que yo llamar\u00eda un fraude a la paridad de g\u00e9nero que se consolid\u00f3 constitucionalmente con las reformas al art\u00edculo 41 Constitucional en 2014 y que es producto de m\u00e1s de cien a\u00f1os de demandas de las mujeres por estar y participar en la vida pol\u00edtica del pa\u00eds y que al paso de los a\u00f1os exigi\u00f3 igualdad.<\/p>\n\n\n\n<p class=\"wp-block-paragraph\">En los tres casos, las renuncias de las propietarias y de sus suplentes, es considerado por los cabildos de los tres municipios como el ascenso inmediato de quien sigue en la lista de candidatos y candidatas que formaron las planillas electas en julio pasado. Lo cual, han demostrado algunos y algunas especialistas no es as\u00ed.<\/p>\n\n\n\n<p class=\"wp-block-paragraph\">El temor, sin duda alguna, es que las autoridades como la Secretar\u00eda General de Gobierno hagan como que aqu\u00ed no pasa nada y se ejecute la decisi\u00f3n de los Cabildos violentando las leyes constitucionales que se\u00f1alan c\u00f3mo y qu\u00e9 se debe hacer, lo que involucra al Congreso local, donde se tendr\u00e1n que poner a estudiar las diputadas y diputados para no dar paso al fraude a la paridad de g\u00e9nero, lo cual ser\u00eda muy, pero muy lamentable, pero ante todo bochornoso.<\/p>\n\n\n\n<p class=\"wp-block-paragraph\">As\u00ed que todav\u00eda no es tiempo de frotarse las manos por parte de los varones que ya se ven asumiendo el poder de facto o que ilegalmente lo han asumido. No, todav\u00eda no, esto tiene que pasar por la legalidad, digo ahora que va y viene aquello de que ya se acab\u00f3 la corrupci\u00f3n y que estamos en plena 4T \u00bfO no?<\/p>\n\n\n\n<p class=\"wp-block-paragraph\">Hay caminos, \u00bfqui\u00e9n lo va a tomar? Esa es una pregunta que me hago \u00bfLas diputadas y diputados? Que tienen \u201cmano\u201d en la b\u00fasqueda de una soluci\u00f3n para evitar el fraude a la paridad de g\u00e9nero. Las ciudadanas de los tres municipios d\u00f3nde las presidentas municipales electas solicitaron licencia a manera de renuncia, por razones que tienen que ver con (1) la simulaci\u00f3n de partidos como el PRI y el PRD que las pusieron ah\u00ed para luego \u201cobligarlas\u201d a renunciar y que sean los hombres quienes sigan gobernando; (2) por amenazas (tambi\u00e9n de hombres) como ya se\u00f1al\u00f3 una de ellas, o (3) para que sea el esposo quien gobierne como se plantea en uno de los casos. Ser\u00e1n las organizaciones de la sociedad civil quienes se tengan que subir a esta demanda ciudadana, ahora s\u00ed como dicen, en defensa de los derechos pol\u00edticos de las mujeres y ante la posibilidad de la (posible) comisi\u00f3n de un hecho concreto de violencia pol\u00edtica en raz\u00f3n de g\u00e9nero, que en Oaxaca ya no sabemos si existe o no.<\/p>\n\n\n\n<p class=\"wp-block-paragraph\">Y es que la paridad que se plantea desde la conformaci\u00f3n de las planillas de candidatas y candidatos que cada partido pol\u00edtico presenta a la competencia de las presidencias municipales, contempla como una condici\u00f3n la alternancia entre mujeres y hombres.<\/p>\n\n\n\n<p class=\"wp-block-paragraph\">Y si de lo que se trata es de que se cumpla la paridad entonces habr\u00eda que hacer que la ley se ejecute a cabalidad. Y aunque es un caso distinto, por tratarse de una elecci\u00f3n para renovar el congreso local, en 2013, Alejandra Garc\u00eda Morlan (hoy diputada federal plurinominal del PAN), junto con su suplente, present\u00f3 un Juicio de Protecci\u00f3n de los Derechos Pol\u00edtico Electorales del Ciudadano, con el fin de que se diera cumplimiento al mandato de alternancia y equidad de g\u00e9nero en la lista de candidatos plurinominales.<\/p>\n\n\n\n<p class=\"wp-block-paragraph\">Como recordar\u00e1n, en aquella ocasi\u00f3n Acci\u00f3n Nacional gan\u00f3 por esa v\u00eda dos diputaciones, sin embargo, en la segunda posici\u00f3n se encontraba Antonia Natividad D\u00edaz Jim\u00e9nez, quien tambi\u00e9n por la v\u00eda del voto directo obtuvo una curul, por lo que de manera pronta se alist\u00f3 para ocupar el cargo plurinominal el tercero en la lista, en este caso un var\u00f3n, pero \u2013reitero- en cumplimiento con la alternancia de g\u00e9nero y la equidad, ella pele\u00f3 en los tribunales electorales su lugar, aunque ella estuviera en tercer lugar de la lista y lo consigui\u00f3.<\/p>\n\n\n\n<p class=\"wp-block-paragraph\">No lo s\u00e9 a ciencia cierta, pero esta podr\u00eda ser la v\u00eda para sustituir a las presidentas municipales y que el cargo, ganado por una mujer, sea ocupado por otra mujer, es decir, que la paridad se cumpla con la tercera en la lista de concejales que obtuvieron el triunfo en las urnas. \u00bfSer\u00e1 esta una idea descabellada?<\/p>\n\n\n\n<p class=\"wp-block-paragraph\"><strong>Ni presupuesto ni paridad<\/strong><\/p>\n\n\n\n<p class=\"wp-block-paragraph\">De acuerdo con la informaci\u00f3n publicada por P\u00e1gina3: En Oaxaca, 3 de 4 secretar\u00edas con mujeres titulares, las que menos recursos financieros recibir\u00e1n en 2019, hicimos una lista del presupuesto del Ejecutivo y lo ordenamos por montos, sin considerar los otros dos poderes ni los municipios.<\/p>\n\n\n\n<p class=\"wp-block-paragraph\">En total, son 25 dependencias gubernamentales que manejan recursos p\u00fablicos de mayor a menor, y s\u00ed, el presupuesto se torna raqu\u00edtico, por decir lo menos, cuando se trata de instancias manejadas por mujeres.<\/p>\n\n\n\n<p class=\"wp-block-paragraph\">La excepci\u00f3n es Secretar\u00eda de las Culturas y Artes de Oaxaca, a cargo de Adriana Aguilar, con 183 millones 492 mil 210.55 pesos, que se ubica en el lugar 13, justo a la mitad de las dependencias con mayor y menor presupuesto.<\/p>\n\n\n\n<p class=\"wp-block-paragraph\">En el lugar 18, con 77 millones 288 mil 212.17 pesos, la Secretar\u00eda de Desarrollo Social y Humano, que encabeza Yolanda Mart\u00ednez L\u00f3pez.<\/p>\n\n\n\n<p class=\"wp-block-paragraph\">En Oaxaca donde el 32.2 por ciento de la poblaci\u00f3n total habla alguna lengua ind\u00edgena, la dependencia responsable, la Secretar\u00eda de Asuntos Ind\u00edgenas, dirigida por Eufrosina Cruz Mendoza, se ubica en el lugar n\u00famero 22, con 25 millones 320 mil 845.91 pesos.<\/p>\n\n\n\n<p class=\"wp-block-paragraph\">En el lugar 23, le sigue la Secretar\u00eda de la Mujer Oaxaque\u00f1a, que encabeza, Ana V\u00e1zquez Colmenares, 17 millones 497 mil 182.97 pesos. Pese a las altas cifras de asesinatos de mujeres y otras violencias contra las mujeres, lo que anula de facto la posibilidad de emprender acciones de prevenci\u00f3n, aunado, claro est\u00e1, a los inconvenientes que ya se han planteado.<\/p>\n\n\n\n<p class=\"wp-block-paragraph\">Y en el lugar 25, otra dependencia que dirigida por una mujer la Coordinaci\u00f3n para la Atenci\u00f3n de los Derechos Humanos, bajo la direcci\u00f3n de Norma Reyes Ter\u00e1n, a quien solo se le destinaron siete millones 911 mil 851.61 pesos.<\/p>\n\n\n\n<p class=\"wp-block-paragraph\">En suma, ni la pobreza, ni las mujeres, ni las personas ind\u00edgenas ni los derechos humanos resultan prioritarios en la pol\u00edtica gubernamental de Alejandro Murat Hinojosa, lo que se nota en los raqu\u00edticos presupuestos. Lo otro es lo que se ve y no se juzga: de 25 dependencias que componen el gabinete legal y ampliado, cuatro est\u00e1n bajo el mando de mujeres, 16 por ciento. La paridad en el ejecutivo brilla por su ausencia.<\/p>\n\n\n\n<p class=\"wp-block-paragraph\">As\u00ed las cosas, en esta tierra donde la consigna gubernamental es que todo est\u00e1 en calma y no pasa nada.<\/p>\n\n\n\n<p class=\"wp-block-paragraph\">#JusticiaParaSol<\/p>\n","protected":false},"excerpt":{"rendered":"<p>\u2022 \u00bfUna descabellada idea? Ni paridad ni presupuesto en Oaxaca Soledad Jarqu\u00edn Edgar SemM\u00e9xico, 7 enero 2019.- Sin duda hay mecanismos legales que hoy existen para que las renuncias de las presidentas municipales de Santiago Tamazola (PRI), San Miguel Ahuehuetitl\u00e1n (PRI) y de San Juan Colorado (PRD) no terminen quit\u00e1ndole un lugar a las mujeres [&hellip;]<\/p>\n","protected":false},"author":3,"featured_media":4090,"comment_status":"open","ping_status":"open","sticky":false,"template":"","format":"standard","meta":{"_monsterinsights_skip_tracking":false,"footnotes":""},"categories":[690,75,1],"tags":[],"class_list":["post-4104","post","type-post","status-publish","format-standard","has-post-thumbnail","category-690","category-soledad-jarquin-edgar","category-uncategorized"],"_links":{"self":[{"href":"https:\/\/redsemlac.com\/semmexico\/wp-json\/wp\/v2\/posts\/4104","targetHints":{"allow":["GET"]}}],"collection":[{"href":"https:\/\/redsemlac.com\/semmexico\/wp-json\/wp\/v2\/posts"}],"about":[{"href":"https:\/\/redsemlac.com\/semmexico\/wp-json\/wp\/v2\/types\/post"}],"author":[{"embeddable":true,"href":"https:\/\/redsemlac.com\/semmexico\/wp-json\/wp\/v2\/users\/3"}],"replies":[{"embeddable":true,"href":"https:\/\/redsemlac.com\/semmexico\/wp-json\/wp\/v2\/comments?post=4104"}],"version-history":[{"count":0,"href":"https:\/\/redsemlac.com\/semmexico\/wp-json\/wp\/v2\/posts\/4104\/revisions"}],"wp:featuredmedia":[{"embeddable":true,"href":"https:\/\/redsemlac.com\/semmexico\/wp-json\/wp\/v2\/media\/4090"}],"wp:attachment":[{"href":"https:\/\/redsemlac.com\/semmexico\/wp-json\/wp\/v2\/media?parent=4104"}],"wp:term":[{"taxonomy":"category","embeddable":true,"href":"https:\/\/redsemlac.com\/semmexico\/wp-json\/wp\/v2\/categories?post=4104"},{"taxonomy":"post_tag","embeddable":true,"href":"https:\/\/redsemlac.com\/semmexico\/wp-json\/wp\/v2\/tags?post=4104"}],"curies":[{"name":"wp","href":"https:\/\/api.w.org\/{rel}","templated":true}]}}