{"id":41026,"date":"2021-10-17T11:20:00","date_gmt":"2021-10-17T17:20:00","guid":{"rendered":"https:\/\/redsemlac.com\/semmexico\/?p=41026"},"modified":"2023-07-21T17:07:52","modified_gmt":"2023-07-21T22:07:52","slug":"secretaria-de-salud-no-tiene-en-el-radar-el-derecho-de-las-mujeres-al-aborto-voluntario","status":"publish","type":"post","link":"https:\/\/redsemlac.com\/semmexico\/secretaria-de-salud-no-tiene-en-el-radar-el-derecho-de-las-mujeres-al-aborto-voluntario\/","title":{"rendered":"Secretar\u00eda de Salud no tiene en el radar el derecho de las mujeres al aborto voluntario"},"content":{"rendered":"\n<ul class=\"wp-block-list\"><li><strong>Patricia Mercado Castro cuestiona al titular de Salud sobre <\/strong><strong>la planeaci\u00f3n hospitalaria, capacitaci\u00f3n y cat\u00e1logo de objetores de consciencia<\/strong><\/li><\/ul>\n\n\n\n<ul class=\"wp-block-list\"><li><strong>Di\u00e1logo en la comparecencia de Jorge Alcocer Varela, sobre cannabis, objeci\u00f3n de conciencia y <em>la presencia de la Marina en Cofepris<\/em><\/strong><\/li><\/ul>\n\n\n\n<p class=\"wp-block-paragraph\"><strong>Sara Lovera<\/strong><\/p>\n\n\n\n<p class=\"wp-block-paragraph\">SemM\u00e9xico, Cd. de M\u00e9xico, 17 de octubre, 2021.- \u00bfC\u00f3mo se prepara la Secretar\u00eda de Salud para atender los abortos voluntarios?, fue una pregunta de la senadora Patricia Mercado Castro.<\/p>\n\n\n\n<p class=\"wp-block-paragraph\">Respuesta de Juan Antonio Ferrer Aguilar, director del Instituto Nacional de Salud para el Bienestar (Insabi), \u201cesperamos que el Congreso legisle\u201d, o sea no respondi\u00f3.<\/p>\n\n\n\n<p class=\"wp-block-paragraph\">El funcionario tabasque\u00f1o as\u00ed dijo, a pesar que desde 2009 existe la norma 046 sobre criterios para la atenci\u00f3n m\u00e9dica de la violencia familiar, sexual y contra las mujeres, que fue necesaria para hacer valer el derecho de las mujeres a interrumpir un embarazo producto de una violaci\u00f3n, y que obliga a los servicios hospitalarios a realizarla con la sola denuncia de la v\u00edctima y si es menor, con la aprobaci\u00f3n de sus progenitores o tutores. O sea que los servicios de salud debieran tener experiencia.<\/p>\n\n\n\n<p class=\"wp-block-paragraph\">Ni idea de los abortos no penalizados que seguramente atienden los servicios de salud, hace a\u00f1os, los espont\u00e1neos, por peligro de vida de la madre, inseminaci\u00f3n artificial impuesta, da\u00f1os a la salud, malformaci\u00f3n cong\u00e9nita, imprudencia de la mujer y otras 4 o 5 excepciones de ley, entre 1931 y 1977.<\/p>\n\n\n\n<p class=\"wp-block-paragraph\">No. Tampoco el secretario de Salud, Jorge Alcocer Varela pudo responder a la senadora sobre la objeci\u00f3n de conciencia, si hay un padr\u00f3n en el caso de los m\u00e9dicos, ahora que la Suprema Corte de Justicia consider\u00f3 inconstitucional la prohibici\u00f3n del aborto y la criminalizaci\u00f3n a las mujeres y a quien se los practique.<\/p>\n\n\n\n<p class=\"wp-block-paragraph\">Por ahora, explic\u00f3 en entrevista, la senadora Mercado Castro, que lo importante es que, en Salud, tengan idea, de donde van a partir en t\u00e9rminos de los objetores de conciencia; c\u00f3mo har\u00e1n la capacitaci\u00f3n para atender abortos por violaci\u00f3n y cual ser\u00eda la infraestructura hospitalaria o los servicios de medicamentos que podr\u00edan atenderlos en el primer nivel.<\/p>\n\n\n\n<p class=\"wp-block-paragraph\">Las respuestas hacen evidente que hasta ahora las autoridades de la Secretar\u00eda de Salud ni siquiera se han preguntado c\u00f3mo podr\u00e1n responder al derecho al aborto, y cu\u00e1les son sus criterios ahora que se discutir\u00e1n cambios en la Ley General de Salud, precisamente para asegurar abortos seguros y sin riesgo, para las mujeres frente a la despenalizaci\u00f3n del aborto acordado en septiembre por la Suprema Corte de Justicia.<\/p>\n\n\n\n<p class=\"wp-block-paragraph\">Parece que no lo tienen en el radar, dice la senadora Mercado Castro quien el viernes cuestion\u00f3 al secretario de Salud, Jorge Alcocer Varela, luego de que la Corte resolvi\u00f3 que es inconstitucional criminalizar el aborto de manera absoluta y que se present\u00f3 una iniciativa de reforma a la Ley General de Salud.<\/p>\n\n\n\n<p class=\"wp-block-paragraph\">El di\u00e1logo con las autoridades de salud, fue durante la comparecencia de este viernes ante la Comisi\u00f3n de Salud del Senado.<\/p>\n\n\n\n<p class=\"wp-block-paragraph\">Adem\u00e1s de la ILE, la legisladora Mercado record\u00f3 que el pasado 28 de junio, la Corte emiti\u00f3 el declaratorio general de inconstitucionalidad de la prohibici\u00f3n del uso de la mariguana, por lo que mientras el Congreso no legisle al respecto, corresponde a Salud emitir las autorizaciones para la adquisici\u00f3n de la semilla y los permisos para el cultivo, para uso personal.<\/p>\n\n\n\n<h2 class=\"wp-block-heading\">Aborto<\/h2>\n\n\n\n<p class=\"wp-block-paragraph\">Mercado Castro pregunt\u00f3 al Secretario de Salud sobre cu\u00e1l es la planeaci\u00f3n que se tiene para que los hospitales atiendan el aborto voluntario, si existe un padr\u00f3n de objetores de conciencia y c\u00f3mo se respetar\u00e1 el derecho a decidir de las mujeres.<\/p>\n\n\n\n<p class=\"wp-block-paragraph\">As\u00ed lo dijo: \u201ccuando hagamos esta decisi\u00f3n del cambio a la Ley de Salud &#8211;seguramente esperamos trabajar con la Secretar\u00eda de Salud en esta discusi\u00f3n, porque con su experiencia, la obligaci\u00f3n que ya tiene de atender el aborto legal, desde hace ya algunos a\u00f1os, sobre todo producto de violaci\u00f3n, va a ser clave su presencia y su discusi\u00f3n para esta reforma del aborto voluntario&#8211; mi pregunta es, \u00bfcu\u00e1l es el diagn\u00f3stico? \u00bfde d\u00f3nde vamos a partir? no de, solamente, la causal de violaci\u00f3n y de peligro de vida de la madre, a esta nueva pol\u00edtica de atender el aborto voluntario, \u00bfcu\u00e1l es el diagn\u00f3stico, la planeaci\u00f3n de recursos humanos en los hospitales?\u201d<\/p>\n\n\n\n<p class=\"wp-block-paragraph\">Textual: \u201cSobre el tema de objeci\u00f3n de conciencia, \u00bftienen ahora un padr\u00f3n de objetores de conciencia? \u00bfqu\u00e9 tipo de objetores de conciencia tenemos? porque sin duda reconoceremos, como dijo la Corte, la objeci\u00f3n de conciencia es un derecho; es un derecho del personal m\u00e9dico y de enfermer\u00eda, pero las instituciones como tal \u00bfcu\u00e1l es su diagn\u00f3stico, en este sentido, para entrar a esta nueva modalidad a partir de la decisi\u00f3n de la Corte de respetar el derecho a decidir de las mujeres?\u201d.<\/p>\n\n\n\n<p class=\"wp-block-paragraph\">La Senadora Mercado Castro, de Movimiento Ciudadano, se\u00f1al\u00f3 que a pesar de que se prometi\u00f3 que con la reforma que cre\u00f3 el Insabi para sustituir al Seguro Popular habr\u00eda atenci\u00f3n universal, atenci\u00f3n primaria a la salud y medicamentos para todos, los datos revelados por la propia dependencia se\u00f1alan que aument\u00f3 la carencia de atenci\u00f3n a la salud, pues M\u00e9xico es el segundo pa\u00eds con el gasto de bolsillo m\u00e1s grande de los pa\u00edses de la OCDE para atender a la salud.<\/p>\n\n\n\n<p class=\"wp-block-paragraph\">La Cannabis<\/p>\n\n\n\n<p class=\"wp-block-paragraph\">La senadora integrante de la Bancada Naranja, Patricia Mercado Castro, tambi\u00e9n, cuestion\u00f3 al titular de la Secretar\u00eda de Salud, con motivo de que la Comisi\u00f3n Federal para la Protecci\u00f3n contra Riesgos Sanitarios (Cofepris) sigue dando negativas a las personas que solicitan permisos para&nbsp;el autocultivo del&nbsp;cannabis, a pesar del mandato de la Suprema Corte de Justicia de la Naci\u00f3n.<\/p>\n\n\n\n<p class=\"wp-block-paragraph\">\u201cLa Cofepris no ha cumplido plenamente con el mandato judicial, pues sigue dando negativas a las personas solicitantes. Organizaciones de la sociedad civil ya han levantado la voz frente a esto. Sabemos que Cofepris lanz\u00f3 una nueva plataforma de tr\u00e1mites autogestivos, lo que sin duda era necesario para aumentar la eficiencia, por eso le pregunto: \u00bfcon esta plataforma se podr\u00e1?, \u00bfcu\u00e1les han sido los tiempos promedio m\u00ednimos y m\u00e1ximos del tr\u00e1mite?, \u00bfcuenta con un cronograma para que Cofepris cumpla con su obligaci\u00f3n de expedir los lineamientos que regulen los permisos para el auto cultivo de cannabis?\u201d, pregunt\u00f3.<\/p>\n\n\n\n<p class=\"wp-block-paragraph\"><\/p>\n","protected":false},"excerpt":{"rendered":"<p>Patricia Mercado Castro cuestiona al titular de Salud sobre la planeaci\u00f3n hospitalaria, capacitaci\u00f3n y cat\u00e1logo de objetores de consciencia Di\u00e1logo en la comparecencia de Jorge Alcocer Varela, sobre cannabis, objeci\u00f3n de conciencia y la presencia de la Marina en Cofepris Sara Lovera SemM\u00e9xico, Cd. de M\u00e9xico, 17 de octubre, 2021.- \u00bfC\u00f3mo se prepara la Secretar\u00eda [&hellip;]<\/p>\n","protected":false},"author":3,"featured_media":41027,"comment_status":"open","ping_status":"open","sticky":false,"template":"","format":"standard","meta":{"_monsterinsights_skip_tracking":false,"footnotes":""},"categories":[692,50],"tags":[],"class_list":["post-41026","post","type-post","status-publish","format-standard","has-post-thumbnail","category-692","category-congreso"],"_links":{"self":[{"href":"https:\/\/redsemlac.com\/semmexico\/wp-json\/wp\/v2\/posts\/41026","targetHints":{"allow":["GET"]}}],"collection":[{"href":"https:\/\/redsemlac.com\/semmexico\/wp-json\/wp\/v2\/posts"}],"about":[{"href":"https:\/\/redsemlac.com\/semmexico\/wp-json\/wp\/v2\/types\/post"}],"author":[{"embeddable":true,"href":"https:\/\/redsemlac.com\/semmexico\/wp-json\/wp\/v2\/users\/3"}],"replies":[{"embeddable":true,"href":"https:\/\/redsemlac.com\/semmexico\/wp-json\/wp\/v2\/comments?post=41026"}],"version-history":[{"count":0,"href":"https:\/\/redsemlac.com\/semmexico\/wp-json\/wp\/v2\/posts\/41026\/revisions"}],"wp:featuredmedia":[{"embeddable":true,"href":"https:\/\/redsemlac.com\/semmexico\/wp-json\/wp\/v2\/media\/41027"}],"wp:attachment":[{"href":"https:\/\/redsemlac.com\/semmexico\/wp-json\/wp\/v2\/media?parent=41026"}],"wp:term":[{"taxonomy":"category","embeddable":true,"href":"https:\/\/redsemlac.com\/semmexico\/wp-json\/wp\/v2\/categories?post=41026"},{"taxonomy":"post_tag","embeddable":true,"href":"https:\/\/redsemlac.com\/semmexico\/wp-json\/wp\/v2\/tags?post=41026"}],"curies":[{"name":"wp","href":"https:\/\/api.w.org\/{rel}","templated":true}]}}