{"id":41009,"date":"2021-10-15T14:33:28","date_gmt":"2021-10-15T20:33:28","guid":{"rendered":"https:\/\/redsemlac.com\/semmexico\/?p=41009"},"modified":"2023-07-21T17:07:53","modified_gmt":"2023-07-21T22:07:53","slug":"advierten-a-sheinbaum-no-aceptaremos-otro-espacio-para-la-glorieta-de-las-mujeres-que-luchan","status":"publish","type":"post","link":"https:\/\/redsemlac.com\/semmexico\/advierten-a-sheinbaum-no-aceptaremos-otro-espacio-para-la-glorieta-de-las-mujeres-que-luchan\/","title":{"rendered":"Advierten a Sheinbaum: No aceptaremos otro espacio para la Glorieta de las Mujeres que Luchan"},"content":{"rendered":"\n<ul class=\"wp-block-list\"><li><strong>Buscan dar cuentan de la impunidad y la falta de justicia, en el Paseo de la Verg\u00fcenza<\/strong><\/li><\/ul>\n\n\n\n<ul class=\"wp-block-list\"><li><strong>Anuncian una tercera toma en los pr\u00f3ximos d\u00edas<\/strong><\/li><\/ul>\n\n\n\n<p class=\"wp-block-paragraph\"><strong>Redacci\u00f3n<\/strong>\/Imagen por @m.arttte<\/p>\n\n\n\n<p class=\"wp-block-paragraph\">SemM\u00e9xico, Ciudad de M\u00e9xico, 15 de octubre, 2021.- No aceptaremos otro espacio. Es ah\u00ed, en esa Glorieta, en el emblem\u00e1tico Paseo de la Reforma, avenida donde est\u00e1n representadas las im\u00e1genes de algunos personajes y momentos emblem\u00e1ticos de la historia contada desde el poder, donde luchas sociales y movimientos dignos han decidido se\u00f1alar, a trav\u00e9s de antimonument@s que dan cuenta de la impunidad y la injusticia; este es tambi\u00e9n el Paseo de la Verg\u00fcenza para el Estado Mexicano, donde se se\u00f1alan sus omisiones y cr\u00edmenes y las historias que no quisieran recordar.<\/p>\n\n\n\n<p class=\"wp-block-paragraph\">As\u00ed lo expresan en un comunicado difundido en redes sociales, quienes en d\u00edas pasados establecieron en el Paseo de la Reforma la Glorieta de las Mujeres que Luchan, tras el anuncio de la jefa de gobierno de la ciudad de M\u00e9xico, Claudia Sheinbaum de colocar en el pedestal una r\u00e9plica en piedra de una figura que, seg\u00fan la arqueolog\u00eda, representa a una \u201cmujer joven de \u00e9lite\u201d, \u201cuna posible gobernante\u201d, una mujer ind\u00edgena que probablemente perteneci\u00f3 a los m\u00e1s altos c\u00edrculos del poder de la antigua cultura huasteca.<\/p>\n\n\n\n<p class=\"wp-block-paragraph\">Explican que la Glorieta de las Mujeres que Luchan fue nombrada as\u00ed por muchas mujeres que por a\u00f1os han sido ejemplo de dignidad y fortaleza al enfrentarse a la criminalizaci\u00f3n y terribles actos que, por acci\u00f3n u omisi\u00f3n, el Estado mexicano perpet\u00faa despu\u00e9s de que sufren la p\u00e9rdida violenta o desaparici\u00f3n de alg\u00fan ser querido, son desplazadas, o despojadas de sus tierras, o violentadas, o sobreviven ataques feminicidas, entre muchas otras violencias estructurales m\u00e1s.<\/p>\n\n\n\n<p class=\"wp-block-paragraph\">La que antes fue la Glorieta de Col\u00f3n fue tomado y reivindicado como un sitio de memoria y resistencia dedicado a las luchas encabezadas por miles de mujeres que se organizan a lo largo del territorio nacional para luchar contra las violencias omisiones e injusticias, con las que este gobierno (la administraci\u00f3n que encabeza Andr\u00e9s Manuel L\u00f3pez Obrador) ha roto en los hechos cualquier clase de di\u00e1logo, al no mencionarlas en sus conferencias y denost\u00e1ndoles cuando lo hace criminalizando, invisibilizando, atacando.<\/p>\n\n\n\n<p class=\"wp-block-paragraph\">Incluso, se\u00f1ala el comunicado, reprimiendo cualquier acci\u00f3n y de manera particular al colocar un enorme muro (que las mujeres convertimos en Memorial) el 6 de marzo pasado previo a la marcha del 8M, que para nosotras signific\u00f3 la cancelaci\u00f3n del di\u00e1logo para con la sociedad civil organizada particularmente con el movimiento amplio de mujeres.<\/p>\n\n\n\n<p class=\"wp-block-paragraph\">La intenci\u00f3n es eliminar de su panorama pol\u00edtico la desbordada crisis de Derechos Humanos que se vive en este M\u00e9xico feminicida, derivada de las violencias machistas en todos los \u00e1mbitos de la vida p\u00fablica y privada y una profunda desigualdad social, citan.<\/p>\n\n\n\n<p class=\"wp-block-paragraph\">#FuimosTodas dicen en referencia a quienes planearon, colocaron, intervinieron, despu\u00e9s de que el gobierno mexicano mandara a borrar los nombres de mujeres mexicanas en lucha, escritos en las vallas de la Glorieta. Adem\u00e1s de forma virtual intervinieron dise\u00f1adoras seguidoras, acad\u00e9micas, feministas, familiares, estudiantes, miles de mujeres de diversos estados del pa\u00eds y otros pa\u00edses apoyaron la toma, escribieron y compartieron, explicitando que recibieron la acci\u00f3n como un acto de justicia y reafirmaci\u00f3n de la memoria de la lucha de las mujeres.<\/p>\n\n\n\n<p class=\"wp-block-paragraph\">No podr\u00e1n borrarnos dicen y afirman que no aceptar\u00e1n otro espacio. \u201cEs ah\u00ed, en esa Glorieta, en el emblem\u00e1tico Paseo de la Reforma. Este paseo contaba con un gran y evidente vac\u00edo: tomar en cuenta el papel hist\u00f3rico de la mujer en nuestro pa\u00eds, por ello decidimos que exista la <a href=\"https:\/\/www.facebook.com\/hashtag\/glorietadelasmujeresqueluchan?__eep__=6&amp;__cft__%5B0%5D=AZX1a8Ge9Lwo_2FiYCXcYXX0dmOf5DrT3luZz0MT7LNklPPMw6vrcyL6gKcXo3743XelX-6j3PSTKKE5mhCI3Tr0wtXMTs-hl9i51xkCrt0RQJq2qUFdW3qLX_73vv37c8hVbiVkZ0lw5gGAyixihp48YGZwhM_8zOmkJV-ts5IdgA&amp;__tn__=*NK-y-R\">#GlorietaDelasMujeresQueLuchan<\/a> por que <a href=\"https:\/\/www.facebook.com\/hashtag\/lahistorialaescribimosnosotras?__eep__=6&amp;__cft__%5B0%5D=AZX1a8Ge9Lwo_2FiYCXcYXX0dmOf5DrT3luZz0MT7LNklPPMw6vrcyL6gKcXo3743XelX-6j3PSTKKE5mhCI3Tr0wtXMTs-hl9i51xkCrt0RQJq2qUFdW3qLX_73vv37c8hVbiVkZ0lw5gGAyixihp48YGZwhM_8zOmkJV-ts5IdgA&amp;__tn__=*NK-y-R\">#LaHistoriaLaEscribimosNosotras<\/a> y <a href=\"https:\/\/www.facebook.com\/hashtag\/elfeminismoser%C3%A1anticolonialistaonoser%C3%A1?__eep__=6&amp;__cft__%5B0%5D=AZX1a8Ge9Lwo_2FiYCXcYXX0dmOf5DrT3luZz0MT7LNklPPMw6vrcyL6gKcXo3743XelX-6j3PSTKKE5mhCI3Tr0wtXMTs-hl9i51xkCrt0RQJq2qUFdW3qLX_73vv37c8hVbiVkZ0lw5gGAyixihp48YGZwhM_8zOmkJV-ts5IdgA&amp;__tn__=*NK-y-R\">#ElFeminismoSer\u00e1AnticolonialistaoNoSer\u00e1<\/a><\/p>\n\n\n\n<p class=\"wp-block-paragraph\">Por ello, exigen a la jefa de Gobierno de la Ciudad de M\u00e9xico que no se retire la pieza colocada en el pedestal, hasta que el espacio sea reconocido como la Glorieta de las Mujeres que Luchan y como el espacio de memoria que hemos mencionado y que tanto se requiere.<\/p>\n\n\n\n<p class=\"wp-block-paragraph\">\u201cNo permitiremos el desmantelamiento de una protesta social respaldada por tantas personas en diversos puntos del pa\u00eds hasta que esto no ocurra. Esta acci\u00f3n es un grito potente y claro de las mujeres que exigimos justicia en M\u00e9xico, una acci\u00f3n por la Memoria y la Justicia en M\u00e9xico <a href=\"https:\/\/www.facebook.com\/hashtag\/nuncam%C3%A1ssinnosotras?__eep__=6&amp;__cft__%5B0%5D=AZX1a8Ge9Lwo_2FiYCXcYXX0dmOf5DrT3luZz0MT7LNklPPMw6vrcyL6gKcXo3743XelX-6j3PSTKKE5mhCI3Tr0wtXMTs-hl9i51xkCrt0RQJq2qUFdW3qLX_73vv37c8hVbiVkZ0lw5gGAyixihp48YGZwhM_8zOmkJV-ts5IdgA&amp;__tn__=*NK-y-R\">#NuncaM\u00e1sSinNosotras<\/a>.<\/p>\n\n\n\n<p class=\"wp-block-paragraph\">Anuncian una tercer toma de la Glorieta de las Mujeres que Luchan con las familias, colectivas y mujeres que intervinieron en la toma del 25 de Septiembre <a href=\"https:\/\/www.facebook.com\/hashtag\/25s?__eep__=6&amp;__cft__%5B0%5D=AZX1a8Ge9Lwo_2FiYCXcYXX0dmOf5DrT3luZz0MT7LNklPPMw6vrcyL6gKcXo3743XelX-6j3PSTKKE5mhCI3Tr0wtXMTs-hl9i51xkCrt0RQJq2qUFdW3qLX_73vv37c8hVbiVkZ0lw5gGAyixihp48YGZwhM_8zOmkJV-ts5IdgA&amp;__tn__=*NK-y-R\">#25S<\/a>; la reivindicaci\u00f3n de la misma el 3 de Octubre <a href=\"https:\/\/www.facebook.com\/hashtag\/3o?__eep__=6&amp;__cft__%5B0%5D=AZX1a8Ge9Lwo_2FiYCXcYXX0dmOf5DrT3luZz0MT7LNklPPMw6vrcyL6gKcXo3743XelX-6j3PSTKKE5mhCI3Tr0wtXMTs-hl9i51xkCrt0RQJq2qUFdW3qLX_73vv37c8hVbiVkZ0lw5gGAyixihp48YGZwhM_8zOmkJV-ts5IdgA&amp;__tn__=*NK-y-R\">#3O<\/a>, m\u00e1s las que se sumar\u00e1n a esta Tercera Acci\u00f3n de defensa del espacio dignamente tomado y renombrado #HastaQueHayaJusticia.<\/p>\n\n\n\n<p class=\"wp-block-paragraph\">SEM\/sj<\/p>\n","protected":false},"excerpt":{"rendered":"<p>Anuncian una tercera toma en los pr\u00f3ximos d\u00edas<\/p>\n","protected":false},"author":3,"featured_media":41010,"comment_status":"open","ping_status":"open","sticky":false,"template":"","format":"standard","meta":{"_monsterinsights_skip_tracking":false,"footnotes":""},"categories":[692,1],"tags":[149],"class_list":["post-41009","post","type-post","status-publish","format-standard","has-post-thumbnail","category-692","category-uncategorized","tag-mujeres"],"_links":{"self":[{"href":"https:\/\/redsemlac.com\/semmexico\/wp-json\/wp\/v2\/posts\/41009","targetHints":{"allow":["GET"]}}],"collection":[{"href":"https:\/\/redsemlac.com\/semmexico\/wp-json\/wp\/v2\/posts"}],"about":[{"href":"https:\/\/redsemlac.com\/semmexico\/wp-json\/wp\/v2\/types\/post"}],"author":[{"embeddable":true,"href":"https:\/\/redsemlac.com\/semmexico\/wp-json\/wp\/v2\/users\/3"}],"replies":[{"embeddable":true,"href":"https:\/\/redsemlac.com\/semmexico\/wp-json\/wp\/v2\/comments?post=41009"}],"version-history":[{"count":0,"href":"https:\/\/redsemlac.com\/semmexico\/wp-json\/wp\/v2\/posts\/41009\/revisions"}],"wp:featuredmedia":[{"embeddable":true,"href":"https:\/\/redsemlac.com\/semmexico\/wp-json\/wp\/v2\/media\/41010"}],"wp:attachment":[{"href":"https:\/\/redsemlac.com\/semmexico\/wp-json\/wp\/v2\/media?parent=41009"}],"wp:term":[{"taxonomy":"category","embeddable":true,"href":"https:\/\/redsemlac.com\/semmexico\/wp-json\/wp\/v2\/categories?post=41009"},{"taxonomy":"post_tag","embeddable":true,"href":"https:\/\/redsemlac.com\/semmexico\/wp-json\/wp\/v2\/tags?post=41009"}],"curies":[{"name":"wp","href":"https:\/\/api.w.org\/{rel}","templated":true}]}}