{"id":41006,"date":"2021-10-15T12:22:00","date_gmt":"2021-10-15T18:22:00","guid":{"rendered":"https:\/\/redsemlac.com\/semmexico\/?p=41006"},"modified":"2023-07-21T17:07:53","modified_gmt":"2023-07-21T22:07:53","slug":"senado-aprueba-reconocimiento-elvia-carrillo-puerto-a-laura-martinez-rodriguez-y-daptnhe-cuevas-ortiz","status":"publish","type":"post","link":"https:\/\/redsemlac.com\/semmexico\/senado-aprueba-reconocimiento-elvia-carrillo-puerto-a-laura-martinez-rodriguez-y-daptnhe-cuevas-ortiz\/","title":{"rendered":"Senado aprueba reconocimiento Elvia Carrillo Puerto a Laura Mart\u00ednez Rodr\u00edguez y Daptnhe Cuevas Ortiz"},"content":{"rendered":"\n<ul class=\"wp-block-list\"><li><strong>Legisladoras del PAN y del PRI desaprueban proceso interno de la Comisi\u00f3n para la Igualdad de G\u00e9nero<\/strong><\/li><li><strong>La a presea se otorga desde 2014, la primera fue la doctora Mar\u00eda Marcela Lagarde y de los R\u00edos.<\/strong><\/li><\/ul>\n\n\n\n<p class=\"wp-block-paragraph\"><strong>Elda Montiel<\/strong><\/p>\n\n\n\n<p class=\"wp-block-paragraph\">SemM\u00e9xico, Cd. de M\u00e9xico, 15 de octubre 2021.- Con la abstenci\u00f3n del Grupo Parlamentario del PRI y del Grupo Parlamentario del PAN el pleno del Senado aprob\u00f3 otorgar el Reconocimiento \u201cElvia Carrillo Puerto\u201d 2020 a la psic\u00f3loga Laura Mart\u00ednez Rodr\u00edguez y el 2021 a la economista Daptnhe Cuevas Ortiz.<\/p>\n\n\n\n<p class=\"wp-block-paragraph\">Esta presea se otorga desde el 2013 para distinguir a las mujeres por su labor en defensa de la protecci\u00f3n, del ejercicio e investigaci\u00f3n de los derechos humanos de las mujeres y de la igualdad de g\u00e9nero en nuestro pa\u00eds.<\/p>\n\n\n\n<p class=\"wp-block-paragraph\">Tanto la senadora panista Kenia L\u00f3pez Rabad\u00e1n como la senadora priista Nuvia Magdalena Mayorga Delgado advirtieron que su postura no era contra las mujeres distinguidas sino por la ausencia de un inter\u00e9s genuino de escuchar y atender acuerdos legislativos planteados al interior de la Comisi\u00f3n para la Igualdad de G\u00e9nero.<\/p>\n\n\n\n<p class=\"wp-block-paragraph\">En su intervenci\u00f3n el senador del PAN Jos\u00e9 Alfredo Botello Montes considero como violencia pol\u00edtica y discriminaci\u00f3n que no se distinguiera a la doctora Mar\u00eda Elena \u00c1lvarez de Vicencio que tambi\u00e9n estaba inscrita junto con Laura Mart\u00ednez Rodr\u00edguez de la que, dijo, no tiene duda de su lucha feminista muy reconocida, pero que el dictamen de este galard\u00f3n denota que, si cuenta el tinte partidista, por lo que se absten\u00eda de votar.<\/p>\n\n\n\n<p class=\"wp-block-paragraph\">Nuvia Mayorga califico de \u201cdesaseo legislativo\u201d la forma en que se impuso a las dos mujeres reconocidas y no como un consenso de todos los grupos parlamentarios. Como integrante de la Comisi\u00f3n indico que se cambiaron las fechas o las horas para ver los dict\u00e1menes y nunca hubo acuerdos.<\/p>\n\n\n\n<p class=\"wp-block-paragraph\">Un reconocimiento que dijo no es debatible en su esencia ya que se busca a plenitud el ejercicio de los derechos humanos de las mujeres. Fue pensadopara distinguir a quien se destaque por su labor y por su lucha a favor de las mujeres. Esto es lo que debe imperar en estos reconocimientos, no la filiaci\u00f3n de un solo partido.<\/p>\n\n\n\n<p class=\"wp-block-paragraph\">Abundo que como Elvia Carrillo Puerto que en su momento alzo la voz a favor del feminismo y de la lucha por los derechos de las mujeres, el grupo parlamentario del PRI levantaba su voz para que se anteponga el pluralismo ante la imposici\u00f3n de un solo partido.<\/p>\n\n\n\n<p class=\"wp-block-paragraph\">La senadora Kenia L\u00f3pez Rabad\u00e1n destaco que gracias a la lucha de Elvia Carrillo Puerto es que la mitad del Senado y la mitad de la C\u00e1mara de Diputados se tiene la representaci\u00f3n de las mujeres. Lamento como feminista el \u201cavasallamiento en una Comisi\u00f3n, porque tendr\u00e1n los votos, pero no tienen la calidad moral\u201d.&nbsp;<\/p>\n\n\n\n<p class=\"wp-block-paragraph\">Kenia Rabad\u00e1n considero la actitud avasalladora de la mayor\u00eda al interior de la Comisi\u00f3n de Igualdad de G\u00e9nero como un abuso, una violencia, un exceso que debe parar. Lo que no se puede acompa\u00f1ar, dijo es que no se escuche a la oposici\u00f3n, y reclamo que siempre se van por el agandalle, la divisi\u00f3n, la imposici\u00f3n en lugar de construir acuerdos.&nbsp;<\/p>\n\n\n\n<p class=\"wp-block-paragraph\">Como feminista la legisladora lament\u00f3 que no se reconozca que existen muchos tipos de feminismo, muchos tipos de mujeres que dan la lucha en distintos \u00e1mbitos en lo econ\u00f3mico, lo social, en los derechos humanos, en el empoderamiento. Muchos tipos de entendimiento de la lucha por las mujeres.<\/p>\n\n\n\n<p class=\"wp-block-paragraph\">Por su parte, la presidenta de la Comisi\u00f3n para la Igualdad de G\u00e9nero, la morenista Martha Luc\u00eda Micher Camarena, asegur\u00f3 que el proceso fue democr\u00e1tico y apegado a la ley, y respecto a la doctora Mar\u00eda Elena \u00c1lvarez, dijo que las senadoras de Acci\u00f3n Nacional dieron la batalla, pero no ganaron.<\/p>\n\n\n\n<p class=\"wp-block-paragraph\">\u201cCuando no salen las propuestas dicen que es mayoriteo\u201d, expres\u00f3.<\/p>\n\n\n\n<p class=\"wp-block-paragraph\">Patricia Mercado, senadora de Movimiento Ciudadano, hizo un llamado a las y los legisladores a votar a favor de estas dos grandes mujeres feministas de M\u00e9xico, quienes \u201cno est\u00e1n relacionadas a ning\u00fan partido pol\u00edtico y tienen suficiente autonom\u00eda\u201d.&nbsp;<\/p>\n\n\n\n<p class=\"wp-block-paragraph\">Mientras el senador Emilio \u00c1lvarez Icaza Longoria reconoci\u00f3 el aporte de las galardonadas y llam\u00f3 a que en las siguientes emisiones del Reconocimiento \u201cElvia Carrillo Puerto\u201d, se logren acuerdos que incluyan otro tipo de expresiones de la lucha de las mujeres, para que desde el Senado se env\u00ede un mensaje de unidad y pluralidad.&nbsp;<\/p>\n\n\n\n<h2 class=\"wp-block-heading\"><strong>Las galardonadas<\/strong><\/h2>\n\n\n\n<p class=\"wp-block-paragraph\">Con 73 votos a favor y 28 abstenciones, se aval\u00f3 entregar el reconocimiento Elvia Carrillo Puerto 2020 a Laura Mart\u00ednez Rodr\u00edguez, a quien por cuestiones de la pandemia no se le pudo entregar el a\u00f1o pasado.<\/p>\n\n\n\n<p class=\"wp-block-paragraph\">Egresada de la Facultad de Psicolog\u00eda por la Universidad Nacional Aut\u00f3noma de M\u00e9xico; especialista en Estudios de la Mujer por el Programa Interdisciplinario de Estudios de la Mujer, del Colegio de M\u00e9xico; egresada del M\u00e1ster en G\u00e9nero y Derecho por la Universidad de Barcelona. &nbsp;<\/p>\n\n\n\n<p class=\"wp-block-paragraph\">Es consultora de la Organizaci\u00f3n de Naciones Unidas en temas de g\u00e9nero y dictaminadora de proyectos del Instituto Nacional de la Juventud y e Instituto de Desarrollo Social.<\/p>\n\n\n\n<p class=\"wp-block-paragraph\">&nbsp;Por separado, con 68 votos a favor y 23 abstenciones, el Pleno aprob\u00f3 otorgar a Daptnhe Cuevas Ortiz el Reconocimiento \u201cElvia Carrillo Puerto\u201d, correspondiente a 2021, por su compromiso pol\u00edtico y personal con la causa de las mujeres y el logro de la igualdad sustantiva, la erradicaci\u00f3n de las violencias en su contra y la garant\u00eda plena de sus derechos.&nbsp;<\/p>\n\n\n\n<p class=\"wp-block-paragraph\">Por su trabajo en el \u00e1mbito legislativo a favor de que se garantice plenamente los derechos de las ni\u00f1as y las mujeres.&nbsp;Actualmente es integrante del Grupo Ad Hoc para el seguimiento del Consenso de Montevideo, coordinado por diversas organizaciones internacionales; parte del staff de derechos sexuales y reproductivos en Equidad de G\u00e9nero, Ciudadan\u00eda, Trabajo y Familia A.C; y directora ejecutiva del Consorcio para el Di\u00e1logo Parlamentario y la Equidad.&nbsp;&nbsp;<\/p>\n\n\n\n<p class=\"wp-block-paragraph\">Integr\u00f3 la Delegaci\u00f3n Oficial Mexicana en la X Conferencia Regional de la Mujer y form\u00f3 parte del Grupo de negociaci\u00f3n del Consenso de Quito, en 2007; de la delegaci\u00f3n oficial mexicana, en la XI Conferencia Regional de la Mujer y del Grupo de Negociaci\u00f3n del Consenso de Brasilia, en 2010; as\u00ed como de la delegaci\u00f3n oficial mexicana en las negociaciones intergubernamentales de la Agenda 2030.&nbsp;<\/p>\n\n\n\n<h2 class=\"wp-block-heading\"><strong>Presea Elvia Carrillo Puerto<\/strong><\/h2>\n\n\n\n<p class=\"wp-block-paragraph\">Elvia Carrillo Puerto fue la primera diputada feminista en una \u00e9poca en la que no estaba reconocido el voto de la mujer; fue la reivindicadora del enfoque integral de derechos humanos como el divorcio, la natalidad y la autodeterminaci\u00f3n.<\/p>\n\n\n\n<p class=\"wp-block-paragraph\">El reconocimiento distingue a las mujeres que hayan incidido y destacado en la lucha social, cultural, pol\u00edtica y econ\u00f3mica en favor de los derechos humanos de las mujeres y de la igualdad de g\u00e9nero.<\/p>\n\n\n\n<p class=\"wp-block-paragraph\">El decreto de la presea se public\u00f3 el 5 de marzo de 2013 y la primera entrega se realiz\u00f3 en el 2014 a la doctora Mar\u00eda Marcela Lagarde y de los R\u00edos.<\/p>\n\n\n\n<p class=\"wp-block-paragraph\">La segunda entrega 2015 fue para la doctora Carmen Moreno Toscano por su labor en favor de los Derechos Humanos de las mujeres y de la igualdad de g\u00e9nero.<\/p>\n\n\n\n<p class=\"wp-block-paragraph\">En el 2016 se otorg\u00f3 la presea a Rosario Mar\u00edn.<\/p>\n\n\n\n<p class=\"wp-block-paragraph\">A la acad\u00e9mica de la UNAM, titular de la C\u00e1tedra UNESCO de Derechos Humanos Gloria Ram\u00edrez Hern\u00e1ndez se le otorgo en 2017.<\/p>\n\n\n\n<p class=\"wp-block-paragraph\">En el 2018 se le otorg\u00f3 a Mar\u00eda Elena Chapa Hern\u00e1ndez.<\/p>\n","protected":false},"excerpt":{"rendered":"<p>Legisladoras del PAN y del PRI desaprueban proceso interno de la Comisi\u00f3n para la Igualdad de G\u00e9nero<\/p>\n","protected":false},"author":3,"featured_media":41007,"comment_status":"open","ping_status":"open","sticky":false,"template":"","format":"standard","meta":{"_monsterinsights_skip_tracking":false,"footnotes":""},"categories":[692,50],"tags":[],"class_list":["post-41006","post","type-post","status-publish","format-standard","has-post-thumbnail","category-692","category-congreso"],"_links":{"self":[{"href":"https:\/\/redsemlac.com\/semmexico\/wp-json\/wp\/v2\/posts\/41006","targetHints":{"allow":["GET"]}}],"collection":[{"href":"https:\/\/redsemlac.com\/semmexico\/wp-json\/wp\/v2\/posts"}],"about":[{"href":"https:\/\/redsemlac.com\/semmexico\/wp-json\/wp\/v2\/types\/post"}],"author":[{"embeddable":true,"href":"https:\/\/redsemlac.com\/semmexico\/wp-json\/wp\/v2\/users\/3"}],"replies":[{"embeddable":true,"href":"https:\/\/redsemlac.com\/semmexico\/wp-json\/wp\/v2\/comments?post=41006"}],"version-history":[{"count":0,"href":"https:\/\/redsemlac.com\/semmexico\/wp-json\/wp\/v2\/posts\/41006\/revisions"}],"wp:featuredmedia":[{"embeddable":true,"href":"https:\/\/redsemlac.com\/semmexico\/wp-json\/wp\/v2\/media\/41007"}],"wp:attachment":[{"href":"https:\/\/redsemlac.com\/semmexico\/wp-json\/wp\/v2\/media?parent=41006"}],"wp:term":[{"taxonomy":"category","embeddable":true,"href":"https:\/\/redsemlac.com\/semmexico\/wp-json\/wp\/v2\/categories?post=41006"},{"taxonomy":"post_tag","embeddable":true,"href":"https:\/\/redsemlac.com\/semmexico\/wp-json\/wp\/v2\/tags?post=41006"}],"curies":[{"name":"wp","href":"https:\/\/api.w.org\/{rel}","templated":true}]}}