{"id":40987,"date":"2021-10-15T11:30:00","date_gmt":"2021-10-15T17:30:00","guid":{"rendered":"https:\/\/redsemlac.com\/semmexico\/?p=40987"},"modified":"2023-07-21T17:07:54","modified_gmt":"2023-07-21T22:07:54","slug":"urge-que-cndh-investigue-de-oficio-y-emita-medidas-cautelares-para-proteger-a-las-personas-migrantes","status":"publish","type":"post","link":"https:\/\/redsemlac.com\/semmexico\/urge-que-cndh-investigue-de-oficio-y-emita-medidas-cautelares-para-proteger-a-las-personas-migrantes\/","title":{"rendered":"Urge que CNDH investigue de oficio y emita medidas cautelares para proteger a las personas migrantes"},"content":{"rendered":"\n<ul class=\"wp-block-list\"><li><strong>As\u00ed lo pide la senadora Kenia L\u00f3pez Rabad\u00e1n en carta al titular del Instituto Nacional de Migraci\u00f3n<\/strong><\/li><li><strong>Es urgente que garantice los derechos humanos de las personas que huyen de sus pa\u00edses de residencia<\/strong><\/li><\/ul>\n\n\n\n<p class=\"wp-block-paragraph\"><strong>&nbsp;Redacci\u00f3n<\/strong><\/p>\n\n\n\n<p class=\"wp-block-paragraph\">SemM\u00e9xico, Cd. de M\u00e9xico, 15 de octubre, 2021.- La senadora Kenia L\u00f3pez Rabad\u00e1n exigi\u00f3 que la Comisi\u00f3n Nacional de los Derechos Humanos (CNDH) inicie una investigaci\u00f3n de oficio y emita las medidas cautelares para proteger a las personas migrantes que se encuentran en las fronteras sur y norte de nuestro territorio nacional.<\/p>\n\n\n\n<p class=\"wp-block-paragraph\">Lo anterior, luego de que se hizo p\u00fablico un nuevo video que documenta la forma en que personal del Instituto Nacional de Migraci\u00f3n (INM), frente a elementos de la Guardia Nacional, violentan a una mujer migrante, indic\u00f3 la senadora.<\/p>\n\n\n\n<p class=\"wp-block-paragraph\">El hecho, agreg\u00f3 L\u00f3pez Rabad\u00e1n, sucedi\u00f3 el pasado 12 de septiembre en el estado de Chiapas.<\/p>\n\n\n\n<p class=\"wp-block-paragraph\">&nbsp;\u201cNo es la primera vez que se hace p\u00fablico el violento actuar de elementos de esa instituci\u00f3n en contra de personas migrantes. Por lo anterior envi\u00e9 una carta al titular del Instituto Nacional de Migraci\u00f3n, para que de manera urgente garantice los derechos humanos de las personas que huyen de sus pa\u00edses de residencia en busca de un mejor futuro para ellos y sus familias y cese el uso de la fuerza en su contra\u201d, asever\u00f3 la legisladora panista.<\/p>\n\n\n\n<p class=\"wp-block-paragraph\">Asimismo, la tambi\u00e9n Presidenta de la Comisi\u00f3n de Derechos Humanos record\u00f3 que las personas migrantes cuentan con todos los derechos humanos reconocidos en nuestra Constituci\u00f3n Pol\u00edtica y en los Tratados Internacionales de los que M\u00e9xico es parte, por lo que tienen derecho, entre muchos otros, a ser tratados con dignidad y a no ser criminalizados.<\/p>\n\n\n\n<p class=\"wp-block-paragraph\">Para finalizar, precis\u00f3 que migrar no es un delito, y dijo: \u201cbasta de violaciones flagrantes a los derechos humanos de las personas migrantes\u201d.<\/p>\n","protected":false},"excerpt":{"rendered":"<p>As\u00ed lo pide la senadora Kenia L\u00f3pez Rabad\u00e1n en carta al titular del Instituto Nacional de Migraci\u00f3n<\/p>\n","protected":false},"author":3,"featured_media":31549,"comment_status":"open","ping_status":"open","sticky":false,"template":"","format":"standard","meta":{"_monsterinsights_skip_tracking":false,"footnotes":""},"categories":[692,50],"tags":[],"class_list":["post-40987","post","type-post","status-publish","format-standard","has-post-thumbnail","category-692","category-congreso"],"_links":{"self":[{"href":"https:\/\/redsemlac.com\/semmexico\/wp-json\/wp\/v2\/posts\/40987","targetHints":{"allow":["GET"]}}],"collection":[{"href":"https:\/\/redsemlac.com\/semmexico\/wp-json\/wp\/v2\/posts"}],"about":[{"href":"https:\/\/redsemlac.com\/semmexico\/wp-json\/wp\/v2\/types\/post"}],"author":[{"embeddable":true,"href":"https:\/\/redsemlac.com\/semmexico\/wp-json\/wp\/v2\/users\/3"}],"replies":[{"embeddable":true,"href":"https:\/\/redsemlac.com\/semmexico\/wp-json\/wp\/v2\/comments?post=40987"}],"version-history":[{"count":0,"href":"https:\/\/redsemlac.com\/semmexico\/wp-json\/wp\/v2\/posts\/40987\/revisions"}],"wp:featuredmedia":[{"embeddable":true,"href":"https:\/\/redsemlac.com\/semmexico\/wp-json\/wp\/v2\/media\/31549"}],"wp:attachment":[{"href":"https:\/\/redsemlac.com\/semmexico\/wp-json\/wp\/v2\/media?parent=40987"}],"wp:term":[{"taxonomy":"category","embeddable":true,"href":"https:\/\/redsemlac.com\/semmexico\/wp-json\/wp\/v2\/categories?post=40987"},{"taxonomy":"post_tag","embeddable":true,"href":"https:\/\/redsemlac.com\/semmexico\/wp-json\/wp\/v2\/tags?post=40987"}],"curies":[{"name":"wp","href":"https:\/\/api.w.org\/{rel}","templated":true}]}}