{"id":40978,"date":"2021-10-15T10:30:00","date_gmt":"2021-10-15T16:30:00","guid":{"rendered":"https:\/\/redsemlac.com\/semmexico\/?p=40978"},"modified":"2023-07-21T17:07:54","modified_gmt":"2023-07-21T22:07:54","slug":"preservar-el-estado-de-derecho-y-el-acceso-a-la-salud-de-las-mujeres-y-ninas-migrantes-se-pidio-en-el-senado","status":"publish","type":"post","link":"https:\/\/redsemlac.com\/semmexico\/preservar-el-estado-de-derecho-y-el-acceso-a-la-salud-de-las-mujeres-y-ninas-migrantes-se-pidio-en-el-senado\/","title":{"rendered":"Preservar el estado de derecho y el acceso a la salud de las mujeres y ni\u00f1as migrantes, se pidi\u00f3 en el Senado"},"content":{"rendered":"\n<ul class=\"wp-block-list\"><li><strong>La Ley de Migraci\u00f3n debe asegurar que personas migrantes tengan derechos u buen trato<\/strong><\/li><\/ul>\n\n\n\n<ul class=\"wp-block-list\"><li><strong>Seminario virtual \u201cEl fen\u00f3meno migratorio visto desde la frontera sur\u201d,<\/strong><\/li><\/ul>\n\n\n\n<p class=\"wp-block-paragraph\"><strong>Elda Montiel<\/strong><\/p>\n\n\n\n<p class=\"wp-block-paragraph\">SemMexico, Cd. de M\u00e9xico, 15 de octubre 2021.- Es urgente atender la violencia sexual contra las mujeres en tr\u00e1nsito por nuestro pa\u00eds, afirm\u00f3 la senadora Indira Kempis Mart\u00ednez tras indicar que se debe preservar el estado de derecho y vigilar que se respeten los derechos humanos de las mujeres, ni\u00f1as y ni\u00f1os migrantes.<\/p>\n\n\n\n<p class=\"wp-block-paragraph\">Precis\u00f3 que M\u00e9xico al ser un pa\u00eds de tr\u00e1nsito debe prestar especial atenci\u00f3n a la frontera sur para solventar las diversas dificultades que sufren las mujeres y ni\u00f1as migrantes como la falta de canales de denuncia, la carencia de insumos de higiene menstrual, el cuidado de las personas con VIH, la salud mental y reproductiva, as\u00ed como la atenci\u00f3n de salud materno-infantil para prevenir embarazos.&nbsp;<\/p>\n\n\n\n<p class=\"wp-block-paragraph\">Durante la mesa del Seminario virtual \u201cEl fen\u00f3meno migratorio visto desde la frontera sur\u201d, la senadora Kempis Mart\u00ednez, de Movimiento Ciudadano, integrante de la Comisi\u00f3n para la Igualdad de G\u00e9nero, se\u00f1al\u00f3 que la protecci\u00f3n a las mujeres, ni\u00f1as y ni\u00f1os migrantes es un gran reto, ya que se trata de un tema que no se atendi\u00f3 debidamente en d\u00e9cadas.<\/p>\n\n\n\n<p class=\"wp-block-paragraph\">Llamo a trabajar con empat\u00eda y sensibilidad hacia esta realidad, sin dejar de lado los datos y los argumentos, para alcanzar los acuerdos pol\u00edticos que permitan solventar este problema.<\/p>\n\n\n\n<p class=\"wp-block-paragraph\">Abundo que la pandemia por Covid-19 hizo evidentes las desigualdades lo que abri\u00f3 el debate para abordar el tema de salud en la frontera. &nbsp;<\/p>\n\n\n\n<p class=\"wp-block-paragraph\">Al respecto, Adriana Marcela Vel\u00e1squez Morales, investigadora asociada de la Facultad Latinoamericana de Ciencias Sociales El Salvador reflexiono que la precariedad persistente en los sistemas de salud del sur de M\u00e9xico afecta no s\u00f3lo a las y los ciudadanos nacionales, sino a las personas migrantes. Esto dificulta el acceso de las personas en tr\u00e1nsito a consultas, ex\u00e1menes y tratamientos, ya sea por la falta de insumos y especialistas, o por la de recursos econ\u00f3micos. &nbsp;<\/p>\n\n\n\n<p class=\"wp-block-paragraph\">Precis\u00f3 que las mujeres e infantes migrantes se desconocen como sujetos de derecho desde que est\u00e1n en su pa\u00eds de origen, lo cual se acent\u00faa en las naciones de tr\u00e1nsito y de destino, donde a menudo sufren xenofobia.&nbsp;<\/p>\n\n\n\n<p class=\"wp-block-paragraph\">Dominga Austreberta Nazar Beutelspacher, investigadora del Departamento de Sociedad y Cultura del Departamento de Salud del Colegio de la Frontera Sur (ECOSUR), enfatizo la necesidad en Chiapas de incrementar el personal m\u00e9dico en las unidades de primero y segundo nivel de atenci\u00f3n por la creciente poblaci\u00f3n inmigrante proveniente de Centroam\u00e9rica.<\/p>\n\n\n\n<p class=\"wp-block-paragraph\">Destac\u00f3 el proceso de reconversi\u00f3n y construcci\u00f3n de m\u00e1s de 40 unidades m\u00e9dicas en Chiapas, a cargo de los gobiernos estatales y municipales.&nbsp;<\/p>\n\n\n\n<p class=\"wp-block-paragraph\">Guadalupe del Carmen \u00c1lvarez Gordillo, investigadora del Departamento de Sociedad y Cultura de ECOSUR, pidi\u00f3 formalizar las unidades de salud transfronterizas para que los pa\u00edses de la regi\u00f3n aborden, en cooperaci\u00f3n, los problemas prioritarios de salud y emergencias epidemiol\u00f3gicas, los cuales deber\u00e1n contar con participaci\u00f3n social e intersectorial y con recursos financieros y humanos.&nbsp;<\/p>\n\n\n\n<p class=\"wp-block-paragraph\">Tambi\u00e9n propuso reformar la Ley de Migraci\u00f3n para establecer que las personas migrantes tengan derecho a recibir cualquier tipo de atenci\u00f3n m\u00e9dica, provista por los sectores p\u00fablico y privado, independientemente de su situaci\u00f3n migratoria.&nbsp;<\/p>\n","protected":false},"excerpt":{"rendered":"<p>La Ley de Migraci\u00f3n debe asegurar que personas migrantes tengan derechos u buen trato<\/p>\n","protected":false},"author":3,"featured_media":40979,"comment_status":"open","ping_status":"open","sticky":false,"template":"","format":"standard","meta":{"_monsterinsights_skip_tracking":false,"footnotes":""},"categories":[692,50],"tags":[],"class_list":["post-40978","post","type-post","status-publish","format-standard","has-post-thumbnail","category-692","category-congreso"],"_links":{"self":[{"href":"https:\/\/redsemlac.com\/semmexico\/wp-json\/wp\/v2\/posts\/40978","targetHints":{"allow":["GET"]}}],"collection":[{"href":"https:\/\/redsemlac.com\/semmexico\/wp-json\/wp\/v2\/posts"}],"about":[{"href":"https:\/\/redsemlac.com\/semmexico\/wp-json\/wp\/v2\/types\/post"}],"author":[{"embeddable":true,"href":"https:\/\/redsemlac.com\/semmexico\/wp-json\/wp\/v2\/users\/3"}],"replies":[{"embeddable":true,"href":"https:\/\/redsemlac.com\/semmexico\/wp-json\/wp\/v2\/comments?post=40978"}],"version-history":[{"count":0,"href":"https:\/\/redsemlac.com\/semmexico\/wp-json\/wp\/v2\/posts\/40978\/revisions"}],"wp:featuredmedia":[{"embeddable":true,"href":"https:\/\/redsemlac.com\/semmexico\/wp-json\/wp\/v2\/media\/40979"}],"wp:attachment":[{"href":"https:\/\/redsemlac.com\/semmexico\/wp-json\/wp\/v2\/media?parent=40978"}],"wp:term":[{"taxonomy":"category","embeddable":true,"href":"https:\/\/redsemlac.com\/semmexico\/wp-json\/wp\/v2\/categories?post=40978"},{"taxonomy":"post_tag","embeddable":true,"href":"https:\/\/redsemlac.com\/semmexico\/wp-json\/wp\/v2\/tags?post=40978"}],"curies":[{"name":"wp","href":"https:\/\/api.w.org\/{rel}","templated":true}]}}