{"id":40949,"date":"2021-10-14T11:43:00","date_gmt":"2021-10-14T17:43:00","guid":{"rendered":"https:\/\/redsemlac.com\/semmexico\/?p=40949"},"modified":"2023-07-21T17:07:55","modified_gmt":"2023-07-21T22:07:55","slug":"no-expira-el-derecho-a-solicitar-alimentos-por-ser-un-derecho-irrenunciable","status":"publish","type":"post","link":"https:\/\/redsemlac.com\/semmexico\/no-expira-el-derecho-a-solicitar-alimentos-por-ser-un-derecho-irrenunciable\/","title":{"rendered":"No expira el derecho a solicitar alimentos por ser un derecho irrenunciable"},"content":{"rendered":"\n<ul class=\"wp-block-list\"><li><strong>La resoluci\u00f3n de la ministra Ana Margarita R\u00edos Farjat, hace justicia a miles de ni\u00f1os y ni\u00f1as<\/strong><\/li><li><strong>Informa la Suprema Corte de Justicia y sostiene que los derechos humanos est\u00e1n garantizados por la Constituci\u00f3n<\/strong><\/li><\/ul>\n\n\n\n<p class=\"wp-block-paragraph\"><strong>Redacci\u00f3n<\/strong><\/p>\n\n\n\n<p class=\"wp-block-paragraph\">SemM\u00e9xico, Cd. de M\u00e9xico, 14 de octubre, 2021.- El derecho para solicitar los alimentos no se extingue con el transcurso del tiempo ni se pierde pues se trata de un derecho irrenunciable, con lo que se podr\u00e1 exigir para miles de ni\u00f1os y ni\u00f1as, que son abandonados por los padres en procesos de divorcio o separaci\u00f3n, seg\u00fan resolvi\u00f3 la ministra Ana Margarita R\u00edos Farjat.<\/p>\n\n\n\n<p class=\"wp-block-paragraph\">As\u00ed lo inform\u00f3 ayer la Suprema Corte de Justicia de la Naci\u00f3n al informar que la Primera Sala resolvi\u00f3 que la fijaci\u00f3n de un plazo para reclamar el pago de alimentos es inconstitucional, porque es un derecho protegido que no se pierde por no solicitarse en determinado momento, sino que se mantiene en tanto la persona necesite de ellos para subsistir.<\/p>\n\n\n\n<p class=\"wp-block-paragraph\">Explica que este criterio result\u00f3 de un juicio en el que una mujer reclam\u00f3 el pago de una pensi\u00f3n alimenticia a la sucesi\u00f3n de su ex concubino, con quien vivi\u00f3 por 22 a\u00f1os.<\/p>\n\n\n\n<p class=\"wp-block-paragraph\">La demanda inicialmente fue admitida por el Juez de origen, pero ante el desacuerdo de la sucesi\u00f3n, el Tribunal de Apelaci\u00f3n revoc\u00f3 la admisi\u00f3n porque el reclamo hab\u00eda sido realizado despu\u00e9s del plazo de un a\u00f1o establecido en el art\u00edculo 291 Quintus del C\u00f3digo Civil para el Distrito Federal. Inconforme, la mujer promovi\u00f3 un juicio de amparo directo en el que plante\u00f3 la inconstitucionalidad del precepto referido, el cual fue negado por el Tribunal Colegiado. Esta decisi\u00f3n fue impugnada en un recurso de revisi\u00f3n.<\/p>\n\n\n\n<p class=\"wp-block-paragraph\">A partir de una nueva reflexi\u00f3n sobre el art\u00edculo reclamado, la Primera Sala advirti\u00f3 que su inconstitucionalidad ya no deriva de un trato diferenciado entre el matrimonio y el concubinato, en relaci\u00f3n con el plazo para solicitar los alimentos, sino de la propia naturaleza de los alimentos, cuyo derecho a reclamarlos despu\u00e9s de la disoluci\u00f3n de las relaciones familiares no se pierde ni se extingue por el simple transcurso del tiempo, pues es un derecho sustantivo irrenunciable en t\u00e9rminos del art\u00edculo 321 del mismo C\u00f3digo Civil local.<\/p>\n\n\n\n<p class=\"wp-block-paragraph\">Adem\u00e1s, de acuerdo con la doctrina emitida por este m\u00e1ximo tribunal, el derecho a recibir alimentos subsiste mientras existe el hecho que lo origin\u00f3, por lo que pueden ser reclamados en cualquier momento e incluso de manera retroactiva, sin que la falta de su reclamo durante un cierto per\u00edodo pueda ser entendida como una renuncia a ellos.<\/p>\n\n\n\n<p class=\"wp-block-paragraph\">En ese sentido, la Sala concluy\u00f3 que el plazo de un a\u00f1o previsto en el art\u00edculo impugnado para solicitar alimentos al t\u00e9rmino del concubinato carece de razonabilidad y resulta contrario al deber de solidaridad entre quienes formaron una familia, ya que limita el derecho a reclamar una prestaci\u00f3n que es imprescriptible.<\/p>\n\n\n\n<p class=\"wp-block-paragraph\">Por lo anterior, la Primera Sala revoc\u00f3 la sentencia a fin de que el Tribunal Colegiado del conocimiento emita una nueva en la que no aplique la porci\u00f3n normativa declarada inconstitucional y resuelva lo que corresponda.<\/p>\n\n\n\n<p class=\"wp-block-paragraph\">Amparo directo en revisi\u00f3n 756\/2020. Ponente: Ministra Ana Margarita R\u00edos Farjat. Resuelto en sesi\u00f3n de 13 de octubre de 2021, por unanimidad de votos.<\/p>\n","protected":false},"excerpt":{"rendered":"<p>La resoluci\u00f3n de la ministra Ana Margarita R\u00edos Farjat, hace justicia a miles d<\/p>\n","protected":false},"author":3,"featured_media":40950,"comment_status":"open","ping_status":"open","sticky":false,"template":"","format":"standard","meta":{"_monsterinsights_skip_tracking":false,"footnotes":""},"categories":[692,51],"tags":[],"class_list":["post-40949","post","type-post","status-publish","format-standard","has-post-thumbnail","category-692","category-ejecutivo"],"_links":{"self":[{"href":"https:\/\/redsemlac.com\/semmexico\/wp-json\/wp\/v2\/posts\/40949","targetHints":{"allow":["GET"]}}],"collection":[{"href":"https:\/\/redsemlac.com\/semmexico\/wp-json\/wp\/v2\/posts"}],"about":[{"href":"https:\/\/redsemlac.com\/semmexico\/wp-json\/wp\/v2\/types\/post"}],"author":[{"embeddable":true,"href":"https:\/\/redsemlac.com\/semmexico\/wp-json\/wp\/v2\/users\/3"}],"replies":[{"embeddable":true,"href":"https:\/\/redsemlac.com\/semmexico\/wp-json\/wp\/v2\/comments?post=40949"}],"version-history":[{"count":0,"href":"https:\/\/redsemlac.com\/semmexico\/wp-json\/wp\/v2\/posts\/40949\/revisions"}],"wp:featuredmedia":[{"embeddable":true,"href":"https:\/\/redsemlac.com\/semmexico\/wp-json\/wp\/v2\/media\/40950"}],"wp:attachment":[{"href":"https:\/\/redsemlac.com\/semmexico\/wp-json\/wp\/v2\/media?parent=40949"}],"wp:term":[{"taxonomy":"category","embeddable":true,"href":"https:\/\/redsemlac.com\/semmexico\/wp-json\/wp\/v2\/categories?post=40949"},{"taxonomy":"post_tag","embeddable":true,"href":"https:\/\/redsemlac.com\/semmexico\/wp-json\/wp\/v2\/tags?post=40949"}],"curies":[{"name":"wp","href":"https:\/\/api.w.org\/{rel}","templated":true}]}}