{"id":40945,"date":"2021-10-14T11:38:32","date_gmt":"2021-10-14T17:38:32","guid":{"rendered":"https:\/\/redsemlac.com\/semmexico\/?p=40945"},"modified":"2023-07-21T17:07:55","modified_gmt":"2023-07-21T22:07:55","slug":"el-presupuesto-2022-engano-simulacion-y-trampa-contra-las-mujeres-frente-feminista-nacional","status":"publish","type":"post","link":"https:\/\/redsemlac.com\/semmexico\/el-presupuesto-2022-engano-simulacion-y-trampa-contra-las-mujeres-frente-feminista-nacional\/","title":{"rendered":"El presupuesto 2022 enga\u00f1o, simulaci\u00f3n y trampa contra las mujeres: Frente Feminista Nacional"},"content":{"rendered":"\n<ul class=\"wp-block-list\"><li><strong>Desparecen los recursos para la igualdad entre mujeres y hombres: &nbsp;84 por ciento para programas asistenciales y administrativos y los de AMLO<\/strong><\/li><li><strong>La C\u00e1mara de Diputados debe deputarlo y cumplir compromisos internacionales<\/strong><\/li><\/ul>\n\n\n\n<p class=\"wp-block-paragraph\"><strong>Sara Lovera<\/strong><\/p>\n\n\n\n<p class=\"wp-block-paragraph\">SemM\u00e9xico. Cd. de M\u00e9xico. 14 de octubre 2021.- El Frente Feminista Nacional denunci\u00f3 hoy, en un pronunciamiento firmado por 276 organizaciones y feministas de 25 entidades del pa\u00eds que el proyecto de presupuesto 2022 PPEF es una simulaci\u00f3n y una trampa respecto al crecimiento real de los recursos para la igualdad de g\u00e9nero y la prevenci\u00f3n de la violencia.<\/p>\n\n\n\n<p class=\"wp-block-paragraph\">Acad\u00e9micas, activistas, luchadoras sociales sostienen que es claro que los recursos del Anexo 13, para la igualdad, se presenta con un 84 por ciento de becas de para estudiantes de tres niveles de educaci\u00f3n, para las de adultos mayores y para el programa insignia del presidente llamado sembrando vida.<\/p>\n\n\n\n<p class=\"wp-block-paragraph\">Analizan que lo que ha sucedido en los \u00faltimos 3 a\u00f1os es que es que el Anexo 13 est\u00e1 inflado, se propagandiza, hasta con estad\u00edsticas, de que crece, pero est\u00e1 inflado con recursos de programas asistenciales o de tipo administrativo.<\/p>\n\n\n\n<p class=\"wp-block-paragraph\">En esta administraci\u00f3n a\u00f1o con a\u00f1o, se ha incluido en el anexo programas que no son aplicados con perspectiva de g\u00e9nero, y advierten a las y los diputados que en este PPEF 2022, con la simulaci\u00f3n de un Anexo 13, hay un incumplimiento institucional a los marcos normativos y compromisos internacionales en la materia, adem\u00e1s de ser una simulaci\u00f3n y una trampa respecto al crecimiento real de los recursos para la igualdad de g\u00e9nero.<\/p>\n\n\n\n<p class=\"wp-block-paragraph\">Exigen a la C\u00e1mara de Diputados depure el anexo 13, considerando que se han vaciado los programas que promueven la igualdad de g\u00e9nero y la prevenci\u00f3n de las violencias contra las mujeres.<\/p>\n\n\n\n<p class=\"wp-block-paragraph\">El Frente, que se caracteriza por el di\u00e1logo y el razonamiento, sostiene que el presupuesto 2021 es una burla a las mujeres, y recuerda que durante m\u00e1s de dos d\u00e9cadas se han construido presupuestos con perspectiva de g\u00e9nero, ahora \u201cdesaparecidos\u201d y lo peor es que hablan de un crecimiento, que no es verdad.<\/p>\n\n\n\n<p class=\"wp-block-paragraph\">La gran mayor\u00eda de los recursos de la bolsa del anexo 13 son para la educaci\u00f3n b\u00e1sica para el bienestar Benito Ju\u00e1rez, J\u00f3venes escribiendo el Futuro, beca universal para estudiantes de Educaci\u00f3n Media Superior, las pensiones para personas mayores y el programa Sembrando vida.<\/p>\n\n\n\n<p class=\"wp-block-paragraph\">En esta administraci\u00f3n se han violado los principios que dieron vida al Anexo 13, etiquetado par erogaciones para la Igualdad entre Mujeres y Hombres, con una clara intenci\u00f3n de contribuir a la disminuci\u00f3n de las brechas de desigualdad de g\u00e9nero en los \u00e1mbitos econ\u00f3micos, pol\u00edticos, educativos, laborales, entre otros.<\/p>\n\n\n\n<p class=\"wp-block-paragraph\">Adem\u00e1s, se cre\u00f3 para atender en forma integral las violencias que cotidianamente vivimos las mujeres en M\u00e9xico, que en los \u00faltimos a\u00f1os se han disparado. Esos recursos deb\u00edan promover el conocimiento, respeto y goce de los derechos de las mujeres de distintas edades y grupos de la poblaci\u00f3n.<\/p>\n\n\n\n<p class=\"wp-block-paragraph\">Anexamos el pronunciamiento textual<\/p>\n\n\n\n<p class=\"wp-block-paragraph\"><strong><em>PRONUNCIAMIENTO DEL FRENTE FEMINISTA NACIONAL RESPECTO A LA APROBACI\u00d3N DEL PRESUPUESTO FEDERAL 2022<\/em><\/strong><\/p>\n\n\n\n<p class=\"wp-block-paragraph\"><strong><em>&nbsp;AL PRESIDENTE DE LOS ESTADOS UNIDOS MEXICANOS, ANDR\u00c9S MANUEL L\u00d3PEZ OBRADOR A LAS Y LOS DIPUTADOS FEDERALES A LAS Y LOS FUNCIONARIOS FEDERALES A TODA LA POBLACI\u00d3N<\/em><\/strong><\/p>\n\n\n\n<p class=\"wp-block-paragraph\">El Frente Feminista Nacional, organizaci\u00f3n con presencia en 25 entidades del pa\u00eds, durante varios a\u00f1os y en distintas administraciones, ha llevado a cabo reuniones con legisladoras para exponer la necesidad de que los recursos etiquetados en el Anexo 13 (Erogaciones para la Igualdad entre Mujeres y Hombres), contribuyan a la disminuci\u00f3n de las brechas de desigualdad de g\u00e9nero en los \u00e1mbitos econ\u00f3micos, pol\u00edticos, educativos, laborales, entre otros., atiendan de forma integral las violencias que cotidianamente vivimos las mujeres en M\u00e9xico; que promuevan el conocimiento, respeto y goce de los derechos de las mujeres de distintas edades y grupos de la poblaci\u00f3n.<\/p>\n\n\n\n<p class=\"wp-block-paragraph\">&nbsp;Hemos reiterado que la etiquetaci\u00f3n de recursos es una acci\u00f3n afirmativa que debe permanecer para garantizar el avance y empoderamiento de las mujeres adem\u00e1s de ser indispensable mientras el presupuesto en su totalidad no tenga perspectiva de g\u00e9nero. Hemos demandado que el Anexo 13 se depure y responda al objetivo para el que fue creado, con programas y acciones dirigidos a disminuir las desigualdades entre mujeres y hombres, y evitar \u201cinflar\u201d el monto global de dicho Anexo con recursos que no promueven la igualdad de g\u00e9nero.<\/p>\n\n\n\n<p class=\"wp-block-paragraph\">&nbsp;En el sexenio anterior y lo que va del presente, la Secretar\u00eda de Hacienda y Cr\u00e9dito P\u00fablico ha enviado en el Proyecto de Presupuesto de Egresos de la Federaci\u00f3n (PPEF), el Anexo 13 inflado con recursos de programas asistenciales o de tipo administrativo. A\u00f1o con a\u00f1o, le han ido sumando programas que no son aplicados con perspectiva de g\u00e9nero, hasta tener en este PPEF 2022 un Anexo 13 que resulta un incumplimiento institucional a los marcos normativos y compromisos internacionales en la materia, adem\u00e1s de ser una simulaci\u00f3n y una trampa respecto al crecimiento real de los recursos para la igualdad de g\u00e9nero.<\/p>\n\n\n\n<p class=\"wp-block-paragraph\">Lo que se observa en el PPEF Anexo 13 es que los recursos que constituyen el 84% del mismo son las becas de educaci\u00f3n b\u00e1sica para el bienestar Benito Ju\u00e1rez, J\u00f3venes escribiendo el Futuro, beca universal para estudiantes de Educaci\u00f3n Media Superior, las pensiones para personas mayores y el programa Sembrando vida. Mientras que los programas donde se promueve la igualdad de g\u00e9nero y la prevenci\u00f3n de las violencias de g\u00e9nero, han ido perdiendo recursos, o se les hacen peque\u00f1os incrementos que no consideran la inflaci\u00f3n.<\/p>\n\n\n\n<p class=\"wp-block-paragraph\">Aunque en el proceso de discusi\u00f3n y aprobaci\u00f3n del PEF las diputadas, especialmente quienes integran la Comisi\u00f3n de Igualdad de G\u00e9nero, con las mejores intenciones hacen propuestas de ampliaci\u00f3n de los recursos, la SHCP, hace ajustes al presupuesto aprobado y durante el a\u00f1o normalmente se hacen recortes; por lo que el presupuesto ejercido para la igualdad de g\u00e9nero queda en un porcentaje m\u00ednimo del presupuesto aprobado en el Anexo 13, por ello hacemos un llamado a las diputadas y diputados:<\/p>\n\n\n\n<p class=\"wp-block-paragraph\">&nbsp;\u00b7 A que incrementen los recursos de los programas para la igualdad de g\u00e9nero y prevenci\u00f3n y atenci\u00f3n de las violencias que viven las mujeres y que establezcan un Fondo especial para hacer investigaci\u00f3n, estudios y acciones de pol\u00edtica p\u00fablica encaminada a apoyar el trabajo de cuidado de infantes, adolescentes, personas enfermas con discapacidad y adultas mayores y sus cuidadoras, que en general son mujeres en quienes recae dicho trabajo; ello mientras se elabora, aprueba y establece un Sistema Nacional de Cuidados. \u00b7<\/p>\n\n\n\n<ul class=\"wp-block-list\"><li>Que la Comisi\u00f3n de Igualdad de G\u00e9nero de la C\u00e1mara de Diputados comprometa a la SHCP para que se inicie un proceso de an\u00e1lisis presupuestal con perspectiva de g\u00e9nero, a fin de depurar el Anexo 13, mientras se logra transversalizar dicha perspectiva en todo el presupuesto federal. \u00b7<\/li><li>Solicitamos que en este proceso de construcci\u00f3n democr\u00e1tica participemos conjuntamente las organizaciones feministas que tenemos amplia experiencia y a\u00f1os dando seguimiento al presupuesto de este Anexo 13.<\/li><\/ul>\n\n\n\n<p class=\"wp-block-paragraph\">&nbsp;\u00b7 Reiteramos en demandar se instrumenten programas con recursos p\u00fablicos, donde las organizaciones especializadas concursemos por \u00e9stos y llevar a cabo proyectos directos con las mujeres de estados y municipios, para el conocimientos y defensa de sus derechos, capacitaci\u00f3n y acompa\u00f1amiento en casos de violencia y violaci\u00f3n a sus derechos humanos, entre otras. Estas acciones que llevamos a cabo las organizaciones, son insumos indispensables para todas las administraciones de los tres \u00f3rdenes de gobierno y poderes de la naci\u00f3n, ya que hist\u00f3ricamente los gobiernos no lo hacen por falta de recursos humanos y de perfiles especializados.<\/p>\n\n\n\n<p class=\"wp-block-paragraph\">\u00b7 Exigimos a la C\u00e1mara de Diputados cumplan con su obligaci\u00f3n de fiscalizar el ejercicio del presupuesto federal y dar puntual seguimiento al cumplimiento de objetivos para la igualdad de g\u00e9nero, como se establece en los art\u00edculos 27, 28, 41 y 58 de la Ley Federal de Presupuesto y Responsabilidad Hacendaria.<\/p>\n\n\n\n<p class=\"wp-block-paragraph\">\u00b7 Demandamos a las instituciones federales responsables de operar recursos del Anexo 13, incorporen la perspectiva de g\u00e9nero y cumplan con la Ley General para la Igualdad entre mujeres y hombres, la Ley General de Acceso de las Mujeres a una Vida Libre de Violencia, y dem\u00e1s leyes que protegen los derechos de las mujeres, as\u00ed como lo que se establece en el Art\u00edculo 23 del Decreto de presupuestos.<\/p>\n\n\n\n<p class=\"wp-block-paragraph\">\u00b7 \u00a1Exigimos respetar los marcos normativos en materia de igualdad y de no violencia contra las mujeres, as\u00ed como cumplir las recomendaciones al Estado mexicano sobre fortalecer a los mecanismos para el avance de las mujeres en sus recursos humanos, materiales y financieros! \u00a1No hay avance democr\u00e1tico, sin la inclusi\u00f3n y participaci\u00f3n de las organizaciones feministas! \u00a1Por el derecho a que se reconozcan nuestros derechos y a nuestras leg\u00edtimas formas de continuar demand\u00e1ndolos!<\/p>\n\n\n\n<p class=\"wp-block-paragraph\">\u00a1No a la simulaci\u00f3n! \u00a1Demandamos pol\u00edticas, acciones concretas y presupuesto para el avance de nuestros derechos! Las organizaciones de la sociedad civil y feministas demandamos respeto y reconocimiento a nuestro trabajo, traducido en recursos p\u00fablicos e interlocuci\u00f3n con los poderes del Estado.<\/p>\n\n\n\n<p class=\"wp-block-paragraph\">\u00a1No puede haber gobernabilidad democr\u00e1tica sin la participaci\u00f3n de las mujeres y las organizaciones de la sociedad civil!<\/p>\n\n\n\n<p class=\"wp-block-paragraph\">ATENTAMENTE &nbsp;276 organizaciones y personas,<\/p>\n\n\n\n<p class=\"wp-block-paragraph\">1. Abogadas Dem\u00f3cratas de Chihuahua<\/p>\n\n\n\n<p class=\"wp-block-paragraph\">2. Asociaci\u00f3n de Trabajadoras Sociales Egresadas de la UACJ \u2013 Chihuahua<\/p>\n\n\n\n<p class=\"wp-block-paragraph\">3. Asociaci\u00f3n de Trabajo Social para la Comunidad A.C. &#8211; Colima<\/p>\n\n\n\n<p class=\"wp-block-paragraph\">4. Campa\u00f1a de Derecho Digno \u2013 Derecho de las Mujeres<\/p>\n\n\n\n<p class=\"wp-block-paragraph\">5. Campus Pensadoras Urbanas Aguascalientes<\/p>\n\n\n\n<p class=\"wp-block-paragraph\">6. Campus de Pensadoras Delicias Regi\u00f3n Centro Sur, Chih.<\/p>\n\n\n\n<p class=\"wp-block-paragraph\">7. Canas Dignas \u2013 CDMX<\/p>\n\n\n\n<p class=\"wp-block-paragraph\">8. Casa Amiga Esther Ch\u00e1vez Cano A.C.<\/p>\n\n\n\n<p class=\"wp-block-paragraph\">9. Centro de Apoyo a las Trabajadoras Dom\u00e9sticas, A.C. \u2013 Morelos<\/p>\n\n\n\n<p class=\"wp-block-paragraph\">10. Centro de Apoyo para el Movimiento Popular de Occidente A.C. (CAMPO) &#8211; Jalisco<\/p>\n\n\n\n<p class=\"wp-block-paragraph\">11. Centro de Apoyo Solidario Documentaci\u00f3n y Estudio, A.C. &#8211; Yucat\u00e1n<\/p>\n\n\n\n<p class=\"wp-block-paragraph\">12. Centro de Atenci\u00f3n a la Mujer Trabajadora, A.C. (CAMT) &#8211; Chihuahua<\/p>\n\n\n\n<p class=\"wp-block-paragraph\">13. Centro de Capacitaci\u00f3n y Desarrollo Comunitario (CECADEC) \u2013 Aguascalientes<\/p>\n\n\n\n<p class=\"wp-block-paragraph\">14. Centro de Intervenci\u00f3n en Crisis Alma Calma A.C.- Chihuahua<\/p>\n\n\n\n<p class=\"wp-block-paragraph\">15. Centro de Investigaciones para la Equidad, Pol\u00edtica P\u00fablica y Desarrollo, A.C. (CIPE) \u2013 CDMX<\/p>\n\n\n\n<p class=\"wp-block-paragraph\">16. Centro de Investigaci\u00f3n, capacitaci\u00f3n y atenci\u00f3n para el desarrollo social A.C. &#8211; Tamaulipas<\/p>\n\n\n\n<p class=\"wp-block-paragraph\">17. Centro Contra la Violencia en Zacatecas, A.C. (CCOVIZAC)<\/p>\n\n\n\n<p class=\"wp-block-paragraph\">18. Centro Cultural Esperanza Rodr\u00edguez, A.C. &#8211; Baja California Sur<\/p>\n\n\n\n<p class=\"wp-block-paragraph\">19. Centro para el Desarrollo de la Mujer, A.C. &#8211; Aguascalientes<\/p>\n\n\n\n<p class=\"wp-block-paragraph\">20. Ciudadan\u00eda en Movimiento en Camino a la Igualdad de G\u00e9nero, CIMIGE A.C. CDMX<\/p>\n\n\n\n<p class=\"wp-block-paragraph\">21. Colectiva la Regla Rota \u2013 Guanajuato<\/p>\n\n\n\n<p class=\"wp-block-paragraph\">22. Colectiva Luna Violeta<\/p>\n\n\n\n<p class=\"wp-block-paragraph\">23. Colectiva Juntas<\/p>\n\n\n\n<p class=\"wp-block-paragraph\">24. Colectivo Akelarre, A.C. &#8211; Veracruz<\/p>\n\n\n\n<p class=\"wp-block-paragraph\">25. Colectivo Deconstruir para la Igualdad, A.C. &#8211; Michoac\u00e1n<\/p>\n\n\n\n<p class=\"wp-block-paragraph\">26. Colectivo Feminista de Tlaxcala<\/p>\n\n\n\n<p class=\"wp-block-paragraph\">27. Colectiva Mar Violeta, Tonal\u00e1, Chiapas<\/p>\n\n\n\n<p class=\"wp-block-paragraph\">28. Colectivo Mujeres en la M\u00fasica, A.C. &#8211; CDMX<\/p>\n\n\n\n<p class=\"wp-block-paragraph\">29. Colectivo Mujeres Siglo XXI<\/p>\n\n\n\n<p class=\"wp-block-paragraph\">30. Colectivo Ucami G\u00e9nero<\/p>\n\n\n\n<p class=\"wp-block-paragraph\">31. Coordinaci\u00f3n Interregional Feminista Rural COMALETZIN, A.C. \u2013 Varias entidades<\/p>\n\n\n\n<p class=\"wp-block-paragraph\">32. Coordinaci\u00f3n Feminista Olimpia de Gouges, A.C. &#8211; Zacatecas<\/p>\n\n\n\n<p class=\"wp-block-paragraph\">33. Coordinadora Internacional de Mujeres en el Arte, ComuArte<\/p>\n\n\n\n<p class=\"wp-block-paragraph\">34. Creando Soluciones para el Desarrollo Social y Humano, A.C. &#8211; Quer\u00e9taro<\/p>\n\n\n\n<p class=\"wp-block-paragraph\">35. Crianza Feminista &#8211; Chiapas<\/p>\n\n\n\n<p class=\"wp-block-paragraph\">36. Cuernavaca S\u00ed, A.C. &#8211; Morelos<\/p>\n\n\n\n<p class=\"wp-block-paragraph\">37. Cultura y Equidad, A.C. \u2013 Tlaxcala<\/p>\n\n\n\n<p class=\"wp-block-paragraph\">38. Deporte Mujer y Salud, A.C. &#8211; CDMX<\/p>\n\n\n\n<p class=\"wp-block-paragraph\">39. Desarrollo, G\u00e9nero y Ciudadan\u00eda, A.C. &#8211; Chiapas<\/p>\n\n\n\n<p class=\"wp-block-paragraph\">40. Desarrollo Humano Internacional, A.C. &#8211; Guerrero<\/p>\n\n\n\n<p class=\"wp-block-paragraph\">41. Diversidad Equidad Social y Democracia, A.C. &#8211; CDMX<\/p>\n\n\n\n<p class=\"wp-block-paragraph\">42. Entramando G\u00e9nero y Ciudadan\u00eda ENEGECI, A.C. &#8211; San Lu\u00eds Potos\u00ed<\/p>\n\n\n\n<p class=\"wp-block-paragraph\">43. Equipo Mujeres en Acci\u00f3n Solidaria, A.C. (EMAS) \u2013 Michoac\u00e1n<\/p>\n\n\n\n<p class=\"wp-block-paragraph\">44. Equide, A.C. &#8211; BCS<\/p>\n\n\n\n<p class=\"wp-block-paragraph\">45. Enclave, Equidad Social y Transparencia, A.C. \u2013 CDMX<\/p>\n\n\n\n<p class=\"wp-block-paragraph\">46. Escuela de Formaci\u00f3n Feminista Chihuahua<\/p>\n\n\n\n<p class=\"wp-block-paragraph\">47. Espiral hacia la igualdad, A.C. &#8211; CDMX<\/p>\n\n\n\n<p class=\"wp-block-paragraph\">48. Equidad y Autonom\u00eda en Movimiento, A.C. \u2013 Guerrero<\/p>\n\n\n\n<p class=\"wp-block-paragraph\">49. Equitux A C<\/p>\n\n\n\n<p class=\"wp-block-paragraph\">50. Escuela para Defensoras en Derechos Humanos y Ambientales. Benita Galeana A. C. Jalisco<\/p>\n\n\n\n<p class=\"wp-block-paragraph\">51. Feminismos en Quer\u00e9taro<\/p>\n\n\n\n<p class=\"wp-block-paragraph\">52. Frente Interdisciplinario para el Desarrollo Social y Solidario, A.C. (FIDSS) &#8211; Michoac\u00e1n<\/p>\n\n\n\n<p class=\"wp-block-paragraph\">53. Fundaci\u00f3n luz G\u00e9nero, A.C. &#8211; Colima y CDMX<\/p>\n\n\n\n<p class=\"wp-block-paragraph\">54. Fundaci\u00f3n Ool Familias, Mujeres y Derechos Humanos, I.A.P. \u2013 Quer\u00e9taro<\/p>\n\n\n\n<p class=\"wp-block-paragraph\">55. Fundaci\u00f3n Trina &#8211; Tamaulipas<\/p>\n\n\n\n<p class=\"wp-block-paragraph\">56. G\u00e9nero 33. Mujeres por la Igualdad \u2013 Morelos<\/p>\n\n\n\n<p class=\"wp-block-paragraph\">57. G\u00e9nero, \u00c9tica y Salud Sexual AC -Nuevo Le\u00f3n<\/p>\n\n\n\n<p class=\"wp-block-paragraph\">58. G\u00e9nero, Sociedad y Econom\u00eda, A.C. &#8211; CDMX<\/p>\n\n\n\n<p class=\"wp-block-paragraph\">59. Grupo Interdisciplinario para la Formaci\u00f3n y el Apoyo Comunitario, A.C. \u2013 Tlaxcala<\/p>\n\n\n\n<p class=\"wp-block-paragraph\">60. Grupo interdisciplinario sobre mujer, trabajo y pobreza. AC (CDMX)<\/p>\n\n\n\n<p class=\"wp-block-paragraph\">61. Grupo Plural por los Derechos de Todas las Mujeres \u2013 Guerrero<\/p>\n\n\n\n<p class=\"wp-block-paragraph\">62. Impulso Sustentable Ambiental y Cultural, A.C. \u2013 Morelos<\/p>\n\n\n\n<p class=\"wp-block-paragraph\">63. Investigaci\u00f3n, Desarrollo Educaci\u00f3n y Acciones Sustentables A.C. \u2013 Morelos<\/p>\n\n\n\n<p class=\"wp-block-paragraph\">64. Las Constituyentes Mx<\/p>\n\n\n\n<p class=\"wp-block-paragraph\">65. Lunas de Hipat\u00eda, A.C. \u2013 Zacatecas<\/p>\n\n\n\n<p class=\"wp-block-paragraph\">66. LUVISA A.C. Inclusi\u00f3n y capacidad de liderazgo &#8211; CDMX<\/p>\n\n\n\n<p class=\"wp-block-paragraph\">67. Marcha Mundial de las Mujeres Regi\u00f3n Centro \u2013 CDMX<\/p>\n\n\n\n<p class=\"wp-block-paragraph\">68. Movimiento democr\u00e1tico Nuevo Sindicalismo, SNTE<\/p>\n\n\n\n<p class=\"wp-block-paragraph\">69. Movimiento LGBTTTIQ+CUU \u2013 Area de formaci\u00f3n feminista CUU &#8211; Chihuahua<\/p>\n\n\n\n<p class=\"wp-block-paragraph\">70. Mujeres en Cadena por una vida digna A.C.<\/p>\n\n\n\n<p class=\"wp-block-paragraph\">71. Mujeresnet.info. Periodismo, G\u00e9nero, Feminismo &#8211; CDMX<\/p>\n\n\n\n<p class=\"wp-block-paragraph\">72. Mujeres Co-Incidiendo con Mujeres, A.C. \u2013 Guerrero<\/p>\n\n\n\n<p class=\"wp-block-paragraph\">73. Mujeres Construyendo<\/p>\n\n\n\n<p class=\"wp-block-paragraph\">74. Mujeres de Jalisco A.C. &#8211; Jalisco<\/p>\n\n\n\n<p class=\"wp-block-paragraph\">75. Mujeres, Democracia y Ciudadan\u00eda, A.C. &#8211; Estado de M\u00e9xico<\/p>\n\n\n\n<p class=\"wp-block-paragraph\">76. Mujeres en Movimiento &#8211; Chiapas.<\/p>\n\n\n\n<p class=\"wp-block-paragraph\">77. Mujeres Guerrerenses por la Democracia, A.C. &#8211; Guerrero<\/p>\n\n\n\n<p class=\"wp-block-paragraph\">78. Mujeres por el Agua \u2013 Atoyac, Guerrero<\/p>\n\n\n\n<p class=\"wp-block-paragraph\">79. Mujeres por M\u00e9xico en Chihuahua A.C.<\/p>\n\n\n\n<p class=\"wp-block-paragraph\">80. Mujeres y Punto A.C.<\/p>\n\n\n\n<p class=\"wp-block-paragraph\">81. MUSA, A.C. \u2013 CDMX<\/p>\n\n\n\n<p class=\"wp-block-paragraph\">82. Nosotras CDMX, Agrupaci\u00f3n Pol\u00edtica<\/p>\n\n\n\n<p class=\"wp-block-paragraph\">83. No se metan con nuestras hijas<\/p>\n\n\n\n<p class=\"wp-block-paragraph\">84. Observatorio de Agendas de G\u00e9nero \u2013 Aguascalientes<\/p>\n\n\n\n<p class=\"wp-block-paragraph\">85. Observatorio de Justicia y Derechos Humanos de Ni\u00f1as y Mujeres \u2013 Zacatecas<\/p>\n\n\n\n<p class=\"wp-block-paragraph\">86. Observatorio de Violencia Social y de G\u00e9nero de Baja California Sur<\/p>\n\n\n\n<p class=\"wp-block-paragraph\">87. Observatorio G\u00e9nero, Violencias y Derechos Humanos \u2013 CDMX<\/p>\n\n\n\n<p class=\"wp-block-paragraph\">88. Organizaci\u00f3n de Defensa del Patrimonio Familiar y de los Derechos Humanos A.C. Chihuahua<\/p>\n\n\n\n<p class=\"wp-block-paragraph\">89. Pensadoras Urbanas, Gustavo A. Madero &#8211; CDMX<\/p>\n\n\n\n<p class=\"wp-block-paragraph\">90. Pensadoras Urbanas del Estado de M\u00e9xico<\/p>\n\n\n\n<p class=\"wp-block-paragraph\">91. Programa Interdisciplinario de Investigaci\u00f3n Acci\u00f3n Feminista, A.C. (PIIAF) \u2013 Morelos<\/p>\n\n\n\n<p class=\"wp-block-paragraph\">92. Pro Salud Sexual y Reproductiva, A.C., Nuevo Le\u00f3n<\/p>\n\n\n\n<p class=\"wp-block-paragraph\">93. Ra\u00edz Zubia A.C. &#8211; Guerrero<\/p>\n\n\n\n<p class=\"wp-block-paragraph\">94. Red de Defensoras de Jalisco<\/p>\n\n\n\n<p class=\"wp-block-paragraph\">95. Red Feminista Sonorense<\/p>\n\n\n\n<p class=\"wp-block-paragraph\">96. Red de Mujeres con valor &#8211; CDMX<\/p>\n\n\n\n<p class=\"wp-block-paragraph\">97. Red de Mujeres Empleadas del Hogar \u2013 Guerrero<\/p>\n\n\n\n<p class=\"wp-block-paragraph\">98. Red Nacional de Refugios, A.C.<\/p>\n\n\n\n<p class=\"wp-block-paragraph\">99. Red de Trabajadoras de la Educaci\u00f3n, SNTE<\/p>\n\n\n\n<p class=\"wp-block-paragraph\">100. Red Nacional G\u00e9nero y Econom\u00eda &#8211; varias entidades del pa\u00eds<\/p>\n\n\n\n<p class=\"wp-block-paragraph\">101. Red Nacional por los Derechos Humanos de las Mujeres, A.C.<\/p>\n\n\n\n<p class=\"wp-block-paragraph\">102. Red por el Di\u00e1logo Sororal Feminista \u2013 Michoac\u00e1n<\/p>\n\n\n\n<p class=\"wp-block-paragraph\">103. Red P\u00farpura, sororidad para trascender<\/p>\n\n\n\n<p class=\"wp-block-paragraph\">104. Salud y G\u00e9nero Quer\u00e9taro, A.C.<\/p>\n\n\n\n<p class=\"wp-block-paragraph\">105. Secretar\u00eda de Equidad de G\u00e9nero de STRM<\/p>\n\n\n\n<p class=\"wp-block-paragraph\">106. Sindicato de Trabajadores de la UNAM<\/p>\n\n\n\n<p class=\"wp-block-paragraph\">107. T\u00b4ek\u00b4ei, Grupo Interdisciplinario por la Equidad &#8211; Quer\u00e9taro<\/p>\n\n\n\n<p class=\"wp-block-paragraph\">108. TOCHAN Nuestra Casa, A.C. \u2013 Puebla<\/p>\n\n\n\n<p class=\"wp-block-paragraph\">109. Transforma: Centro de Formaci\u00f3n para el Desarrollo y Transformaci\u00f3n de vidas A.C.<\/p>\n\n\n\n<p class=\"wp-block-paragraph\">110. Uni\u00f3n de Colectivos por la Defensa de los Derechos Humanos de Mujeres y Ni\u00f1as \u2013 Zacatecas<\/p>\n\n\n\n<p class=\"wp-block-paragraph\">111. Uni\u00f3n Democr\u00e1tica Campesina &#8211; Chihuahua<\/p>\n\n\n\n<p class=\"wp-block-paragraph\">112. Uni\u00f3n Nacional de Mujeres Mexicanas, A.C. \u2013 varias entidades.<\/p>\n\n\n\n<p class=\"wp-block-paragraph\">113. Vicepresidencia de Equidad de G\u00e9nero de la UNT<\/p>\n\n\n\n<p class=\"wp-block-paragraph\">114. 33 Mujeres A.C.<\/p>\n\n\n\n<p class=\"wp-block-paragraph\">115. Vidam, A.C. Vida Digna para Personas Adultas Mayores \u2013 Veracruz<\/p>\n\n\n\n<p class=\"wp-block-paragraph\">116. Yaotlyaocihuatl Ameyal, A.C. &#8211; CDMX<\/p>\n\n\n\n<p class=\"wp-block-paragraph\">117. \u00bfY las Mujeres que? A.C. &#8211; CDMX<\/p>\n\n\n\n<p class=\"wp-block-paragraph\">118. Carolina Ram\u00edrez &#8211; Veracruz<\/p>\n\n\n\n<p class=\"wp-block-paragraph\">119. Gloria Flores Toledo \u2013 Tlaxcala<\/p>\n\n\n\n<p class=\"wp-block-paragraph\">120. Nahela Becerril Albarr\u00e1n &#8211; CDMX<\/p>\n\n\n\n<p class=\"wp-block-paragraph\">121. Teresa Gonz\u00e1lez \u2013 Tlaxcala<\/p>\n\n\n\n<p class=\"wp-block-paragraph\">122. Mar\u00eda Guadalupe P\u00e9rez L\u00f3pez \u2013 Tabasco<\/p>\n\n\n\n<p class=\"wp-block-paragraph\">123. Yesica Paola Hern\u00e1ndez &#8211; Tabasco<\/p>\n\n\n\n<p class=\"wp-block-paragraph\">124. Blanca Lirio Muro Gamboa \u2013 Jalisco<\/p>\n\n\n\n<p class=\"wp-block-paragraph\">125. Ana Mar\u00eda Flores Cece\u00f1a \u2013 CDMX<\/p>\n\n\n\n<p class=\"wp-block-paragraph\">126. Carmen Garc\u00eda &#8211; Jalisco<\/p>\n\n\n\n<p class=\"wp-block-paragraph\">127. Maril\u00fa Serv\u00edn Miranda &#8211; Quer\u00e9taro<\/p>\n\n\n\n<p class=\"wp-block-paragraph\">128. Martha Heredia Figueroa &#8211; CDMX<\/p>\n\n\n\n<p class=\"wp-block-paragraph\">129. X\u00f3chitl Oceguera Rodr\u00edguez &#8211; BCS<\/p>\n\n\n\n<p class=\"wp-block-paragraph\">130. Mar\u00eda Luisa Cabral &#8211; BCS<\/p>\n\n\n\n<p class=\"wp-block-paragraph\">131. Georgina Hern\u00e1ndez Beltr\u00e1n &#8211; BCS<\/p>\n\n\n\n<p class=\"wp-block-paragraph\">132. Mar\u00eda Elena Rojas BCS<\/p>\n\n\n\n<p class=\"wp-block-paragraph\">133. Heddy Villase\u00f1or &#8211; BCS<\/p>\n\n\n\n<p class=\"wp-block-paragraph\">134. Alma Margarita Oceguera Rodr\u00edguez &#8211; BCS<\/p>\n\n\n\n<p class=\"wp-block-paragraph\">135. Sara Rom\u00e1n \u2013 CDMX<\/p>\n\n\n\n<p class=\"wp-block-paragraph\">136. Luz Mar\u00eda Salazar \u2013 CDMX<\/p>\n\n\n\n<p class=\"wp-block-paragraph\">137. Guadalupe L\u00f3pez Garc\u00eda \u2013 CDMX<\/p>\n\n\n\n<p class=\"wp-block-paragraph\">138. Lourdes Garc\u00eda Acevedo &#8211; CDMX<\/p>\n\n\n\n<p class=\"wp-block-paragraph\">139. Ana Laura Ram\u00edrez &#8211; CDMX<\/p>\n\n\n\n<p class=\"wp-block-paragraph\">140. Estela Su\u00e1rez \u2013 CDMX<\/p>\n\n\n\n<p class=\"wp-block-paragraph\">141. Columba Quintero \u2013 CDMX<\/p>\n\n\n\n<p class=\"wp-block-paragraph\">142. Teresa P\u00e9rez V\u00e1zquez \u2013 CDMX<\/p>\n\n\n\n<p class=\"wp-block-paragraph\">143. Liliana Guti\u00e9rrez Leal &#8211; Quer\u00e9taro<\/p>\n\n\n\n<p class=\"wp-block-paragraph\">144. Adriana Jim\u00e9nez \u2013 CDMX<\/p>\n\n\n\n<p class=\"wp-block-paragraph\">145. Ariadna Urbina Ayala \u2013 Morelos<\/p>\n\n\n\n<p class=\"wp-block-paragraph\">146. Orqu\u00eddea Guadalupe Turriza Zapata \u2013 Zacatecas<\/p>\n\n\n\n<p class=\"wp-block-paragraph\">147. Olimpia Jaimes L\u00f3pez &#8211; Guerrero<\/p>\n\n\n\n<p class=\"wp-block-paragraph\">148. Jessica Gabriela Apaez Zapoteco &#8211; Guerrero<\/p>\n\n\n\n<p class=\"wp-block-paragraph\">149. Alma Delia Garc\u00eda S\u00e1nchez \u2013 Guerrero<\/p>\n\n\n\n<p class=\"wp-block-paragraph\">150. Frin\u00e9 L\u00f3pez Mart\u00ednez \u2013 CDMX<\/p>\n\n\n\n<p class=\"wp-block-paragraph\">151. Elena Tapia \u2013 CDMX<\/p>\n\n\n\n<p class=\"wp-block-paragraph\">152. Azucena \u00c1vila V\u00e1zquez \u2013 CDMX<\/p>\n\n\n\n<p class=\"wp-block-paragraph\">153. Claudia Castello Rebollar\u2013 Estado de M\u00e9xico<\/p>\n\n\n\n<p class=\"wp-block-paragraph\">154. Martha Araceli Torres \u2013 Tamaulipas<\/p>\n\n\n\n<p class=\"wp-block-paragraph\">155. Lucia Guti\u00e9rrez Gonz\u00e1lez &#8211; Jalisco<\/p>\n\n\n\n<p class=\"wp-block-paragraph\">156. Mar\u00eda Dolores Unzueta Reyes &#8211; CDMX<\/p>\n\n\n\n<p class=\"wp-block-paragraph\">157. Blanca Viridiana De la O Trujillo &#8211; Guerrero<\/p>\n\n\n\n<p class=\"wp-block-paragraph\">158. Cristina Renaud \u2013 CDMX<\/p>\n\n\n\n<p class=\"wp-block-paragraph\">159. Mar\u00eda del Rosario Campos Beltr\u00e1n \u2013 CDMX<\/p>\n\n\n\n<p class=\"wp-block-paragraph\">160. Belinda Aceves Becerra &#8211; Jalisco<\/p>\n\n\n\n<p class=\"wp-block-paragraph\">161. Martha Emilia Neri Esqueda \u2013 Jalisco<\/p>\n\n\n\n<p class=\"wp-block-paragraph\">162. Ofelia Pastrana Moreno &#8211; Puebla<\/p>\n\n\n\n<p class=\"wp-block-paragraph\">163. Kareen Giselle Santill\u00e1n Pardo \u2013 Quer\u00e9taro<\/p>\n\n\n\n<p class=\"wp-block-paragraph\">164. Evelyn Tejeda &#8211; Quer\u00e9taro<\/p>\n\n\n\n<p class=\"wp-block-paragraph\">165. Leticia Monrroy Pedraza \u2013 CDMX<\/p>\n\n\n\n<p class=\"wp-block-paragraph\">166. Milisa Villaescusa \u2013 Puebla<\/p>\n\n\n\n<p class=\"wp-block-paragraph\">167. Rosy Pimentel \u2013 CDMX<\/p>\n\n\n\n<p class=\"wp-block-paragraph\">168. Mercedes Olivera Bustamante \u2013 Chiapas<\/p>\n\n\n\n<p class=\"wp-block-paragraph\">169. Gilda Salazar Ant\u00fanez- Sonora<\/p>\n\n\n\n<p class=\"wp-block-paragraph\">170. Mar\u00eda del Carmen de Lara Rangel &#8211; CDMX<\/p>\n\n\n\n<p class=\"wp-block-paragraph\">171. Mercedes L\u00f3pez Mart\u00ednez \u2013 CDMX<\/p>\n\n\n\n<p class=\"wp-block-paragraph\">172. Maruja Gonz\u00e1lez Butr\u00f3n \u2013 Michoac\u00e1n<\/p>\n\n\n\n<p class=\"wp-block-paragraph\">173. Margarita Argot Cisneros &#8211; CDMX<\/p>\n\n\n\n<p class=\"wp-block-paragraph\">174. Dora Avila Betancourt \u2013 Oaxaca<\/p>\n\n\n\n<p class=\"wp-block-paragraph\">175. Irma Estela Aguirre \u2013 Puebla<\/p>\n\n\n\n<p class=\"wp-block-paragraph\">176. Irma Serrano Esparza \u2013 Zacatecas<\/p>\n\n\n\n<p class=\"wp-block-paragraph\">177. Alma Rosa de la Cruz Armend\u00e1riz \u2013 Chihuahua<\/p>\n\n\n\n<p class=\"wp-block-paragraph\">178. Karla Arellano Ornelas \u2013 Chihuahua<\/p>\n\n\n\n<p class=\"wp-block-paragraph\">179. Ana Lau Jaiv\u00e9n \u2013 CDMX<\/p>\n\n\n\n<p class=\"wp-block-paragraph\">180. Metzeri Ixchel \u00c1vila San Mart\u00edn<\/p>\n\n\n\n<p class=\"wp-block-paragraph\">181. Mar\u00eda de los \u00c1ngeles Hern\u00e1ndez S\u00e1nchez \u2013 Edo. Mex.<\/p>\n\n\n\n<p class=\"wp-block-paragraph\">182. Laura Ofelia Marquez \u2013 Zacatecas<\/p>\n\n\n\n<p class=\"wp-block-paragraph\">183. Elia E. L\u00f3pez Mandijano<\/p>\n\n\n\n<p class=\"wp-block-paragraph\">184. Mar\u00eda Trinidad Guti\u00e9rrez Ram\u00edrez &#8211; Morelos<\/p>\n\n\n\n<p class=\"wp-block-paragraph\">185. Martha Patricia Velez &#8211; Morelos<\/p>\n\n\n\n<p class=\"wp-block-paragraph\">186. Patricia Hume Santa Coloma. Morelos<\/p>\n\n\n\n<p class=\"wp-block-paragraph\">187. Carmen Celia Rodr\u00edguez \u2013 Morelos<\/p>\n\n\n\n<p class=\"wp-block-paragraph\">188. Violeta Fabiola S\u00e1nchez Luna \u2013 Morelos<\/p>\n\n\n\n<p class=\"wp-block-paragraph\">189. Jovana Espinoza Orta \u2013 Guerrero<\/p>\n\n\n\n<p class=\"wp-block-paragraph\">190. Susana Oviedo Flores \u2013 Guerrero<\/p>\n\n\n\n<p class=\"wp-block-paragraph\">191. Nayeli Rodr\u00edguez \u2013 Guerrero<\/p>\n\n\n\n<p class=\"wp-block-paragraph\">192. Clara Aurora Cruz Hern\u00e1ndez<\/p>\n\n\n\n<p class=\"wp-block-paragraph\">193. Mar\u00eda Isabel Mart\u00ednez Rocha Quer\u00e9taro<\/p>\n\n\n\n<p class=\"wp-block-paragraph\">194. -Elodia Elva Mart\u00ednez Mu\u00f1oz<\/p>\n\n\n\n<p class=\"wp-block-paragraph\">195. Mar\u00eda Dolores Rodr\u00edguez \u2013 Edo. Mex.<\/p>\n\n\n\n<p class=\"wp-block-paragraph\">196. Ma Isabel Barrag\u00e1n Reyes<\/p>\n\n\n\n<p class=\"wp-block-paragraph\">197. Jovana Espinosa Orta<\/p>\n\n\n\n<p class=\"wp-block-paragraph\">198. GabrielaP\u00e9rez D\u00edaz<\/p>\n\n\n\n<p class=\"wp-block-paragraph\">199. Eli Bartra Muria \u2013 CMDX<\/p>\n\n\n\n<p class=\"wp-block-paragraph\">200. Miryam Prado Jim\u00e9nez \u2013 Quer\u00e9taro<\/p>\n\n\n\n<p class=\"wp-block-paragraph\">201. Alma Rosa de la Cruz Armend\u00e1riz \u2013 Chihuahua<\/p>\n\n\n\n<p class=\"wp-block-paragraph\">202. Teresa C. Ulloa Zi\u00e1urriz \u2013 CDMX<\/p>\n\n\n\n<p class=\"wp-block-paragraph\">203. Laura Alba Hurtado \u2013 Quer\u00e9taro<\/p>\n\n\n\n<p class=\"wp-block-paragraph\">204. Leticia Armijo \u2013 CDMX<\/p>\n\n\n\n<p class=\"wp-block-paragraph\">205. Mariaurora Mota \u2013 Nuevo Le\u00f3n<\/p>\n\n\n\n<p class=\"wp-block-paragraph\">206. Mar\u00eda de Lourdes del Villar- CDMX<\/p>\n\n\n\n<p class=\"wp-block-paragraph\">207. \u00c1ngeles Gonz\u00e1lez- CDMX<\/p>\n\n\n\n<p class=\"wp-block-paragraph\">208. Elizabeth Alejandre- CDMX<\/p>\n\n\n\n<p class=\"wp-block-paragraph\">209. Marisa Rodr\u00edguez- CDMX<\/p>\n\n\n\n<p class=\"wp-block-paragraph\">210. Rosa Barranco- CDMX<\/p>\n\n\n\n<p class=\"wp-block-paragraph\">211. Bertha Vallejo- CDMX<\/p>\n\n\n\n<p class=\"wp-block-paragraph\">212. Graciela Tapia- CDMX<\/p>\n\n\n\n<p class=\"wp-block-paragraph\">213. Mar\u00eda Elena Ram\u00edrez- CDMX<\/p>\n\n\n\n<p class=\"wp-block-paragraph\">214. Mar\u00eda Magdalena L\u00f3pez, &#8211; CDMX<\/p>\n\n\n\n<p class=\"wp-block-paragraph\">215. Guadalupe Abd\u00f3. &#8211; Veracruz<\/p>\n\n\n\n<p class=\"wp-block-paragraph\">216. Guadalupe Morales. &#8211; Veracruz<\/p>\n\n\n\n<p class=\"wp-block-paragraph\">217. Denisse Tegoma. &#8211; Veracruz<\/p>\n\n\n\n<p class=\"wp-block-paragraph\">218. Mar\u00eda de los \u00c1ngeles Prieto. &#8211; Veracruz<\/p>\n\n\n\n<p class=\"wp-block-paragraph\">219. Luc\u00eda Palmiche. &#8211; Veracruz<\/p>\n\n\n\n<p class=\"wp-block-paragraph\">220. Luisa Deceano. &#8211; Veracruz.<\/p>\n\n\n\n<p class=\"wp-block-paragraph\">221. Luc\u00eda Barrios. &#8211; Jalisco<\/p>\n\n\n\n<p class=\"wp-block-paragraph\">222. Sulima Garc\u00eda Falconi \u2013 Quer\u00e9taro<\/p>\n\n\n\n<p class=\"wp-block-paragraph\">223. Nayeli Citlali Navarro Gasc\u00f3n \u2013 CDMX<\/p>\n\n\n\n<p class=\"wp-block-paragraph\">224<strong>. <\/strong>Teresa Olvera- CDMX<\/p>\n\n\n\n<p class=\"wp-block-paragraph\">225. Rocio D\u00edaz Zarate &#8211; Chiapas.<\/p>\n\n\n\n<p class=\"wp-block-paragraph\">226. Norma G. Escamilla Barrientos &#8211; CDMX<\/p>\n\n\n\n<p class=\"wp-block-paragraph\">227. Rosa Mar\u00eda Hern\u00e1ndez Rodr\u00edguez CDMX<\/p>\n\n\n\n<p class=\"wp-block-paragraph\">228. Isabel Jim\u00e9nez Maldonado \u2013 Aguascalientes<\/p>\n\n\n\n<p class=\"wp-block-paragraph\">229. Isabel Encerrado<\/p>\n\n\n\n<p class=\"wp-block-paragraph\">230. Mar\u00eda del Carmen Ordaz &#8211; Zacatecas<\/p>\n\n\n\n<p class=\"wp-block-paragraph\">231. Claudia Alejandra Molina Villegas<\/p>\n\n\n\n<p class=\"wp-block-paragraph\">232. Mar\u00eda Luisa Sosa &#8211; Zacatecas<\/p>\n\n\n\n<p class=\"wp-block-paragraph\">233. Ver\u00f3nica Terrazas Aragonez &#8211; Chihuahua<\/p>\n\n\n\n<p class=\"wp-block-paragraph\">234. Edeni Rodr\u00edguez Rodr\u00edguez &#8211; Chihuahua<\/p>\n\n\n\n<p class=\"wp-block-paragraph\">235. Luisiana Carrillo Torres<\/p>\n\n\n\n<p class=\"wp-block-paragraph\">236. Azucena Sol\u00eds Sabanero<\/p>\n\n\n\n<p class=\"wp-block-paragraph\">237. -Aleida Quintana \u2013Quer\u00e9taro<\/p>\n\n\n\n<p class=\"wp-block-paragraph\">238. Mar\u00eda Elena Ortiz Garc\u00eda<\/p>\n\n\n\n<p class=\"wp-block-paragraph\">239. M\u00f3nica Mendoza Madrigal<\/p>\n\n\n\n<p class=\"wp-block-paragraph\">240. Edurne Ochoa<\/p>\n\n\n\n<p class=\"wp-block-paragraph\">241. Geovanny P\u00e9rez L\u00f3pez<\/p>\n\n\n\n<p class=\"wp-block-paragraph\">242. Brenda Ver\u00f3nica San Rom\u00e1n Thompson<\/p>\n\n\n\n<p class=\"wp-block-paragraph\">243. Dania Brizeida Alderete Montes &#8211; Sin Violencia A.C.<\/p>\n\n\n\n<p class=\"wp-block-paragraph\">244. Jahzziel Aguirre Reyes -Mukira G\u00e9nero y Buenas Pr\u00e1cticas A.C.<\/p>\n\n\n\n<p class=\"wp-block-paragraph\">245. Luisa Yesenia Cortes Guerra -Mujeres Barzonistas de Chihuahua<\/p>\n\n\n\n<p class=\"wp-block-paragraph\">246. Alejandra Acosta<\/p>\n\n\n\n<p class=\"wp-block-paragraph\">247. Dennise Sarahi Franklyn Andeola<\/p>\n\n\n\n<p class=\"wp-block-paragraph\">248. Briggitte Madrid Soto<\/p>\n\n\n\n<p class=\"wp-block-paragraph\">249. Mar\u00eda Lilian De la Riva Casillas<\/p>\n\n\n\n<p class=\"wp-block-paragraph\">250. Mar\u00eda Guadalupe Chaquiroff Estrada<\/p>\n\n\n\n<p class=\"wp-block-paragraph\">251. Melissa Adriana Ca\u00f1ez Romero<\/p>\n\n\n\n<p class=\"wp-block-paragraph\">252. Ana F\u00e1tima L\u00f3pez Iturr\u00edos<\/p>\n\n\n\n<p class=\"wp-block-paragraph\">253. Arely Torres Miranda<\/p>\n\n\n\n<p class=\"wp-block-paragraph\">254. Mar\u00eda Elena Ayala<\/p>\n\n\n\n<p class=\"wp-block-paragraph\">255. Rosa Mar\u00eda S\u00e1enz<\/p>\n\n\n\n<p class=\"wp-block-paragraph\">256. Paulina Ivonne Olvera Hern\u00e1ndez<\/p>\n\n\n\n<p class=\"wp-block-paragraph\">257. Wendy Nayeli Mej\u00eda Navarrete<\/p>\n\n\n\n<p class=\"wp-block-paragraph\">258. Yunuen Castillo Menchaca<\/p>\n\n\n\n<p class=\"wp-block-paragraph\">259. Laura Salgado Espinoza<\/p>\n\n\n\n<p class=\"wp-block-paragraph\">260. Tamara Quiroz Guzm\u00e1n<\/p>\n\n\n\n<p class=\"wp-block-paragraph\">261. Emma Salda\u00f1a Lobera<\/p>\n\n\n\n<p class=\"wp-block-paragraph\">262. Graciela Ramos Carrasco<\/p>\n\n\n\n<p class=\"wp-block-paragraph\">263. Lucha Castro &#8211; Chihuahua<\/p>\n\n\n\n<p class=\"wp-block-paragraph\">264. Dalia Banda Flores \u2013 Quer\u00e9taro<\/p>\n\n\n\n<p class=\"wp-block-paragraph\">265. Yalia Teresa Escoto Marker -Colima<\/p>\n\n\n\n<p class=\"wp-block-paragraph\">266. Jovana Espinosa Orta \u2013 Quer\u00e9taro<\/p>\n\n\n\n<p class=\"wp-block-paragraph\">267. Marcela Robles Villela &#8211; Quer\u00e9taro<\/p>\n\n\n\n<p class=\"wp-block-paragraph\">268. Mayiniael L\u00f3pez Murrieta \u2013 Quer\u00e9taro<\/p>\n\n\n\n<p class=\"wp-block-paragraph\">269. Nancy Villegas Garc\u00eda \u2013 Quer\u00e9taro<\/p>\n\n\n\n<p class=\"wp-block-paragraph\">270. Mar\u00eda de los Dolores L\u00f3pez Esparza \u2013 CDMX<\/p>\n\n\n\n<p class=\"wp-block-paragraph\">271. Cynthia K. Bitar Tess\u00e1n \u2013 Tamaulipas<\/p>\n\n\n\n<p class=\"wp-block-paragraph\">272. Eva P\u00e9rez G\u00f3mez \u2013 CDMX<\/p>\n\n\n\n<p class=\"wp-block-paragraph\">273. Leticia Burgos Ochoa \u2013 Sonora<\/p>\n\n\n\n<p class=\"wp-block-paragraph\">274. Aurea Ortiz Reyes \u2013 Sonora<\/p>\n\n\n\n<p class=\"wp-block-paragraph\">275. Sylvia Marcos &#8211; Morelos<\/p>\n","protected":false},"excerpt":{"rendered":"<p>Desparecen los recursos para la igualdad entre mujeres y hombres: \u00a084 por ciento para programas asistenciales y administrativos y los de AMLO.<\/p>\n","protected":false},"author":3,"featured_media":40946,"comment_status":"open","ping_status":"open","sticky":false,"template":"","format":"standard","meta":{"_monsterinsights_skip_tracking":false,"footnotes":""},"categories":[692,54],"tags":[149],"class_list":["post-40945","post","type-post","status-publish","format-standard","has-post-thumbnail","category-692","category-mujeres","tag-mujeres"],"_links":{"self":[{"href":"https:\/\/redsemlac.com\/semmexico\/wp-json\/wp\/v2\/posts\/40945","targetHints":{"allow":["GET"]}}],"collection":[{"href":"https:\/\/redsemlac.com\/semmexico\/wp-json\/wp\/v2\/posts"}],"about":[{"href":"https:\/\/redsemlac.com\/semmexico\/wp-json\/wp\/v2\/types\/post"}],"author":[{"embeddable":true,"href":"https:\/\/redsemlac.com\/semmexico\/wp-json\/wp\/v2\/users\/3"}],"replies":[{"embeddable":true,"href":"https:\/\/redsemlac.com\/semmexico\/wp-json\/wp\/v2\/comments?post=40945"}],"version-history":[{"count":0,"href":"https:\/\/redsemlac.com\/semmexico\/wp-json\/wp\/v2\/posts\/40945\/revisions"}],"wp:featuredmedia":[{"embeddable":true,"href":"https:\/\/redsemlac.com\/semmexico\/wp-json\/wp\/v2\/media\/40946"}],"wp:attachment":[{"href":"https:\/\/redsemlac.com\/semmexico\/wp-json\/wp\/v2\/media?parent=40945"}],"wp:term":[{"taxonomy":"category","embeddable":true,"href":"https:\/\/redsemlac.com\/semmexico\/wp-json\/wp\/v2\/categories?post=40945"},{"taxonomy":"post_tag","embeddable":true,"href":"https:\/\/redsemlac.com\/semmexico\/wp-json\/wp\/v2\/tags?post=40945"}],"curies":[{"name":"wp","href":"https:\/\/api.w.org\/{rel}","templated":true}]}}