{"id":40942,"date":"2021-10-14T11:20:02","date_gmt":"2021-10-14T17:20:02","guid":{"rendered":"https:\/\/redsemlac.com\/semmexico\/?p=40942"},"modified":"2023-07-21T17:07:55","modified_gmt":"2023-07-21T22:07:55","slug":"el-alfonso-reyes-2021-es-para-liliana-irene-weinberg-marchevsky","status":"publish","type":"post","link":"https:\/\/redsemlac.com\/semmexico\/el-alfonso-reyes-2021-es-para-liliana-irene-weinberg-marchevsky\/","title":{"rendered":"El Alfonso Reyes 2021 es para Liliana Irene Weinberg Marchevsky"},"content":{"rendered":"\n<ul class=\"wp-block-list\"><li><strong>Escritora, editora e investigadora argentina naturalizada mexicana<\/strong><strong><\/strong><\/li><\/ul>\n\n\n\n<p class=\"wp-block-paragraph\"><strong>Micaela M\u00e1rquez<\/strong><\/p>\n\n\n\n<p class=\"wp-block-paragraph\">SemM\u00e9xico, Cd. de M\u00e9xico, 14 de octubre 2021.- Liliana Irene Weinberg Marchevsky es la ganadora del Premio Internacional&nbsp;Alfonso Reyes&nbsp;2021 por su trayectoria, su vasta obra innovadora y promoci\u00f3n del genero ensay\u00edstico.<\/p>\n\n\n\n<p class=\"wp-block-paragraph\">El premio es \u00fanico e indivisible, consiste en un diploma y 300 mil pesos mexicanos y la ceremonia de premiaci\u00f3n se realizar\u00e1 el 19 de noviembre de 2021 en Monterrey, Nuevo Le\u00f3n.<\/p>\n\n\n\n<p class=\"wp-block-paragraph\">La escritora, editora e investigadora argentina naturalizada mexicana fue reconocida por unanimidad por el jurado el pasado 6 de octubre tras revisar las postulaciones presentadas en este certamen en el marco de la campa\u00f1a \u201cContigo a la Distancia\u201d.<br><br>As\u00ed lo dio a conocer la Secretar\u00eda de Cultura y el Instituto Nacional de Bellas Artes y Literatura (INBAL), a trav\u00e9s de la Coordinaci\u00f3n Nacional de Literatura (CNL), en conjunto con la Universidad Aut\u00f3noma de Nuevo Le\u00f3n (UANL), por medio de su Secretar\u00eda de Extensi\u00f3n y Cultura, y la Sociedad Alfonsina Internacional (SAI).<\/p>\n\n\n\n<p class=\"wp-block-paragraph\"><br>En el acta de deliberaci\u00f3n, la y los integrantes del jurado afirman que la investigadora, editora, especialista en cr\u00edtica de ensayo hispanoamericano y estudiosa de la obra de Alfonso Reyes es considerada la mayor autoridad acad\u00e9mica sobre este g\u00e9nero.<\/p>\n\n\n\n<p class=\"wp-block-paragraph\">Liliana Weinberg refiere que el Premio Internacional&nbsp;\u201cAlfonso Reyes\u201d&nbsp;lo han recibido personalidades a quienes admira y lee con devoci\u00f3n. Afirma que este galard\u00f3n le representa un doble honor por llevar el nombre de Alfonso Reyes, \u201cun autor con el cual siento una gran afinidad literaria y vital, quien me ha guiado en los caminos de la prosa y con cuya obra he entablado desde hace tantos a\u00f1os un intenso di\u00e1logo\u201d.&nbsp;<br><br><\/p>\n\n\n\n<p class=\"wp-block-paragraph\">Weinberg explica que considera a Alfonso Reyes \u201cun maestro de la prosa; un modelo para la inteligencia americana; un prometeico vinculador de mundos; un fundador de grandes iniciativas intelectuales, de proyectos editoriales, de instituciones culturales, y un amigo con quien he estado en di\u00e1logo constante a lo largo de toda una vida dedicada a escribir y pensar el ensayo\u201d.&nbsp;<br><br>Weinberg Marchevsky es doctora en Letras Hisp\u00e1nicas por El Colegio de M\u00e9xico e investigadora titular del Centro de Investigaciones sobre Am\u00e9rica Latina y el Caribe de la Universidad Nacional Aut\u00f3noma de M\u00e9xico (UNAM), donde tambi\u00e9n es docente en la Facultad de Filosof\u00eda y Letras.&nbsp;Miembro de n\u00famero de la Academia Mexicana de la Lengua, as\u00ed como integrante de la Academia Mexicana de Ciencias y del Sistema Nacional de Investigadores.<\/p>\n\n\n\n<p class=\"wp-block-paragraph\">Forma parte de la C\u00e1tedra&nbsp;Alfonso Reyes. Sus ensayos y estudios cr\u00edticos han abierto nuevas v\u00edas para la interpretaci\u00f3n de autores como Jos\u00e9 Mart\u00ed, Jorge Luis Borges, Octavio Paz, Carlos Fuentes y Rosario Castellanos.&nbsp;Es autora de los libros\u201dEl ensayo, entre el para\u00edso y el infierno\u201d(2001<em>)<\/em>,<em>&nbsp;\u201c<\/em>Situaci\u00f3n del ensayo\u201d(2006),<em>&nbsp;\u201c<\/em>Pensar el ensayo\u201d(2007)y<em>&nbsp;\u201c<\/em>El ensayo en busca del sentido\u201d(2014), entre otros.&nbsp;<br><br>Ha recibido numerosos galardones, como la Distinci\u00f3n Universidad Nacional para J\u00f3venes Acad\u00e9micos en el \u00e1rea de Investigaci\u00f3n en Humanidades (1995), el Premio Anual de Ensayo Literario Hispanoamericano&nbsp;Lya Kostakowsky&nbsp;(1997) y el reconocimiento&nbsp;Sor Juana In\u00e9s de la Cruz&nbsp;(2005). En 2011, la Universidad Nacional y Kapodistr\u00edaca de Atenas le otorg\u00f3 el doctorado \u201chonoris causa\u201d.&nbsp;<\/p>\n","protected":false},"excerpt":{"rendered":"<p>Escritora, editora e investigadora argentina naturalizada mexicana<\/p>\n","protected":false},"author":3,"featured_media":40943,"comment_status":"open","ping_status":"open","sticky":false,"template":"","format":"standard","meta":{"_monsterinsights_skip_tracking":false,"footnotes":""},"categories":[692,54],"tags":[],"class_list":["post-40942","post","type-post","status-publish","format-standard","has-post-thumbnail","category-692","category-mujeres"],"_links":{"self":[{"href":"https:\/\/redsemlac.com\/semmexico\/wp-json\/wp\/v2\/posts\/40942","targetHints":{"allow":["GET"]}}],"collection":[{"href":"https:\/\/redsemlac.com\/semmexico\/wp-json\/wp\/v2\/posts"}],"about":[{"href":"https:\/\/redsemlac.com\/semmexico\/wp-json\/wp\/v2\/types\/post"}],"author":[{"embeddable":true,"href":"https:\/\/redsemlac.com\/semmexico\/wp-json\/wp\/v2\/users\/3"}],"replies":[{"embeddable":true,"href":"https:\/\/redsemlac.com\/semmexico\/wp-json\/wp\/v2\/comments?post=40942"}],"version-history":[{"count":0,"href":"https:\/\/redsemlac.com\/semmexico\/wp-json\/wp\/v2\/posts\/40942\/revisions"}],"wp:featuredmedia":[{"embeddable":true,"href":"https:\/\/redsemlac.com\/semmexico\/wp-json\/wp\/v2\/media\/40943"}],"wp:attachment":[{"href":"https:\/\/redsemlac.com\/semmexico\/wp-json\/wp\/v2\/media?parent=40942"}],"wp:term":[{"taxonomy":"category","embeddable":true,"href":"https:\/\/redsemlac.com\/semmexico\/wp-json\/wp\/v2\/categories?post=40942"},{"taxonomy":"post_tag","embeddable":true,"href":"https:\/\/redsemlac.com\/semmexico\/wp-json\/wp\/v2\/tags?post=40942"}],"curies":[{"name":"wp","href":"https:\/\/api.w.org\/{rel}","templated":true}]}}