{"id":40932,"date":"2021-10-14T11:08:01","date_gmt":"2021-10-14T17:08:01","guid":{"rendered":"https:\/\/redsemlac.com\/semmexico\/?p=40932"},"modified":"2023-07-21T17:07:56","modified_gmt":"2023-07-21T22:07:56","slug":"atencion-oportuna-ofrece-el-imss-en-pacientes-con-cancer-de-mama","status":"publish","type":"post","link":"https:\/\/redsemlac.com\/semmexico\/atencion-oportuna-ofrece-el-imss-en-pacientes-con-cancer-de-mama\/","title":{"rendered":"Atenci\u00f3n oportuna ofrece el IMSS en pacientes con c\u00e1ncer de mama"},"content":{"rendered":"\n<ul class=\"wp-block-list\"><li><strong>Entrega resultados en 20 d\u00edas y en caso de presencia de la enfermedad se inicia de forma inmediata el tratamiento<\/strong><\/li><\/ul>\n\n\n\n<ul class=\"wp-block-list\"><li><strong> La detecci\u00f3n de c\u00e1ncer de mam\u00e1 por mastograf\u00eda a partir de los 40 a\u00f1os de edad<\/strong><\/li><\/ul>\n\n\n\n<p class=\"wp-block-paragraph\"><strong>Patricia Brise\u00f1o<\/strong><\/p>\n\n\n\n<p class=\"wp-block-paragraph\">SemM\u00e9xico, Oaxaca, 14 de octubre, 2021.- Las derechohabientes del Instituto Mexicano del Seguro Social (IMSS) que se realizan estudios para prevenir y detectar c\u00e1ncer de mama, en menos de 20 d\u00edas reciben su diagn\u00f3stico, y si los resultados confirman la presencia de la enfermedad cr\u00f3nica, se inicia el tratamiento en las unidades de tercer nivel de atenci\u00f3n.<\/p>\n\n\n\n<p class=\"wp-block-paragraph\">En el \u201cMes de Sensibilizaci\u00f3n del C\u00e1ncer de Mama\u201d, que se celebra en todo el mundo cada octubre, aumentando la atenci\u00f3n y el apoyo prestados a la concientizaci\u00f3n, detecci\u00f3n temprana, tratamiento y cuidados paliativos, el IMSS resalt\u00f3 que la autoexploraci\u00f3n se debe realizar a partir de los 18 a\u00f1os, una vez al mes.<\/p>\n\n\n\n<p class=\"wp-block-paragraph\">A trav\u00e9s de un comunicado, la instituci\u00f3n del sector salud inform\u00f3 que la detecci\u00f3n de c\u00e1ncer de mam\u00e1 por mastograf\u00eda se realiza a partir de los 40 a\u00f1os de edad.<\/p>\n\n\n\n<p class=\"wp-block-paragraph\">&nbsp;\u201cSi al realizarse la mastograf\u00eda existe alguna sospecha en la misma, las pacientes pasar\u00e1n de inmediato a una evaluaci\u00f3n cl\u00ednica con el m\u00e9dico especialista, un ultrasonido complementario. Y de ser necesario se toma la biopsia con equipo altamente especializado, como es el mast\u00f3grafo con estereotaxia\u201d, refiri\u00f3.<\/p>\n\n\n\n<p class=\"wp-block-paragraph\">Asegur\u00f3 que en menos de 20 d\u00edas las pacientes con c\u00e1ncer de mama en estas unidades reciben la confirmaci\u00f3n diagn\u00f3stica para iniciar su tratamiento, por lo que exhort\u00f3 a las derechohabientes a acudir a su Unidad de Medicina Familiar que les corresponda a realizar sus estudios.<\/p>\n\n\n\n<p class=\"wp-block-paragraph\">\u201cEs muy importante la detecci\u00f3n del c\u00e1ncer de mama, ya que si se detecta oportunamente es curable y el d\u00eda de hoy es la primera causa de muerte por c\u00e1ncer en la mujer\u201d, finaliz\u00f3.<\/p>\n\n\n\n<p class=\"wp-block-paragraph\">SEM\/pb<\/p>\n","protected":false},"excerpt":{"rendered":"<p> La detecci\u00f3n de c\u00e1ncer de mam\u00e1 por mastograf\u00eda a partir de los 40 a\u00f1os de edad<\/p>\n","protected":false},"author":3,"featured_media":40933,"comment_status":"open","ping_status":"open","sticky":false,"template":"","format":"standard","meta":{"_monsterinsights_skip_tracking":false,"footnotes":""},"categories":[692,51],"tags":[],"class_list":["post-40932","post","type-post","status-publish","format-standard","has-post-thumbnail","category-692","category-ejecutivo"],"_links":{"self":[{"href":"https:\/\/redsemlac.com\/semmexico\/wp-json\/wp\/v2\/posts\/40932","targetHints":{"allow":["GET"]}}],"collection":[{"href":"https:\/\/redsemlac.com\/semmexico\/wp-json\/wp\/v2\/posts"}],"about":[{"href":"https:\/\/redsemlac.com\/semmexico\/wp-json\/wp\/v2\/types\/post"}],"author":[{"embeddable":true,"href":"https:\/\/redsemlac.com\/semmexico\/wp-json\/wp\/v2\/users\/3"}],"replies":[{"embeddable":true,"href":"https:\/\/redsemlac.com\/semmexico\/wp-json\/wp\/v2\/comments?post=40932"}],"version-history":[{"count":0,"href":"https:\/\/redsemlac.com\/semmexico\/wp-json\/wp\/v2\/posts\/40932\/revisions"}],"wp:featuredmedia":[{"embeddable":true,"href":"https:\/\/redsemlac.com\/semmexico\/wp-json\/wp\/v2\/media\/40933"}],"wp:attachment":[{"href":"https:\/\/redsemlac.com\/semmexico\/wp-json\/wp\/v2\/media?parent=40932"}],"wp:term":[{"taxonomy":"category","embeddable":true,"href":"https:\/\/redsemlac.com\/semmexico\/wp-json\/wp\/v2\/categories?post=40932"},{"taxonomy":"post_tag","embeddable":true,"href":"https:\/\/redsemlac.com\/semmexico\/wp-json\/wp\/v2\/tags?post=40932"}],"curies":[{"name":"wp","href":"https:\/\/api.w.org\/{rel}","templated":true}]}}